{"id":4474,"date":"2000-12-08T12:28:00","date_gmt":"2000-12-08T11:28:00","guid":{"rendered":"https:\/\/www.siegfriedhagl.com\/?page_id=4474"},"modified":"2024-06-26T14:50:11","modified_gmt":"2024-06-26T13:50:11","slug":"die-epoche-des-zweiten-kaiserreiches","status":"publish","type":"post","link":"https:\/\/www.siegfriedhagl.com\/it\/storia\/lepoca-del-secondo-impero\/","title":{"rendered":"L&#039;epoca del Secondo Impero"},"content":{"rendered":"<blockquote><p>(Pubblicato su GralsWelt 17\/2000)<\/p><\/blockquote>\n<p>Nella seconda met\u00e0 del 19\u00b0 secolo, l&#039;Europa raggiunse l&#039;apice della sua importanza nel mondo:<br \/>\nLa scienza e la cultura europee sembravano sulla buona strada per definire la &quot;cultura mondiale&quot;.<br \/>\nIl cristianesimo voleva anche convertire i restanti popoli alla sua fede. Tuttavia, le chiese cristiane erano divise in centinaia di denominazioni e il comportamento di molti cristiani non era una raccomandazione per la loro religione.<\/p>\n<p>Il \"mondo civilizzato\" (che comprendeva l'Europa e il Nord America in particolare) voleva dominare i \"nativi\" e i \"popoli coloniali\" (comprese antiche civilt\u00e0 come l'India e la Cina). Questo era pi\u00f9 evidente in Africa. Questa era in gran parte divisa tra le nazioni europee e le loro zone di influenza.<\/p>\n<p>Perch\u00e9 tutti gli stati aspiravano a colonie che promettessero manodopera a basso costo, materie prime a buon mercato e mercati per la sovrapproduzione interna.<br \/>\nInghilterra, Francia, Belgio, Paesi Bassi, Spagna e Portogallo in particolare contano come potenze coloniali; da qualche decennio anche Germania e Italia. Viene spesso trascurato che la Siberia e il Caucaso fossero colonie russe, le Filippine fossero colonie statunitensi e ad es. T. lo sono ancora.<\/p>\n<p>L&#039;Europa e gli Stati Uniti hanno condiviso valori; entrambi si sentivano impegnati nell&#039;etica cristiana, per esempio.<br \/>\nLa maggior parte degli stati europei erano monarchie illuminate con parlamenti la cui influenza aument\u00f2, avvicinandoli politicamente agli Stati Uniti democratici. Ma c&#039;erano ancora rappresaglie contro i dissidenti politici e l&#039;oppressione delle minoranze etniche (ad esempio in Russia), cos\u00ec che gli emigranti continuavano a cercare una vita migliore all&#039;estero per motivi politici o economici.<\/p>\n<p>Le guerre erano considerate mezzi legittimi di stati sovrani; ci\u00f2 che non \u00e8 stato risolto sulla scena diplomatica \u00e8 stato combattuto sul &quot;campo d&#039;onore&quot;. Quasi ogni anno c&#039;era guerra o rivolta da qualche parte nel mondo.<\/p>\n<p>L'economia si svilupp\u00f2. Oltre ai settori economici \"classici\" come l'edilizia, l'industria mineraria, l'agricoltura, la cantieristica e l'industria tessile, l'ingegneria meccanica, la chimica e l'elettrotecnica assunsero un'importanza crescente. Le scoperte pi\u00f9 importanti dell'epoca furono forse quelle della microbiologia, che dopo il 1870 riconobbe finalmente le cause delle malattie infettive e trov\u00f2 il modo di prevenire le epidemie.<\/p>\n<p>Una fase preliminare dell&#039;odierna &quot;economia mondiale&quot; era praticata da potenze coloniali come la Gran Bretagna, e in Inghilterra si celebrava la &quot;libera economia&quot;, mentre altri stati, incluso il Reich tedesco, proteggevano le loro fabbriche dalla sgradita concorrenza straniera con le tariffe.<br \/>\nNegli Stati Uniti in particolare sorsero monopoli che miravano al potere di mercato totale e in alcuni casi dovevano essere contenuti con misure legali.<\/p>\n<p>In Europa come negli Stati Uniti, anche le idee socialiste acquisirono influenza politica. Sono emersi movimenti sindacali, scioperi e serrate hanno indurito il rapporto tra &quot;lavoratori&quot; e &quot;proprietari di fabbrica&quot; nella lotta per l&#039;equilibrio sociale, e ci \u00e8 voluto del tempo prima che gli scioperi fossero riconosciuti come legittimi e non potessero pi\u00f9 essere repressi violentemente.<\/p>\n<p>Tutte queste tensioni sono emerse negli ultimi decenni del 19\u00b0 secolo. Hanno prefigurato i problemi del prossimo XX secolo:<br \/>\n* Il conflitto tra capitale e lavoro previsto da Karl Marx (1818-1883).<br \/>\n* La rivoluzione socialista.<br \/>\n* Guerra per i mercati di vendita.<br \/>\n* Lotta di potere tra aziende e sindacati.<br \/>\n* Una \"guerra mondiale per le materie prime\".<br \/>\n* La \"battaglia per lo spazio\" prevista dai nazionalisti.<\/p>\n<p>Nell&#039;Europa centrale, i gi\u00e0 instabili equilibri di potere tra gli stati erano ulteriormente tesi: dopo la sua unificazione nel 1871, il Reich tedesco si svilupp\u00f2 in una potenza militare ed economica di primo piano che rivendicava colonie e rivendicava il suo legittimo posto nel concerto delle grandi potenze .<\/p>\n<p>La concorrenza economica tra gli Stati divenne sempre pi\u00f9 feroce. La base economica si fondava ancora principalmente sulle materie prime reperibili sul territorio nazionale, come il carbone e l'acciaio. Tuttavia, era prevedibile che i prodotti importati, come la gomma e il petrolio grezzo, sarebbero diventati sempre pi\u00f9 importanti. Ogni grande potenza doveva assicurarsi l'accesso a queste risorse per affermarsi.<\/p>\n<p>Pertanto, gli obiettivi economici e politici delle nazioni si sovrapponevano. Vincoli economici, slogan politici, lotta per il potere, tensioni sociali, animosit\u00e0 tra i popoli sono stati sfruttati dai propagandisti di tutti gli stati per i loro scopi. I capi di stato responsabili erano solitamente sopraffatti dalla variet\u00e0 di interessi, opinioni e problemi.<\/p>\n<p>I singoli cittadini erano per lo pi\u00f9 inconsapevoli di queste sfide globali; si \u00e8 concentrato sul suo ambiente personale. I governi non hanno richiesto alcun &quot;processo decisionale politico&quot; come \u00e8 auspicabile nelle democrazie moderne; perch\u00e9 molti capi di stato ancora pensavano aristocraticamente e si orientavano alla politica di gabinetto del 18\u00b0 secolo.<\/p>\n<p>In questo modo, anche in Germania, la gente ha soppresso quanto fosse instabile la situazione e quanto fosse in pericolo il potente e sicuro di s\u00e9 del Reich tedesco. Anche l&#039;imperatore Guglielmo II, che fu incoronato nel 1888, non cap\u00ec n\u00e9 la difficile via dell&#039;unit\u00e0 tedesca n\u00e9 la complicata situazione di un grande impero appena nato nel cuore dell&#039;Europa e guardato con sospetto.<\/p>\n<p>Anche altri stati erano sotto pressione:<br \/>\nIn Russia, le riforme attese non si concretizzarono e i patrioti miopi vollero coprire le difficolt\u00e0 interne con una guerra.<br \/>\nL&#039;Austria-Ungheria ha minacciato di crollare sotto la spinta all&#039;indipendenza delle sue varie nazionalit\u00e0.<br \/>\nLa Francia grid\u00f2 vendetta per la sconfitta nella guerra franco-prussiana del 1870-71.<br \/>\nL&#039;Inghilterra aveva problemi nelle colonie e la sua industria sentiva la concorrenza tedesca.<br \/>\nI nazionalisti italiani chiedevano l&#039;&quot;Alto Adige&quot; (Alto Adige).<br \/>\nL&#039;Irlanda voleva diventare indipendente.<br \/>\nI Balcani erano una polveriera.<\/p>\n<p>Il cieco nazionalismo ha soppresso la consapevolezza che tutti i popoli europei condividono una cultura comune e che solo una cooperazione pacifica promette loro un futuro luminoso.<\/p>\n<p>Poi i responsabili delle decisioni, assorbiti dai problemi del giorno, barcollarono semiciechi nel processo <a href=\"https:\/\/www.siegfriedhagl.com\/it\/storia\/la-catastrofe-primordiale-del-20esimo-secolo\/\">&quot;Catastrofe primordiale del 20\u00b0 secolo&quot;<\/a>. (Vedi sotto &quot;Cronologia&quot;).<\/p>\n<p>Leggi anche &quot;<a href=\"https:\/\/www.siegfriedhagl.com\/it\/storia\/weimar-non-doveva-fallire\/\">Weimar non doveva fallire<\/a>\" sotto \"Storia\".<\/p>","protected":false},"excerpt":{"rendered":"<p>(Ver\u00f6ffentlicht in GralsWelt 17\/2000) In der zweiten H\u00e4lfte des 19. Jahrhunderts erlangte Europa den H\u00f6hepunkt seiner Bedeutung in der Welt: Europ\u00e4ische Wissenschaft und Kultur schienen auf bestem Weg, die \u201eWeltkultur\u201c zu bestimmen. Auch das Christentum wollte die noch ausstehenden V\u00f6lker zu seinem Glauben bekehren. Allerdings waren die christlichen Kirchen in Hunderte von Bekenntnissen zerstritten, und [&hellip;]<\/p>\n","protected":false},"author":2,"featured_media":0,"comment_status":"closed","ping_status":"open","sticky":false,"template":"","format":"standard","meta":{"footnotes":""},"categories":[8],"tags":[],"class_list":["post-4474","post","type-post","status-publish","format-standard","hentry","category-geschichte"],"yoast_head":"<!-- This site is optimized with the Yoast SEO plugin v27.5 - https:\/\/yoast.com\/product\/yoast-seo-wordpress\/ -->\n<title>Die Epoche des Zweiten Kaiserreiches &#8211; SiegfriedHagl.com<\/title>\n<meta name=\"robots\" content=\"index, follow, max-snippet:-1, max-image-preview:large, max-video-preview:-1\" \/>\n<link rel=\"canonical\" href=\"https:\/\/www.siegfriedhagl.com\/it\/storia\/lepoca-del-secondo-impero\/\" \/>\n<meta property=\"og:locale\" content=\"it_IT\" \/>\n<meta property=\"og:type\" content=\"article\" \/>\n<meta property=\"og:title\" content=\"Die Epoche des Zweiten Kaiserreiches &#8211; SiegfriedHagl.com\" \/>\n<meta property=\"og:description\" content=\"(Ver\u00f6ffentlicht in GralsWelt 17\/2000) In der zweiten H\u00e4lfte des 19. Jahrhunderts erlangte Europa den H\u00f6hepunkt seiner Bedeutung in der Welt: Europ\u00e4ische Wissenschaft und Kultur schienen auf bestem Weg, die \u201eWeltkultur\u201c zu bestimmen. Auch das Christentum wollte die noch ausstehenden V\u00f6lker zu seinem Glauben bekehren. Allerdings waren die christlichen Kirchen in Hunderte von Bekenntnissen zerstritten, und [&hellip;]\" \/>\n<meta property=\"og:url\" content=\"https:\/\/www.siegfriedhagl.com\/it\/storia\/lepoca-del-secondo-impero\/\" \/>\n<meta property=\"og:site_name\" content=\"SiegfriedHagl.com\" \/>\n<meta property=\"article:published_time\" content=\"2000-12-08T11:28:00+00:00\" \/>\n<meta property=\"article:modified_time\" content=\"2024-06-26T13:50:11+00:00\" \/>\n<meta name=\"author\" content=\"siegfriedhagl\" \/>\n<meta name=\"twitter:card\" content=\"summary_large_image\" \/>\n<meta name=\"twitter:label1\" content=\"Scritto da\" \/>\n\t<meta name=\"twitter:data1\" content=\"siegfriedhagl\" \/>\n\t<meta name=\"twitter:label2\" content=\"Tempo di lettura stimato\" \/>\n\t<meta name=\"twitter:data2\" content=\"5 minuti\" \/>\n<script type=\"application\/ld+json\" class=\"yoast-schema-graph\">{\"@context\":\"https:\\\/\\\/schema.org\",\"@graph\":[{\"@type\":\"Article\",\"@id\":\"https:\\\/\\\/www.siegfriedhagl.com\\\/geschichte\\\/die-epoche-des-zweiten-kaiserreiches\\\/#article\",\"isPartOf\":{\"@id\":\"https:\\\/\\\/www.siegfriedhagl.com\\\/geschichte\\\/die-epoche-des-zweiten-kaiserreiches\\\/\"},\"author\":{\"name\":\"siegfriedhagl\",\"@id\":\"https:\\\/\\\/www.siegfriedhagl.com\\\/#\\\/schema\\\/person\\\/263c4a916fa13b3e7eda58f6c8c2695f\"},\"headline\":\"Die Epoche des Zweiten Kaiserreiches\",\"datePublished\":\"2000-12-08T11:28:00+00:00\",\"dateModified\":\"2024-06-26T13:50:11+00:00\",\"mainEntityOfPage\":{\"@id\":\"https:\\\/\\\/www.siegfriedhagl.com\\\/geschichte\\\/die-epoche-des-zweiten-kaiserreiches\\\/\"},\"wordCount\":911,\"publisher\":{\"@id\":\"https:\\\/\\\/www.siegfriedhagl.com\\\/#\\\/schema\\\/person\\\/263c4a916fa13b3e7eda58f6c8c2695f\"},\"articleSection\":[\"Geschichte\\\/Historik\"],\"inLanguage\":\"it-IT\"},{\"@type\":\"WebPage\",\"@id\":\"https:\\\/\\\/www.siegfriedhagl.com\\\/geschichte\\\/die-epoche-des-zweiten-kaiserreiches\\\/\",\"url\":\"https:\\\/\\\/www.siegfriedhagl.com\\\/geschichte\\\/die-epoche-des-zweiten-kaiserreiches\\\/\",\"name\":\"Die Epoche des Zweiten Kaiserreiches &#8211; SiegfriedHagl.com\",\"isPartOf\":{\"@id\":\"https:\\\/\\\/www.siegfriedhagl.com\\\/#website\"},\"datePublished\":\"2000-12-08T11:28:00+00:00\",\"dateModified\":\"2024-06-26T13:50:11+00:00\",\"breadcrumb\":{\"@id\":\"https:\\\/\\\/www.siegfriedhagl.com\\\/geschichte\\\/die-epoche-des-zweiten-kaiserreiches\\\/#breadcrumb\"},\"inLanguage\":\"it-IT\",\"potentialAction\":[{\"@type\":\"ReadAction\",\"target\":[\"https:\\\/\\\/www.siegfriedhagl.com\\\/geschichte\\\/die-epoche-des-zweiten-kaiserreiches\\\/\"]}]},{\"@type\":\"BreadcrumbList\",\"@id\":\"https:\\\/\\\/www.siegfriedhagl.com\\\/geschichte\\\/die-epoche-des-zweiten-kaiserreiches\\\/#breadcrumb\",\"itemListElement\":[{\"@type\":\"ListItem\",\"position\":1,\"name\":\"Startseite\",\"item\":\"https:\\\/\\\/www.siegfriedhagl.com\\\/\"},{\"@type\":\"ListItem\",\"position\":2,\"name\":\"Die Epoche des Zweiten Kaiserreiches\"}]},{\"@type\":\"WebSite\",\"@id\":\"https:\\\/\\\/www.siegfriedhagl.com\\\/#website\",\"url\":\"https:\\\/\\\/www.siegfriedhagl.com\\\/\",\"name\":\"SiegfriedHagl.com\",\"description\":\"Artikel und Blog von Siegfried Hagl\",\"publisher\":{\"@id\":\"https:\\\/\\\/www.siegfriedhagl.com\\\/#\\\/schema\\\/person\\\/263c4a916fa13b3e7eda58f6c8c2695f\"},\"potentialAction\":[{\"@type\":\"SearchAction\",\"target\":{\"@type\":\"EntryPoint\",\"urlTemplate\":\"https:\\\/\\\/www.siegfriedhagl.com\\\/?s={search_term_string}\"},\"query-input\":{\"@type\":\"PropertyValueSpecification\",\"valueRequired\":true,\"valueName\":\"search_term_string\"}}],\"inLanguage\":\"it-IT\"},{\"@type\":[\"Person\",\"Organization\"],\"@id\":\"https:\\\/\\\/www.siegfriedhagl.com\\\/#\\\/schema\\\/person\\\/263c4a916fa13b3e7eda58f6c8c2695f\",\"name\":\"siegfriedhagl\",\"image\":{\"@type\":\"ImageObject\",\"inLanguage\":\"it-IT\",\"@id\":\"https:\\\/\\\/secure.gravatar.com\\\/avatar\\\/45b010d0734a07d6fa163753be02d78684ff4128f419d6ee0a0370de54233f1c?s=96&d=mm&r=g\",\"url\":\"https:\\\/\\\/secure.gravatar.com\\\/avatar\\\/45b010d0734a07d6fa163753be02d78684ff4128f419d6ee0a0370de54233f1c?s=96&d=mm&r=g\",\"contentUrl\":\"https:\\\/\\\/secure.gravatar.com\\\/avatar\\\/45b010d0734a07d6fa163753be02d78684ff4128f419d6ee0a0370de54233f1c?s=96&d=mm&r=g\",\"caption\":\"siegfriedhagl\"},\"logo\":{\"@id\":\"https:\\\/\\\/secure.gravatar.com\\\/avatar\\\/45b010d0734a07d6fa163753be02d78684ff4128f419d6ee0a0370de54233f1c?s=96&d=mm&r=g\"},\"sameAs\":[\"http:\\\/\\\/www.hagl.net\"]}]}<\/script>\n<!-- \/ Yoast SEO plugin. -->","yoast_head_json":{"title":"L'era del Secondo Impero - SiegfriedHagl.com","robots":{"index":"index","follow":"follow","max-snippet":"max-snippet:-1","max-image-preview":"max-image-preview:large","max-video-preview":"max-video-preview:-1"},"canonical":"https:\/\/www.siegfriedhagl.com\/it\/storia\/lepoca-del-secondo-impero\/","og_locale":"it_IT","og_type":"article","og_title":"Die Epoche des Zweiten Kaiserreiches &#8211; SiegfriedHagl.com","og_description":"(Ver\u00f6ffentlicht in GralsWelt 17\/2000) In der zweiten H\u00e4lfte des 19. Jahrhunderts erlangte Europa den H\u00f6hepunkt seiner Bedeutung in der Welt: Europ\u00e4ische Wissenschaft und Kultur schienen auf bestem Weg, die \u201eWeltkultur\u201c zu bestimmen. Auch das Christentum wollte die noch ausstehenden V\u00f6lker zu seinem Glauben bekehren. Allerdings waren die christlichen Kirchen in Hunderte von Bekenntnissen zerstritten, und [&hellip;]","og_url":"https:\/\/www.siegfriedhagl.com\/it\/storia\/lepoca-del-secondo-impero\/","og_site_name":"SiegfriedHagl.com","article_published_time":"2000-12-08T11:28:00+00:00","article_modified_time":"2024-06-26T13:50:11+00:00","author":"siegfriedhagl","twitter_card":"summary_large_image","twitter_misc":{"Scritto da":"siegfriedhagl","Tempo di lettura stimato":"5 minuti"},"schema":{"@context":"https:\/\/schema.org","@graph":[{"@type":"Article","@id":"https:\/\/www.siegfriedhagl.com\/geschichte\/die-epoche-des-zweiten-kaiserreiches\/#article","isPartOf":{"@id":"https:\/\/www.siegfriedhagl.com\/geschichte\/die-epoche-des-zweiten-kaiserreiches\/"},"author":{"name":"siegfriedhagl","@id":"https:\/\/www.siegfriedhagl.com\/#\/schema\/person\/263c4a916fa13b3e7eda58f6c8c2695f"},"headline":"Die Epoche des Zweiten Kaiserreiches","datePublished":"2000-12-08T11:28:00+00:00","dateModified":"2024-06-26T13:50:11+00:00","mainEntityOfPage":{"@id":"https:\/\/www.siegfriedhagl.com\/geschichte\/die-epoche-des-zweiten-kaiserreiches\/"},"wordCount":911,"publisher":{"@id":"https:\/\/www.siegfriedhagl.com\/#\/schema\/person\/263c4a916fa13b3e7eda58f6c8c2695f"},"articleSection":["Geschichte\/Historik"],"inLanguage":"it-IT"},{"@type":"WebPage","@id":"https:\/\/www.siegfriedhagl.com\/geschichte\/die-epoche-des-zweiten-kaiserreiches\/","url":"https:\/\/www.siegfriedhagl.com\/geschichte\/die-epoche-des-zweiten-kaiserreiches\/","name":"L'era del Secondo Impero - SiegfriedHagl.com","isPartOf":{"@id":"https:\/\/www.siegfriedhagl.com\/#website"},"datePublished":"2000-12-08T11:28:00+00:00","dateModified":"2024-06-26T13:50:11+00:00","breadcrumb":{"@id":"https:\/\/www.siegfriedhagl.com\/geschichte\/die-epoche-des-zweiten-kaiserreiches\/#breadcrumb"},"inLanguage":"it-IT","potentialAction":[{"@type":"ReadAction","target":["https:\/\/www.siegfriedhagl.com\/geschichte\/die-epoche-des-zweiten-kaiserreiches\/"]}]},{"@type":"BreadcrumbList","@id":"https:\/\/www.siegfriedhagl.com\/geschichte\/die-epoche-des-zweiten-kaiserreiches\/#breadcrumb","itemListElement":[{"@type":"ListItem","position":1,"name":"Startseite","item":"https:\/\/www.siegfriedhagl.com\/"},{"@type":"ListItem","position":2,"name":"Die Epoche des Zweiten Kaiserreiches"}]},{"@type":"WebSite","@id":"https:\/\/www.siegfriedhagl.com\/#website","url":"https:\/\/www.siegfriedhagl.com\/","name":"SiegfriedHagl.com","description":"Articolo e blog di Siegfried Hagl","publisher":{"@id":"https:\/\/www.siegfriedhagl.com\/#\/schema\/person\/263c4a916fa13b3e7eda58f6c8c2695f"},"potentialAction":[{"@type":"SearchAction","target":{"@type":"EntryPoint","urlTemplate":"https:\/\/www.siegfriedhagl.com\/?s={search_term_string}"},"query-input":{"@type":"PropertyValueSpecification","valueRequired":true,"valueName":"search_term_string"}}],"inLanguage":"it-IT"},{"@type":["Person","Organization"],"@id":"https:\/\/www.siegfriedhagl.com\/#\/schema\/person\/263c4a916fa13b3e7eda58f6c8c2695f","name":"siegfriedhagl","image":{"@type":"ImageObject","inLanguage":"it-IT","@id":"https:\/\/secure.gravatar.com\/avatar\/45b010d0734a07d6fa163753be02d78684ff4128f419d6ee0a0370de54233f1c?s=96&d=mm&r=g","url":"https:\/\/secure.gravatar.com\/avatar\/45b010d0734a07d6fa163753be02d78684ff4128f419d6ee0a0370de54233f1c?s=96&d=mm&r=g","contentUrl":"https:\/\/secure.gravatar.com\/avatar\/45b010d0734a07d6fa163753be02d78684ff4128f419d6ee0a0370de54233f1c?s=96&d=mm&r=g","caption":"siegfriedhagl"},"logo":{"@id":"https:\/\/secure.gravatar.com\/avatar\/45b010d0734a07d6fa163753be02d78684ff4128f419d6ee0a0370de54233f1c?s=96&d=mm&r=g"},"sameAs":["http:\/\/www.hagl.net"]}]}},"_links":{"self":[{"href":"https:\/\/www.siegfriedhagl.com\/it\/wp-json\/wp\/v2\/posts\/4474","targetHints":{"allow":["GET"]}}],"collection":[{"href":"https:\/\/www.siegfriedhagl.com\/it\/wp-json\/wp\/v2\/posts"}],"about":[{"href":"https:\/\/www.siegfriedhagl.com\/it\/wp-json\/wp\/v2\/types\/post"}],"author":[{"embeddable":true,"href":"https:\/\/www.siegfriedhagl.com\/it\/wp-json\/wp\/v2\/users\/2"}],"replies":[{"embeddable":true,"href":"https:\/\/www.siegfriedhagl.com\/it\/wp-json\/wp\/v2\/comments?post=4474"}],"version-history":[{"count":12,"href":"https:\/\/www.siegfriedhagl.com\/it\/wp-json\/wp\/v2\/posts\/4474\/revisions"}],"predecessor-version":[{"id":11025,"href":"https:\/\/www.siegfriedhagl.com\/it\/wp-json\/wp\/v2\/posts\/4474\/revisions\/11025"}],"wp:attachment":[{"href":"https:\/\/www.siegfriedhagl.com\/it\/wp-json\/wp\/v2\/media?parent=4474"}],"wp:term":[{"taxonomy":"category","embeddable":true,"href":"https:\/\/www.siegfriedhagl.com\/it\/wp-json\/wp\/v2\/categories?post=4474"},{"taxonomy":"post_tag","embeddable":true,"href":"https:\/\/www.siegfriedhagl.com\/it\/wp-json\/wp\/v2\/tags?post=4474"}],"curies":[{"name":"wp","href":"https:\/\/api.w.org\/{rel}","templated":true}]}}