{"id":1565,"date":"2010-12-21T13:14:27","date_gmt":"2010-12-21T12:14:27","guid":{"rendered":"https:\/\/www.siegfriedhagl.com"},"modified":"2021-12-27T11:03:24","modified_gmt":"2021-12-27T10:03:24","slug":"reise-zum-schlangenfest","status":"publish","type":"post","link":"https:\/\/www.siegfriedhagl.com\/it\/storia-religiosa\/viaggio-al-festa-del-serpente\/","title":{"rendered":"Viaggio al Festival del Serpente"},"content":{"rendered":"<blockquote>\n<h5>(Ver\u00f6ffentlicht in GralsWelt 62\/2010)<\/h5>\n<\/blockquote>\n<p>M\u00e4rchen, Sagen, Mythen, Fabeln ranken sich oft um Tiere. Diese dienen dann als Symbole, werden mit menschlichen Verhaltensweisen in Bezug gebracht, oder sollen als Wappentiere die Anliegen oder Tugenden der Wappentr\u00e4ger zum Ausdruck bringen. Jeder sieht z.B. im L\u00f6wen ein Symbol f\u00fcr einen Herrscher, kennt den Fuchs als schlau und durchtrieben, den B\u00e4ren als gutm\u00fctigen, kr\u00e4ftigen T\u00f6lpel. Der Adler (Greif) gilt als Symbol f\u00fcr den Himmel, die Schlange u.a. f\u00fcr die Erde, f\u00fcr\u00a0 die Unterwelt oder f\u00fcr Weisheit.<\/p>\n<p>F\u00fcr kein Tier gibt es so viele und so widerspr\u00fcchliche Deutungen wie f\u00fcr die Schlange. In Naturreligionen ist sie Tr\u00e4gerin der Seelen Verstorbener. Beim H\u00e4uten legt sie ihre alte Haut ab und symbolisiert so Erneuerung, ewiges Leben, Wiedergeburt.<\/p>\n<p>Bei Hindus, Buddhisten, Indianern ist die Schlange H\u00fcterin der Weisheit; \u00c4gypter, Griechen und Tibeter bilden sie als <em>Uroboros <\/em>ab, als die sich in den Schwanz bei\u00dfende Schlange, einem Symbol f\u00fcr Ewigkeit. Im Mithraskult symbolisierte die sich um den Baum ringelnde Schlange den Lauf der Zeit; im Christentum ist sie ein Abbild des Satans. Diese Liste der Schlangensymbolik l\u00e4sst sich fast beliebig fortsetzen&#8230;<\/p>\n<h5>Sind Schlangen etwas Besonderes?<\/h5>\n<p>Alte V\u00f6lker hielten reale Schlangen sicher nicht f\u00fcr auffallend kluge, durch Weisheit hervorstechende Tiere. Doch bei Menschen aller Kontinente erlangten Schlangen au\u00dferordentliche mythologische Bedeutung, die mit einer in unserem Unterbewusstsein verankerten Schlangenfurcht erkl\u00e4rt wird:<br \/>\n<em>&#8222;Beim Anblick von Schlangen reagieren wir meist sehr emotional: Sie versetzten uns nicht nur in Furcht, sondern sie erregen und fesseln uns auch so sehr, dass wir uns Geschichten \u00fcber sie ausdenken.&#8220; <\/em>(6, S. 17).<br \/>\nSolche Emotionen, von Schlangen ausgel\u00f6st, waren vermutlich der Ursprung von Schlangenmythen und Schlangenverehrung, wie sie in vielf\u00e4ltiger Form auf allen Kontinenten anzutreffen sind. Manche Schlangenkulte haben sich bis in unsere Zeit erhalten, und selbst das Christentum &#8211; das in der Schlange ein Satanssymbol sieht &#8211; konnte das Eindringen heidnischer Schlangenkulte in christliche Rituale nicht verhindern. Einen solchen &#8222;christlichen&#8220; Schlangenkult gibt es sogar noch heute in Mitteleuropa:<\/p>\n<h5>Der Schlangenkult von Cocullo<\/h5>\n<p>Auf der geographischen Breite von Rom liegt in den Abruzzen an einem Abhang das kleine, gepflegte Bergdorf <em>Cocullo<\/em>, das zwar kein Hotel und keine \u00dcbernachtungsm\u00f6glichkeiten besitzt, aber \u00fcber eine eigene Autobahnausfahrt<a href=\"https:\/\/www.siegfriedhagl.com\/wp-includes\/js\/tinymce\/plugins\/paste\/pasteword.htm?ver=327-1235#_edn1\">[i]<\/a> leicht\u00a0 erreichbar ist.<\/p>\n<p>Hier findet jedes Jahr, am ersten Donnerstag im Mai, dem Tag des <em>Dominikus Abate<a href=\"https:\/\/www.siegfriedhagl.com\/wp-includes\/js\/tinymce\/plugins\/paste\/pasteword.htm?ver=327-1235#_edn2\">[ii]<\/a> <\/em>ein &#8222;Schlangenfest&#8220; statt, dessen Urspr\u00fcnge in etruskischer Zeit vermutet werden. Funde von Schlangenskulpturen geben zu der Annahme Anlass, dass es hier lange vor der Christianisierung Prozessionen gab, bei denen Schlangen als \u00dcberbringer der Bitten um Furchtbarkeit \u00fcber die Felder getragen wurden. Also ein typisches &#8222;magisches&#8220; Ritual, bei dem vermutlich die etruskische Fruchtbarkeitsg\u00f6ttin <em>Angizia <\/em>um gute Ernten angefleht wurde. Das Leben war schwer in der kargen Abruzzen-Region, und Schlangen und W\u00f6lfe sind noch heute Symboltiere dieser rauen, abweisenden Landschaft.<\/p>\n<p>In Cocullo vermischte sich der Jahrtausende alte Schlangenkult mit der Verehrung des Dominkus Abate, der vor Tausend Jahren der Bev\u00f6lkerung half beim Kampf gegen Krankheiten, Unwetter, wilde Tiere, und der \u00dcberlieferung zufolge magische Kraft \u00fcber die Schlangen besa\u00df und von Schlangen Gebissene heilte.<\/p>\n<h5>Die Prozessionon der Serpari<\/h5>\n<p>Zum Tag des Dominikus kommen jedes Jahr Tausende angereist, teilweise von weit her, und der kleine Ort mit seinen verwinkelten Stra\u00dfen ist total \u00fcberf\u00fcllt.<\/p>\n<p>Wie jedes katholische Fest beginnt der <em>Rito dei Serpari<\/em>, der Ritus der Schlangenf\u00e4nger, mit einer Messe in der kleineren der beiden Ortskirchen, der winzigen Dominikus-Kirche, in der eine Figur und eine Reliquie des Heiligen aufbewahrt werden.<\/p>\n<p>Danach wird die Statue des Dominikus auf den engen Kirchen-Vorplatz getragen. Nun kommen aus allen Richtungen die Schlangenf\u00e4nger mit ihren in den Bergen gefangenen Schlangen, von denen Dutzende dem Heiligen um Hals und Schultern geh\u00e4ngt werden.<\/p>\n<p>Dann folgt eine Prozession, in der &#8211; hinter einer Blaskapelle &#8211; die mit Schlangen beh\u00e4ngte Statue des Dominikus durch die Felder getragen wird. Unter der vieltausendk\u00f6pfigen Pilgerschar, die der Dominikusstatue folgt, befinden sich viele, die selbst Schlangen gefangen haben und diese nun in der Prozession mittragen.<\/p>\n<p>Den Abschluss des in Europa einmaligen Schauspiels bildet am Abend eine Preisverleihung, z.B. f\u00fcr den, der die meisten Schlangen (manchmal \u00fcber 100) gefangen hat. Am folgenden Tag werden die Schlangen in die Berge gebracht und frei gelassen.<\/p>\n<p><strong>Literatur:<br \/>\n<\/strong>(1) Egli, Hans: &#8222;Das Schlangensymbol&#8220;, Walter, Olten, 1982.<br \/>\n(2) Obst, Fritz J\u00fcrgen: &#8222;Mit gespaltener Zunge&#8220;, Herder, Freiburg, 1981.<br \/>\n(3) Paul-Stengel, Camilla: &#8222;Schlangenspuren &#8211; Reptilien in der Kulturgeschichte&#8220;, Ulrike Helmer, K\u00f6nigstein\/Taunus, 1996.<br \/>\n(4) Stamer, Barbara\/Zingsem, Vera: &#8222;Schlangenfrau und Chaosdrache&#8220;, Kreuz, Stuttgart, 2001.<br \/>\n(5) Uber, Heiner\/Mondhe, Papu Pramod: &#8222;Weltschlangen &#8211; Schlangenwelten&#8220;, Fredeking &amp; Thaler, M\u00fcnchen, 2002.<br \/>\n(6) Wilson, Edward O.: &#8222;Darwins W\u00fcrfel&#8220;, Econ, M\u00fcnchen, 2000.<br \/>\n(7) http:\/\/www.heiligenlexikon.de\/.<br \/>\n<strong>Endnoten:<br \/>\n<\/strong><a href=\"https:\/\/www.siegfriedhagl.com\/wp-includes\/js\/tinymce\/plugins\/paste\/pasteword.htm?ver=327-1235#_ednref1\">[i]<\/a> An der Autostrada A 25 Pescara-Rom.<br \/>\n<a href=\"https:\/\/www.siegfriedhagl.com\/wp-includes\/js\/tinymce\/plugins\/paste\/pasteword.htm?ver=327-1235#_ednref2\">[ii]<\/a>In Cocullo wird Dominikus von Sora (951-1031) verehrt, der als Einsiedler in den Abruzzen lebte und Einsiedlergemeinschaften gr\u00fcndete. Er ist nicht zu verwechseln mit\u00a0 dem\u00a0 Gr\u00fcnder des Dominikaner-Ordens.<\/p>\n","protected":false},"excerpt":{"rendered":"<p>(Ver\u00f6ffentlicht in GralsWelt 62\/2010) M\u00e4rchen, Sagen, Mythen, Fabeln ranken sich oft um Tiere. Diese dienen dann als Symbole, werden mit menschlichen Verhaltensweisen in Bezug gebracht, oder sollen als Wappentiere die Anliegen oder Tugenden der Wappentr\u00e4ger zum Ausdruck bringen. Jeder sieht z.B. im L\u00f6wen ein Symbol f\u00fcr einen Herrscher, kennt den Fuchs als schlau und durchtrieben, [&hellip;]<\/p>\n","protected":false},"author":2,"featured_media":0,"comment_status":"closed","ping_status":"open","sticky":false,"template":"","format":"standard","meta":{"footnotes":""},"categories":[11],"tags":[],"class_list":["post-1565","post","type-post","status-publish","format-standard","hentry","category-religionsgeschichte"],"yoast_head":"<!-- This site is optimized with the Yoast SEO plugin v27.5 - https:\/\/yoast.com\/product\/yoast-seo-wordpress\/ -->\n<title>Reise zum Schlangenfest &#8211; SiegfriedHagl.com<\/title>\n<meta name=\"robots\" content=\"index, follow, max-snippet:-1, max-image-preview:large, max-video-preview:-1\" \/>\n<link rel=\"canonical\" href=\"https:\/\/www.siegfriedhagl.com\/it\/storia-religiosa\/viaggio-al-festa-del-serpente\/\" \/>\n<meta property=\"og:locale\" content=\"it_IT\" \/>\n<meta property=\"og:type\" content=\"article\" \/>\n<meta property=\"og:title\" content=\"Reise zum Schlangenfest &#8211; SiegfriedHagl.com\" \/>\n<meta property=\"og:description\" content=\"(Ver\u00f6ffentlicht in GralsWelt 62\/2010) M\u00e4rchen, Sagen, Mythen, Fabeln ranken sich oft um Tiere. Diese dienen dann als Symbole, werden mit menschlichen Verhaltensweisen in Bezug gebracht, oder sollen als Wappentiere die Anliegen oder Tugenden der Wappentr\u00e4ger zum Ausdruck bringen. Jeder sieht z.B. im L\u00f6wen ein Symbol f\u00fcr einen Herrscher, kennt den Fuchs als schlau und durchtrieben, [&hellip;]\" \/>\n<meta property=\"og:url\" content=\"https:\/\/www.siegfriedhagl.com\/it\/storia-religiosa\/viaggio-al-festa-del-serpente\/\" \/>\n<meta property=\"og:site_name\" content=\"SiegfriedHagl.com\" \/>\n<meta property=\"article:published_time\" content=\"2010-12-21T12:14:27+00:00\" \/>\n<meta property=\"article:modified_time\" content=\"2021-12-27T10:03:24+00:00\" \/>\n<meta name=\"author\" content=\"siegfriedhagl\" \/>\n<meta name=\"twitter:card\" content=\"summary_large_image\" \/>\n<meta name=\"twitter:label1\" content=\"Scritto da\" \/>\n\t<meta name=\"twitter:data1\" content=\"siegfriedhagl\" \/>\n\t<meta name=\"twitter:label2\" content=\"Tempo di lettura stimato\" \/>\n\t<meta name=\"twitter:data2\" content=\"5 minuti\" \/>\n<script type=\"application\/ld+json\" class=\"yoast-schema-graph\">{\"@context\":\"https:\\\/\\\/schema.org\",\"@graph\":[{\"@type\":\"Article\",\"@id\":\"https:\\\/\\\/www.siegfriedhagl.com\\\/religionsgeschichte\\\/reise-zum-schlangenfest\\\/#article\",\"isPartOf\":{\"@id\":\"https:\\\/\\\/www.siegfriedhagl.com\\\/religionsgeschichte\\\/reise-zum-schlangenfest\\\/\"},\"author\":{\"name\":\"siegfriedhagl\",\"@id\":\"https:\\\/\\\/www.siegfriedhagl.com\\\/#\\\/schema\\\/person\\\/263c4a916fa13b3e7eda58f6c8c2695f\"},\"headline\":\"Reise zum Schlangenfest\",\"datePublished\":\"2010-12-21T12:14:27+00:00\",\"dateModified\":\"2021-12-27T10:03:24+00:00\",\"mainEntityOfPage\":{\"@id\":\"https:\\\/\\\/www.siegfriedhagl.com\\\/religionsgeschichte\\\/reise-zum-schlangenfest\\\/\"},\"wordCount\":824,\"publisher\":{\"@id\":\"https:\\\/\\\/www.siegfriedhagl.com\\\/#\\\/schema\\\/person\\\/263c4a916fa13b3e7eda58f6c8c2695f\"},\"articleSection\":[\"Religionsgeschichte\"],\"inLanguage\":\"it-IT\"},{\"@type\":\"WebPage\",\"@id\":\"https:\\\/\\\/www.siegfriedhagl.com\\\/religionsgeschichte\\\/reise-zum-schlangenfest\\\/\",\"url\":\"https:\\\/\\\/www.siegfriedhagl.com\\\/religionsgeschichte\\\/reise-zum-schlangenfest\\\/\",\"name\":\"Reise zum Schlangenfest &#8211; SiegfriedHagl.com\",\"isPartOf\":{\"@id\":\"https:\\\/\\\/www.siegfriedhagl.com\\\/#website\"},\"datePublished\":\"2010-12-21T12:14:27+00:00\",\"dateModified\":\"2021-12-27T10:03:24+00:00\",\"breadcrumb\":{\"@id\":\"https:\\\/\\\/www.siegfriedhagl.com\\\/religionsgeschichte\\\/reise-zum-schlangenfest\\\/#breadcrumb\"},\"inLanguage\":\"it-IT\",\"potentialAction\":[{\"@type\":\"ReadAction\",\"target\":[\"https:\\\/\\\/www.siegfriedhagl.com\\\/religionsgeschichte\\\/reise-zum-schlangenfest\\\/\"]}]},{\"@type\":\"BreadcrumbList\",\"@id\":\"https:\\\/\\\/www.siegfriedhagl.com\\\/religionsgeschichte\\\/reise-zum-schlangenfest\\\/#breadcrumb\",\"itemListElement\":[{\"@type\":\"ListItem\",\"position\":1,\"name\":\"Startseite\",\"item\":\"https:\\\/\\\/www.siegfriedhagl.com\\\/\"},{\"@type\":\"ListItem\",\"position\":2,\"name\":\"Reise zum Schlangenfest\"}]},{\"@type\":\"WebSite\",\"@id\":\"https:\\\/\\\/www.siegfriedhagl.com\\\/#website\",\"url\":\"https:\\\/\\\/www.siegfriedhagl.com\\\/\",\"name\":\"SiegfriedHagl.com\",\"description\":\"Artikel und Blog von Siegfried Hagl\",\"publisher\":{\"@id\":\"https:\\\/\\\/www.siegfriedhagl.com\\\/#\\\/schema\\\/person\\\/263c4a916fa13b3e7eda58f6c8c2695f\"},\"potentialAction\":[{\"@type\":\"SearchAction\",\"target\":{\"@type\":\"EntryPoint\",\"urlTemplate\":\"https:\\\/\\\/www.siegfriedhagl.com\\\/?s={search_term_string}\"},\"query-input\":{\"@type\":\"PropertyValueSpecification\",\"valueRequired\":true,\"valueName\":\"search_term_string\"}}],\"inLanguage\":\"it-IT\"},{\"@type\":[\"Person\",\"Organization\"],\"@id\":\"https:\\\/\\\/www.siegfriedhagl.com\\\/#\\\/schema\\\/person\\\/263c4a916fa13b3e7eda58f6c8c2695f\",\"name\":\"siegfriedhagl\",\"image\":{\"@type\":\"ImageObject\",\"inLanguage\":\"it-IT\",\"@id\":\"https:\\\/\\\/secure.gravatar.com\\\/avatar\\\/45b010d0734a07d6fa163753be02d78684ff4128f419d6ee0a0370de54233f1c?s=96&d=mm&r=g\",\"url\":\"https:\\\/\\\/secure.gravatar.com\\\/avatar\\\/45b010d0734a07d6fa163753be02d78684ff4128f419d6ee0a0370de54233f1c?s=96&d=mm&r=g\",\"contentUrl\":\"https:\\\/\\\/secure.gravatar.com\\\/avatar\\\/45b010d0734a07d6fa163753be02d78684ff4128f419d6ee0a0370de54233f1c?s=96&d=mm&r=g\",\"caption\":\"siegfriedhagl\"},\"logo\":{\"@id\":\"https:\\\/\\\/secure.gravatar.com\\\/avatar\\\/45b010d0734a07d6fa163753be02d78684ff4128f419d6ee0a0370de54233f1c?s=96&d=mm&r=g\"},\"sameAs\":[\"http:\\\/\\\/www.hagl.net\"]}]}<\/script>\n<!-- \/ Yoast SEO plugin. -->","yoast_head_json":{"title":"Viaggio nella festa dei serpenti - SiegfriedHagl.com","robots":{"index":"index","follow":"follow","max-snippet":"max-snippet:-1","max-image-preview":"max-image-preview:large","max-video-preview":"max-video-preview:-1"},"canonical":"https:\/\/www.siegfriedhagl.com\/it\/storia-religiosa\/viaggio-al-festa-del-serpente\/","og_locale":"it_IT","og_type":"article","og_title":"Reise zum Schlangenfest &#8211; SiegfriedHagl.com","og_description":"(Ver\u00f6ffentlicht in GralsWelt 62\/2010) M\u00e4rchen, Sagen, Mythen, Fabeln ranken sich oft um Tiere. Diese dienen dann als Symbole, werden mit menschlichen Verhaltensweisen in Bezug gebracht, oder sollen als Wappentiere die Anliegen oder Tugenden der Wappentr\u00e4ger zum Ausdruck bringen. Jeder sieht z.B. im L\u00f6wen ein Symbol f\u00fcr einen Herrscher, kennt den Fuchs als schlau und durchtrieben, [&hellip;]","og_url":"https:\/\/www.siegfriedhagl.com\/it\/storia-religiosa\/viaggio-al-festa-del-serpente\/","og_site_name":"SiegfriedHagl.com","article_published_time":"2010-12-21T12:14:27+00:00","article_modified_time":"2021-12-27T10:03:24+00:00","author":"siegfriedhagl","twitter_card":"summary_large_image","twitter_misc":{"Scritto da":"siegfriedhagl","Tempo di lettura stimato":"5 minuti"},"schema":{"@context":"https:\/\/schema.org","@graph":[{"@type":"Article","@id":"https:\/\/www.siegfriedhagl.com\/religionsgeschichte\/reise-zum-schlangenfest\/#article","isPartOf":{"@id":"https:\/\/www.siegfriedhagl.com\/religionsgeschichte\/reise-zum-schlangenfest\/"},"author":{"name":"siegfriedhagl","@id":"https:\/\/www.siegfriedhagl.com\/#\/schema\/person\/263c4a916fa13b3e7eda58f6c8c2695f"},"headline":"Reise zum Schlangenfest","datePublished":"2010-12-21T12:14:27+00:00","dateModified":"2021-12-27T10:03:24+00:00","mainEntityOfPage":{"@id":"https:\/\/www.siegfriedhagl.com\/religionsgeschichte\/reise-zum-schlangenfest\/"},"wordCount":824,"publisher":{"@id":"https:\/\/www.siegfriedhagl.com\/#\/schema\/person\/263c4a916fa13b3e7eda58f6c8c2695f"},"articleSection":["Religionsgeschichte"],"inLanguage":"it-IT"},{"@type":"WebPage","@id":"https:\/\/www.siegfriedhagl.com\/religionsgeschichte\/reise-zum-schlangenfest\/","url":"https:\/\/www.siegfriedhagl.com\/religionsgeschichte\/reise-zum-schlangenfest\/","name":"Viaggio nella festa dei serpenti - SiegfriedHagl.com","isPartOf":{"@id":"https:\/\/www.siegfriedhagl.com\/#website"},"datePublished":"2010-12-21T12:14:27+00:00","dateModified":"2021-12-27T10:03:24+00:00","breadcrumb":{"@id":"https:\/\/www.siegfriedhagl.com\/religionsgeschichte\/reise-zum-schlangenfest\/#breadcrumb"},"inLanguage":"it-IT","potentialAction":[{"@type":"ReadAction","target":["https:\/\/www.siegfriedhagl.com\/religionsgeschichte\/reise-zum-schlangenfest\/"]}]},{"@type":"BreadcrumbList","@id":"https:\/\/www.siegfriedhagl.com\/religionsgeschichte\/reise-zum-schlangenfest\/#breadcrumb","itemListElement":[{"@type":"ListItem","position":1,"name":"Startseite","item":"https:\/\/www.siegfriedhagl.com\/"},{"@type":"ListItem","position":2,"name":"Reise zum Schlangenfest"}]},{"@type":"WebSite","@id":"https:\/\/www.siegfriedhagl.com\/#website","url":"https:\/\/www.siegfriedhagl.com\/","name":"SiegfriedHagl.com","description":"Articolo e blog di Siegfried Hagl","publisher":{"@id":"https:\/\/www.siegfriedhagl.com\/#\/schema\/person\/263c4a916fa13b3e7eda58f6c8c2695f"},"potentialAction":[{"@type":"SearchAction","target":{"@type":"EntryPoint","urlTemplate":"https:\/\/www.siegfriedhagl.com\/?s={search_term_string}"},"query-input":{"@type":"PropertyValueSpecification","valueRequired":true,"valueName":"search_term_string"}}],"inLanguage":"it-IT"},{"@type":["Person","Organization"],"@id":"https:\/\/www.siegfriedhagl.com\/#\/schema\/person\/263c4a916fa13b3e7eda58f6c8c2695f","name":"siegfriedhagl","image":{"@type":"ImageObject","inLanguage":"it-IT","@id":"https:\/\/secure.gravatar.com\/avatar\/45b010d0734a07d6fa163753be02d78684ff4128f419d6ee0a0370de54233f1c?s=96&d=mm&r=g","url":"https:\/\/secure.gravatar.com\/avatar\/45b010d0734a07d6fa163753be02d78684ff4128f419d6ee0a0370de54233f1c?s=96&d=mm&r=g","contentUrl":"https:\/\/secure.gravatar.com\/avatar\/45b010d0734a07d6fa163753be02d78684ff4128f419d6ee0a0370de54233f1c?s=96&d=mm&r=g","caption":"siegfriedhagl"},"logo":{"@id":"https:\/\/secure.gravatar.com\/avatar\/45b010d0734a07d6fa163753be02d78684ff4128f419d6ee0a0370de54233f1c?s=96&d=mm&r=g"},"sameAs":["http:\/\/www.hagl.net"]}]}},"_links":{"self":[{"href":"https:\/\/www.siegfriedhagl.com\/it\/wp-json\/wp\/v2\/posts\/1565","targetHints":{"allow":["GET"]}}],"collection":[{"href":"https:\/\/www.siegfriedhagl.com\/it\/wp-json\/wp\/v2\/posts"}],"about":[{"href":"https:\/\/www.siegfriedhagl.com\/it\/wp-json\/wp\/v2\/types\/post"}],"author":[{"embeddable":true,"href":"https:\/\/www.siegfriedhagl.com\/it\/wp-json\/wp\/v2\/users\/2"}],"replies":[{"embeddable":true,"href":"https:\/\/www.siegfriedhagl.com\/it\/wp-json\/wp\/v2\/comments?post=1565"}],"version-history":[{"count":11,"href":"https:\/\/www.siegfriedhagl.com\/it\/wp-json\/wp\/v2\/posts\/1565\/revisions"}],"predecessor-version":[{"id":8429,"href":"https:\/\/www.siegfriedhagl.com\/it\/wp-json\/wp\/v2\/posts\/1565\/revisions\/8429"}],"wp:attachment":[{"href":"https:\/\/www.siegfriedhagl.com\/it\/wp-json\/wp\/v2\/media?parent=1565"}],"wp:term":[{"taxonomy":"category","embeddable":true,"href":"https:\/\/www.siegfriedhagl.com\/it\/wp-json\/wp\/v2\/categories?post=1565"},{"taxonomy":"post_tag","embeddable":true,"href":"https:\/\/www.siegfriedhagl.com\/it\/wp-json\/wp\/v2\/tags?post=1565"}],"curies":[{"name":"wp","href":"https:\/\/api.w.org\/{rel}","templated":true}]}}