{"id":1489,"date":"2010-04-27T11:06:11","date_gmt":"2010-04-27T10:06:11","guid":{"rendered":"https:\/\/www.siegfriedhagl.com\/?page_id=1489"},"modified":"2024-01-05T11:33:42","modified_gmt":"2024-01-05T10:33:42","slug":"das-abenteuerliche-leben-des-adam-dreyling-2","status":"publish","type":"post","link":"https:\/\/www.siegfriedhagl.com\/it\/recensioni-di-libri-e-film\/la-vita-avventurosa-di-adam-dreyling-2\/","title":{"rendered":"La vita avventurosa di Adam Dreyling"},"content":{"rendered":"<h5>&quot;Il maestro del settimo sigillo&quot; - solo un romanzo storico o qualcosa di pi\u00f9?<\/h5>\n<blockquote><p><strong>\u00a0<\/strong>Pubblicato in Grail World 58\/2010<\/p><\/blockquote>\n<p>La storia del mondo consiste in un&#039;interazione di molte forze e non \u00e8 raro che questioni apparentemente banali acquisiscano un&#039;importanza fondamentale.<\/p>\n<p>Questo fu anche il caso della famosa battaglia navale tra la grande armata spagnola e la flotta inglese nel 1588. La vittoria inglese in questa battaglia imped\u00ec l&#039;invasione delle isole britanniche, contrast\u00f2 la loro violenta ricattolicizzazione e apr\u00ec la strada all&#039;Inghilterra in seguito divenne la pi\u00f9 importante potenza navale.<\/p>\n<p>Una vittoria spagnola sarebbe diventata anche una vittoria della Controriforma, forse dando inizio al crollo dell&#039;intera Riforma.<\/p>\n<p>La ricetta inglese per il successo nei conflitti militari erano navi veloci e agili in grado di superare in manovra i grandi galeoni spagnoli e: cannoni a lungo raggio.<\/p>\n<p>Le navi sono state progettate dal geniale maestro costruttore navale <em>Matteo Baker<\/em> e i cannoni versavano... un tirolese,<em> Adam Dreyling<\/em>.<\/p>\n<p>La sua vita avventurosa \u00e8 nel romanzo storico di fantasia insolitamente eccitante <em>&quot;Il maestro del settimo sigillo&quot;<\/em> a partire dal <em>Johannes K Seyener<\/em> e <em>Wolfram a Mondfeld<\/em> descritto. Ma la storia del tirolese, recentemente oggetto anche del documentario della ZDF &quot;The Empire Strikes Back&quot;, offre pi\u00f9 di una semplice finzione...<\/p>\n<h5>Il Tirolo come &quot;Stato high-tech&quot; asburgico<\/h5>\n<p>Nel XVI secolo il Tirolo era un importante centro economico dell&#039;impero asburgico. Le miniere vicino a Schwaz producevano rame e argento e a Innsbruck lavoravano le migliori fonderie di cannoni, che utilizzavano un processo segreto per produrre cannoni di bronzo di eccezionale qualit\u00e0.<\/p>\n<p>Esattamente i cannoni di cui l&#039;Inghilterra aveva bisogno per la sua flotta!<\/p>\n<p>A quei tempi, la fusione dei cannoni era un&#039;arte i cui segreti ogni maestro fonditore custodiva con cura. Alcune sottigliezze di quest&#039;arte non si sono quindi tramandate e sono andate perdute. Ad esempio, ZDF voleva che una fonderia di campane di Innsbruck fondesse un cannone basato su modelli del XVI secolo per il suo film documentario... ma il casting non \u00e8 riuscito! \u00c8 facile immaginare quanto fosse preziosa la conoscenza di un maestro lanciatore di armi di bronzo all&#039;epoca...<\/p>\n<h5>Il viaggio di Adam Dreyling da Schwaz all&#039;Inghilterra<\/h5>\n<p>Nel romanzo citato in giro <em>Adam Dreyling<\/em> prima viene descritto un grave incidente nelle miniere di Schwaz, che innesca una rivolta. Il modello storico di ci\u00f2 fu probabilmente la grande rivolta dei minatori del 1525.<br \/>\n<em>Adam Dreyling<\/em>, il portavoce dei minatori nel romanzo, che rappresenta le loro giustificate preoccupazioni, deve lasciare Schwaz dopo la rivolta. Va a Innsbruck per imparare il mestiere da suo zio, un maestro cannoniere. Riesce a sondare i segreti della famosa fonderia L\u00f6ffler, i &quot;sette sigilli&quot; delle armi.<\/p>\n<p>Quando lo zio gli rifiut\u00f2 l&#039;attestato di maestro artigiano e quindi non pot\u00e9 condurre una propria bottega, decise <em>Dreyling<\/em>lasciare Innsbruck. Un&#039;avventurosa fuga lo porta in Inghilterra, dove incontra il maestro d&#039;ascia <em>Matteo Baker<\/em> entra al servizio della regina e diventa il primo maestro fonditore del regno. Riesce a modellare in tempo i cannoni senza i quali la vittoria sull'Armada spagnola non sarebbe stata possibile.<\/p>\n<p>Dopo la grande vittoria, per\u00f2, <em>Dreyling<\/em> \u2013 condivide questa sorte con molti altri \u2013 considerato solo con ingratitudine\u2026<\/p>\n<h5>Pi\u00f9 di un semplice romanzo leggibile<\/h5>\n<p>Il romanzo storico di 1.100 pagine <em>&quot;Il maestro del settimo sigillo&quot;<\/em> \u00e8 altamente raccomandato come lettura accattivante per le vacanze. \u00c8 emozionante, ma descrive anche un momento storicamente importante in modo avvincente. I fatti su cui si basa il romanzo sono cos\u00ec ben documentati che si pu\u00f2 presumere che tutti gli eventi principali siano effettivamente descritti in modo storicamente corretto.<\/p>\n<p>Le descrizioni dell&#039;attivit\u00e0 mineraria, della fonderia, della cantieristica navale, nonch\u00e9 delle condizioni sociali e politiche che prevalevano in Tirolo, Venezia, Inghilterra e Polonia all&#039;inizio dei tempi moderni appaiono particolarmente ricche di fatti.<\/p>\n<p>Chiunque cerchi un approccio divertente agli eventi di questo periodo dovrebbe familiarizzare con la strana storia del <em>Adam Dreyling<\/em> approfondire.<\/p>\n<p><strong>Letteratura:<br \/>\n<\/strong>(1) Echo Special n. 5, luglio 2002, Echo Verlag, Innsbruck.<br \/>\n(2) Johannes K. Soyener\/Wolfram zu Mondfeld, &quot;Il maestro del settimo sigillo&quot;, Bastei-L\u00fcbbe, Bergisch Gladbach, 1994.<br \/>\n(3) Spedizione ZDF \"Das Empire schl\u00e4gt zur\u00fcck\", filmato trasmesso il 26 luglio 2002.<br \/>\n(4) http:\/\/www.zdf.de\/inhalt\/0,1872,1021982,0<\/p>","protected":false},"excerpt":{"rendered":"<p>\u201eDer Meister des siebten Siegels\u201c \u2013 nur ein historischer Roman oder doch mehr? \u00a0Ver\u00f6ffentlicht in Gralswelt 58\/2010 Die Weltgeschichte besteht aus einem Zusammenspiel vieler Kr\u00e4fte, und nicht selten k\u00f6nnen scheinbare Nebens\u00e4chlichkeiten \u00fcberragende Bedeutung erhalten. So auch bei der bekannten Seeschlacht zwischen der gro\u00dfen spanischen Armada und der englischen Flotte im Jahre 1588. Der englische Sieg [&hellip;]<\/p>\n","protected":false},"author":2,"featured_media":0,"comment_status":"closed","ping_status":"open","sticky":false,"template":"","format":"standard","meta":{"footnotes":""},"categories":[5],"tags":[],"class_list":["post-1489","post","type-post","status-publish","format-standard","hentry","category-buch-und-filmbesprechungen"],"yoast_head":"<!-- This site is optimized with the Yoast SEO plugin v27.4 - https:\/\/yoast.com\/product\/yoast-seo-wordpress\/ -->\n<title>Das abenteuerliche Leben des Adam Dreyling &#8211; SiegfriedHagl.com<\/title>\n<meta name=\"robots\" content=\"index, follow, max-snippet:-1, max-image-preview:large, max-video-preview:-1\" \/>\n<link rel=\"canonical\" href=\"https:\/\/www.siegfriedhagl.com\/it\/recensioni-di-libri-e-film\/la-vita-avventurosa-di-adam-dreyling-2\/\" \/>\n<meta property=\"og:locale\" content=\"it_IT\" \/>\n<meta property=\"og:type\" content=\"article\" \/>\n<meta property=\"og:title\" content=\"Das abenteuerliche Leben des Adam Dreyling &#8211; SiegfriedHagl.com\" \/>\n<meta property=\"og:description\" content=\"\u201eDer Meister des siebten Siegels\u201c \u2013 nur ein historischer Roman oder doch mehr? \u00a0Ver\u00f6ffentlicht in Gralswelt 58\/2010 Die Weltgeschichte besteht aus einem Zusammenspiel vieler Kr\u00e4fte, und nicht selten k\u00f6nnen scheinbare Nebens\u00e4chlichkeiten \u00fcberragende Bedeutung erhalten. So auch bei der bekannten Seeschlacht zwischen der gro\u00dfen spanischen Armada und der englischen Flotte im Jahre 1588. Der englische Sieg [&hellip;]\" \/>\n<meta property=\"og:url\" content=\"https:\/\/www.siegfriedhagl.com\/it\/recensioni-di-libri-e-film\/la-vita-avventurosa-di-adam-dreyling-2\/\" \/>\n<meta property=\"og:site_name\" content=\"SiegfriedHagl.com\" \/>\n<meta property=\"article:published_time\" content=\"2010-04-27T10:06:11+00:00\" \/>\n<meta property=\"article:modified_time\" content=\"2024-01-05T10:33:42+00:00\" \/>\n<meta name=\"author\" content=\"siegfriedhagl\" \/>\n<meta name=\"twitter:card\" content=\"summary_large_image\" \/>\n<meta name=\"twitter:label1\" content=\"Scritto da\" \/>\n\t<meta name=\"twitter:data1\" content=\"siegfriedhagl\" \/>\n\t<meta name=\"twitter:label2\" content=\"Tempo di lettura stimato\" \/>\n\t<meta name=\"twitter:data2\" content=\"4 minuti\" \/>\n<script type=\"application\/ld+json\" class=\"yoast-schema-graph\">{\"@context\":\"https:\\\/\\\/schema.org\",\"@graph\":[{\"@type\":\"Article\",\"@id\":\"https:\\\/\\\/www.siegfriedhagl.com\\\/buch-und-filmbesprechungen\\\/das-abenteuerliche-leben-des-adam-dreyling-2\\\/#article\",\"isPartOf\":{\"@id\":\"https:\\\/\\\/www.siegfriedhagl.com\\\/buch-und-filmbesprechungen\\\/das-abenteuerliche-leben-des-adam-dreyling-2\\\/\"},\"author\":{\"name\":\"siegfriedhagl\",\"@id\":\"https:\\\/\\\/www.siegfriedhagl.com\\\/#\\\/schema\\\/person\\\/263c4a916fa13b3e7eda58f6c8c2695f\"},\"headline\":\"Das abenteuerliche Leben des Adam Dreyling\",\"datePublished\":\"2010-04-27T10:06:11+00:00\",\"dateModified\":\"2024-01-05T10:33:42+00:00\",\"mainEntityOfPage\":{\"@id\":\"https:\\\/\\\/www.siegfriedhagl.com\\\/buch-und-filmbesprechungen\\\/das-abenteuerliche-leben-des-adam-dreyling-2\\\/\"},\"wordCount\":670,\"publisher\":{\"@id\":\"https:\\\/\\\/www.siegfriedhagl.com\\\/#\\\/schema\\\/person\\\/263c4a916fa13b3e7eda58f6c8c2695f\"},\"articleSection\":[\"Buch- und Filmbesprechungen\"],\"inLanguage\":\"it-IT\"},{\"@type\":\"WebPage\",\"@id\":\"https:\\\/\\\/www.siegfriedhagl.com\\\/buch-und-filmbesprechungen\\\/das-abenteuerliche-leben-des-adam-dreyling-2\\\/\",\"url\":\"https:\\\/\\\/www.siegfriedhagl.com\\\/buch-und-filmbesprechungen\\\/das-abenteuerliche-leben-des-adam-dreyling-2\\\/\",\"name\":\"Das abenteuerliche Leben des Adam Dreyling &#8211; SiegfriedHagl.com\",\"isPartOf\":{\"@id\":\"https:\\\/\\\/www.siegfriedhagl.com\\\/#website\"},\"datePublished\":\"2010-04-27T10:06:11+00:00\",\"dateModified\":\"2024-01-05T10:33:42+00:00\",\"breadcrumb\":{\"@id\":\"https:\\\/\\\/www.siegfriedhagl.com\\\/buch-und-filmbesprechungen\\\/das-abenteuerliche-leben-des-adam-dreyling-2\\\/#breadcrumb\"},\"inLanguage\":\"it-IT\",\"potentialAction\":[{\"@type\":\"ReadAction\",\"target\":[\"https:\\\/\\\/www.siegfriedhagl.com\\\/buch-und-filmbesprechungen\\\/das-abenteuerliche-leben-des-adam-dreyling-2\\\/\"]}]},{\"@type\":\"BreadcrumbList\",\"@id\":\"https:\\\/\\\/www.siegfriedhagl.com\\\/buch-und-filmbesprechungen\\\/das-abenteuerliche-leben-des-adam-dreyling-2\\\/#breadcrumb\",\"itemListElement\":[{\"@type\":\"ListItem\",\"position\":1,\"name\":\"Startseite\",\"item\":\"https:\\\/\\\/www.siegfriedhagl.com\\\/\"},{\"@type\":\"ListItem\",\"position\":2,\"name\":\"Das abenteuerliche Leben des Adam Dreyling\"}]},{\"@type\":\"WebSite\",\"@id\":\"https:\\\/\\\/www.siegfriedhagl.com\\\/#website\",\"url\":\"https:\\\/\\\/www.siegfriedhagl.com\\\/\",\"name\":\"SiegfriedHagl.com\",\"description\":\"Artikel und Blog von Siegfried Hagl\",\"publisher\":{\"@id\":\"https:\\\/\\\/www.siegfriedhagl.com\\\/#\\\/schema\\\/person\\\/263c4a916fa13b3e7eda58f6c8c2695f\"},\"potentialAction\":[{\"@type\":\"SearchAction\",\"target\":{\"@type\":\"EntryPoint\",\"urlTemplate\":\"https:\\\/\\\/www.siegfriedhagl.com\\\/?s={search_term_string}\"},\"query-input\":{\"@type\":\"PropertyValueSpecification\",\"valueRequired\":true,\"valueName\":\"search_term_string\"}}],\"inLanguage\":\"it-IT\"},{\"@type\":[\"Person\",\"Organization\"],\"@id\":\"https:\\\/\\\/www.siegfriedhagl.com\\\/#\\\/schema\\\/person\\\/263c4a916fa13b3e7eda58f6c8c2695f\",\"name\":\"siegfriedhagl\",\"image\":{\"@type\":\"ImageObject\",\"inLanguage\":\"it-IT\",\"@id\":\"https:\\\/\\\/secure.gravatar.com\\\/avatar\\\/45b010d0734a07d6fa163753be02d78684ff4128f419d6ee0a0370de54233f1c?s=96&d=mm&r=g\",\"url\":\"https:\\\/\\\/secure.gravatar.com\\\/avatar\\\/45b010d0734a07d6fa163753be02d78684ff4128f419d6ee0a0370de54233f1c?s=96&d=mm&r=g\",\"contentUrl\":\"https:\\\/\\\/secure.gravatar.com\\\/avatar\\\/45b010d0734a07d6fa163753be02d78684ff4128f419d6ee0a0370de54233f1c?s=96&d=mm&r=g\",\"caption\":\"siegfriedhagl\"},\"logo\":{\"@id\":\"https:\\\/\\\/secure.gravatar.com\\\/avatar\\\/45b010d0734a07d6fa163753be02d78684ff4128f419d6ee0a0370de54233f1c?s=96&d=mm&r=g\"},\"sameAs\":[\"http:\\\/\\\/www.hagl.net\"]}]}<\/script>\n<!-- \/ Yoast SEO plugin. -->","yoast_head_json":{"title":"La vita avventurosa di Adam Dreyling - SiegfriedHagl.com","robots":{"index":"index","follow":"follow","max-snippet":"max-snippet:-1","max-image-preview":"max-image-preview:large","max-video-preview":"max-video-preview:-1"},"canonical":"https:\/\/www.siegfriedhagl.com\/it\/recensioni-di-libri-e-film\/la-vita-avventurosa-di-adam-dreyling-2\/","og_locale":"it_IT","og_type":"article","og_title":"Das abenteuerliche Leben des Adam Dreyling &#8211; SiegfriedHagl.com","og_description":"\u201eDer Meister des siebten Siegels\u201c \u2013 nur ein historischer Roman oder doch mehr? \u00a0Ver\u00f6ffentlicht in Gralswelt 58\/2010 Die Weltgeschichte besteht aus einem Zusammenspiel vieler Kr\u00e4fte, und nicht selten k\u00f6nnen scheinbare Nebens\u00e4chlichkeiten \u00fcberragende Bedeutung erhalten. So auch bei der bekannten Seeschlacht zwischen der gro\u00dfen spanischen Armada und der englischen Flotte im Jahre 1588. Der englische Sieg [&hellip;]","og_url":"https:\/\/www.siegfriedhagl.com\/it\/recensioni-di-libri-e-film\/la-vita-avventurosa-di-adam-dreyling-2\/","og_site_name":"SiegfriedHagl.com","article_published_time":"2010-04-27T10:06:11+00:00","article_modified_time":"2024-01-05T10:33:42+00:00","author":"siegfriedhagl","twitter_card":"summary_large_image","twitter_misc":{"Scritto da":"siegfriedhagl","Tempo di lettura stimato":"4 minuti"},"schema":{"@context":"https:\/\/schema.org","@graph":[{"@type":"Article","@id":"https:\/\/www.siegfriedhagl.com\/buch-und-filmbesprechungen\/das-abenteuerliche-leben-des-adam-dreyling-2\/#article","isPartOf":{"@id":"https:\/\/www.siegfriedhagl.com\/buch-und-filmbesprechungen\/das-abenteuerliche-leben-des-adam-dreyling-2\/"},"author":{"name":"siegfriedhagl","@id":"https:\/\/www.siegfriedhagl.com\/#\/schema\/person\/263c4a916fa13b3e7eda58f6c8c2695f"},"headline":"Das abenteuerliche Leben des Adam Dreyling","datePublished":"2010-04-27T10:06:11+00:00","dateModified":"2024-01-05T10:33:42+00:00","mainEntityOfPage":{"@id":"https:\/\/www.siegfriedhagl.com\/buch-und-filmbesprechungen\/das-abenteuerliche-leben-des-adam-dreyling-2\/"},"wordCount":670,"publisher":{"@id":"https:\/\/www.siegfriedhagl.com\/#\/schema\/person\/263c4a916fa13b3e7eda58f6c8c2695f"},"articleSection":["Buch- und Filmbesprechungen"],"inLanguage":"it-IT"},{"@type":"WebPage","@id":"https:\/\/www.siegfriedhagl.com\/buch-und-filmbesprechungen\/das-abenteuerliche-leben-des-adam-dreyling-2\/","url":"https:\/\/www.siegfriedhagl.com\/buch-und-filmbesprechungen\/das-abenteuerliche-leben-des-adam-dreyling-2\/","name":"La vita avventurosa di Adam Dreyling - SiegfriedHagl.com","isPartOf":{"@id":"https:\/\/www.siegfriedhagl.com\/#website"},"datePublished":"2010-04-27T10:06:11+00:00","dateModified":"2024-01-05T10:33:42+00:00","breadcrumb":{"@id":"https:\/\/www.siegfriedhagl.com\/buch-und-filmbesprechungen\/das-abenteuerliche-leben-des-adam-dreyling-2\/#breadcrumb"},"inLanguage":"it-IT","potentialAction":[{"@type":"ReadAction","target":["https:\/\/www.siegfriedhagl.com\/buch-und-filmbesprechungen\/das-abenteuerliche-leben-des-adam-dreyling-2\/"]}]},{"@type":"BreadcrumbList","@id":"https:\/\/www.siegfriedhagl.com\/buch-und-filmbesprechungen\/das-abenteuerliche-leben-des-adam-dreyling-2\/#breadcrumb","itemListElement":[{"@type":"ListItem","position":1,"name":"Startseite","item":"https:\/\/www.siegfriedhagl.com\/"},{"@type":"ListItem","position":2,"name":"Das abenteuerliche Leben des Adam Dreyling"}]},{"@type":"WebSite","@id":"https:\/\/www.siegfriedhagl.com\/#website","url":"https:\/\/www.siegfriedhagl.com\/","name":"SiegfriedHagl.com","description":"Articolo e blog di Siegfried Hagl","publisher":{"@id":"https:\/\/www.siegfriedhagl.com\/#\/schema\/person\/263c4a916fa13b3e7eda58f6c8c2695f"},"potentialAction":[{"@type":"SearchAction","target":{"@type":"EntryPoint","urlTemplate":"https:\/\/www.siegfriedhagl.com\/?s={search_term_string}"},"query-input":{"@type":"PropertyValueSpecification","valueRequired":true,"valueName":"search_term_string"}}],"inLanguage":"it-IT"},{"@type":["Person","Organization"],"@id":"https:\/\/www.siegfriedhagl.com\/#\/schema\/person\/263c4a916fa13b3e7eda58f6c8c2695f","name":"siegfriedhagl","image":{"@type":"ImageObject","inLanguage":"it-IT","@id":"https:\/\/secure.gravatar.com\/avatar\/45b010d0734a07d6fa163753be02d78684ff4128f419d6ee0a0370de54233f1c?s=96&d=mm&r=g","url":"https:\/\/secure.gravatar.com\/avatar\/45b010d0734a07d6fa163753be02d78684ff4128f419d6ee0a0370de54233f1c?s=96&d=mm&r=g","contentUrl":"https:\/\/secure.gravatar.com\/avatar\/45b010d0734a07d6fa163753be02d78684ff4128f419d6ee0a0370de54233f1c?s=96&d=mm&r=g","caption":"siegfriedhagl"},"logo":{"@id":"https:\/\/secure.gravatar.com\/avatar\/45b010d0734a07d6fa163753be02d78684ff4128f419d6ee0a0370de54233f1c?s=96&d=mm&r=g"},"sameAs":["http:\/\/www.hagl.net"]}]}},"_links":{"self":[{"href":"https:\/\/www.siegfriedhagl.com\/it\/wp-json\/wp\/v2\/posts\/1489","targetHints":{"allow":["GET"]}}],"collection":[{"href":"https:\/\/www.siegfriedhagl.com\/it\/wp-json\/wp\/v2\/posts"}],"about":[{"href":"https:\/\/www.siegfriedhagl.com\/it\/wp-json\/wp\/v2\/types\/post"}],"author":[{"embeddable":true,"href":"https:\/\/www.siegfriedhagl.com\/it\/wp-json\/wp\/v2\/users\/2"}],"replies":[{"embeddable":true,"href":"https:\/\/www.siegfriedhagl.com\/it\/wp-json\/wp\/v2\/comments?post=1489"}],"version-history":[{"count":10,"href":"https:\/\/www.siegfriedhagl.com\/it\/wp-json\/wp\/v2\/posts\/1489\/revisions"}],"predecessor-version":[{"id":10523,"href":"https:\/\/www.siegfriedhagl.com\/it\/wp-json\/wp\/v2\/posts\/1489\/revisions\/10523"}],"wp:attachment":[{"href":"https:\/\/www.siegfriedhagl.com\/it\/wp-json\/wp\/v2\/media?parent=1489"}],"wp:term":[{"taxonomy":"category","embeddable":true,"href":"https:\/\/www.siegfriedhagl.com\/it\/wp-json\/wp\/v2\/categories?post=1489"},{"taxonomy":"post_tag","embeddable":true,"href":"https:\/\/www.siegfriedhagl.com\/it\/wp-json\/wp\/v2\/tags?post=1489"}],"curies":[{"name":"wp","href":"https:\/\/api.w.org\/{rel}","templated":true}]}}