{"id":1098,"date":"2009-05-10T17:34:59","date_gmt":"2009-05-10T16:34:59","guid":{"rendered":"https:\/\/www.siegfriedhagl.com\/?page_id=1098"},"modified":"2021-12-21T15:25:32","modified_gmt":"2021-12-21T14:25:32","slug":"fruhe-jahre-eines-genius","status":"publish","type":"post","link":"https:\/\/www.siegfriedhagl.com\/it\/storie-strane\/primi-anni-di-un-genio\/","title":{"rendered":"I primi anni di un genio"},"content":{"rendered":"<blockquote><p>(Pubblicato su GralsWelt 19\/2001)<\/p><\/blockquote>\n<p><strong><em>Uno degli eventi pi\u00f9 emozionanti della storia \u00e8 l&#039;osservazione di come prevalgono i geni, anche in condizioni di partenza sfavorevoli, e di come trovano il loro compito, la loro vocazione. Spesso sperimentano il sostegno di persone che riconoscono il loro talento e aiutano disinteressatamente. Ci sono molti esempi, spesso commoventi; Eccone uno come parte della serie Strange Stories, un contributo che rende anche omaggio a un genio musicale di fama mondiale di cui \u00e8 stato recentemente commemorato il 100\u00b0 anniversario.\u00a0<\/em><\/strong><\/p>\n<p><strong>Un figlio di poveri<\/strong><\/p>\n<p>Il padre del nostro genio si chiamava Carlo Giuseppe. Abit\u00f2 con la moglie Luigia Uttini a Le Roncole, un paese vicino a Busseto nel Ducato di Parma. Possedevano una piccola fattoria e gestivano un emporio con una locanda. Era guerra e la vita era dura. Entrambi i genitori erano analfabeti e l&#039;istruzione del loro figlio dotato era inizialmente al livello di una scuola rurale per nani. Le sue lezioni non erano quasi regolari; interrotto pi\u00f9 e pi\u00f9 volte dalle esigenze della vita quotidiana e dai desideri della chiesa: il nostro eroe doveva accompagnare il padre a fare la spesa a Busseto, aiutare nella bottega e nel giardinaggio e fare il chierichetto. Il nome del ragazzo era comunque <strong>Fortuna Giuseppe Francesco Verdi<\/strong>, nato il 10 ottobre 1813 a Le Roncole, morto il 27 gennaio 1901 a Milano.<\/p>\n<p><strong>Un genio trova sponsor<\/strong><\/p>\n<p>Qualche tempo prima degli otto anni, forse come regalo di compleanno o di onomastico, Giuseppe ricevette un regalo insolito per la sua condizione: una spinetta da tavolo o un piccolo clavicembalo. Era un clavicembalo in piedi, le cui corde erano pizzicate da piccoli bottoni di pelle sul meccanismo a chiave.<\/p>\n<p>A questa et\u00e0 Mozart (1756-1791), che godeva di migliori condizioni da star, gi\u00e0 dava concerti e componeva.<\/p>\n<p>Viene da chiedersi che Carlo, il droghiere e contadino, potesse permettersi un simile dono, anche dopo che gli anni della brutta guerra erano passati e la vita stava lentamente migliorando. Tuttavia, la spinetta e il clavicembalo erano passati di moda intorno al 1820 ed erano stati sostituiti dal pianoforte, che pu\u00f2 essere suonato piano (piano) e forte (forte); da qui il nome &quot;pianoforte&quot;. I clavicembali scartati erano relativamente economici e Carlo Verdi riusc\u00ec ad acquisire un regalo cos\u00ec straordinario per suo figlio; i posteri lo devono ringraziare!<\/p>\n<p>Lo strumento per\u00f2 era vecchio e graffiato, mancavano i pedali e la meccanica era difettosa. Poi apparve il successivo mecenate del giovane e dotato Verdi, un abile artigiano che document\u00f2 il suo lavoro su un adesivo ritrovato anni dopo nello strumento, in modo che il suo nome non potesse mancare in nessuna biografia verdiana:<br \/>\n<em>\u201cQuesti martelli sono stati rinnovati e rivestiti di pelle da me, Stefano Cavaletti. Ho montato i pedali e ho regalato tutto. Ho anche riparato gratuitamente i suddetti martelli, perch\u00e9 vedere la grande abilit\u00e0 che mostra il giovane Verdi nell&#039;imparare a suonare questo strumento \u00e8 per me la pi\u00f9 grande ricompensa\u201d.<\/em><\/p>\n<p>Questo piccolo vecchio clavicembalo apr\u00ec la strada al genio del giovane Giuseppe; il suo talento \u00e8 stato permesso di mettersi alla prova. Altri sponsor hanno riconosciuto il suo talento e lo hanno sostenuto.<\/p>\n<p>Ma prima doveva sopravvivere, perch\u00e9 non era lontano e non sarebbe sopravvissuto fino a due anni.<\/p>\n<p><strong>La guerra arriva a Le Roncole<\/strong><\/p>\n<p>Quando nacque Giuseppe Verdi, la guerra tra Austria e Francia era in pieno svolgimento. Il Nord Italia \u00e8 stato uno dei campi di battaglia di questo sanguinoso conflitto. Nel 1814, i francesi dovettero ritirarsi davanti all&#039;avanzata di austriaci e russi. Le truppe russe inseguirono i soldati francesi in fuga attraverso il luogo di nascita di Verdi, dove i cosacchi uccisero e saccheggiarono. Terrorizzata dai cosacchi, che avevano fama di mangiare i bambini vivi, Luigia Verdi, stringendosi al petto il bambino di un anno, sal\u00ec sulla torre della chiesa delle Roncole e si nascose nel campanile. Il pi\u00f9 grande musicista italiano, uno dei pi\u00f9 grandi compositori del mondo, forse \u00e8 sfuggito a una fine prematura e crudele solo grazie al coraggio disperato della madre, e l&#039;umanit\u00e0 sarebbe pi\u00f9 povera senza la feroce determinazione di questa donna profondamente spaventata.<\/p>\n<p>Si pu\u00f2 dare per scontata questa toccante storia, perch\u00e9 molto pi\u00f9 tardi, l&#039;allora settantenne Verdi guid\u00f2 un visitatore dalla Germania attraverso la sua citt\u00e0 natale (di Verdi). Verdi indic\u00f2 il vecchio campanile della chiesa e disse:<br \/>\n<em>\u201cLass\u00f9, con me in braccio, mia madre si rifugi\u00f2 dai Russi nel 1814, il cui saccheggio terrorizz\u00f2 per ventiquattro ore gli abitanti di Roncole. Per tutto il tempo si nascose nel campanile, accessibile solo tramite una scala, terrorizzata che tradissi il nostro nascondiglio piangendo. Per fortuna ho dormito quasi senza sosta e mi sono svegliato ridendo con grande soddisfazione\u201d.\u00a0<\/em><\/p>\n<p><strong>Letteratura:<br \/>\n<\/strong><em>E\u00f6sze, L\u00e4szl\u00f3: &quot;Se Verdi avesse tenuto un diario&quot;, autopubblicazione, 1990, ISBN 963 13 2995 X.<br \/>\n<\/em><em>Martin, George: &quot;Verdi, la sua musica, vita e tempi&quot;, Dood, Mead &amp; Co., New York, 1983.<br \/>\n<\/em><em>Osborne, Charles: &quot;Verdi&quot;, Alfred A. Knopf, New York, 1987.\u00a0<\/em><\/p>","protected":false},"excerpt":{"rendered":"<p>(Ver\u00f6ffentlicht in\u00a0 GralsWelt 19\/2001) Zu den spannendsten Ereignissen der Geschichte geh\u00f6rt die Beobachtung, wie sich Genies auch unter ung\u00fcnstigen Startbe\u00addingungen durchsetzen und zu ihrer Aufgabe, ihrer Berufung finden. H\u00e4ufig erfahren sie dabei Unterst\u00fctzung von Menschen, welche die Begabung erkennen und selbstlos helfen. Es gibt viele, nicht selten bewegende Beispiele; hier eines im Rahmen der Serie [&hellip;]<\/p>\n","protected":false},"author":2,"featured_media":0,"comment_status":"closed","ping_status":"open","sticky":false,"template":"","format":"standard","meta":{"footnotes":""},"categories":[9],"tags":[],"class_list":["post-1098","post","type-post","status-publish","format-standard","hentry","category-merkwuerdige-geschichten"],"yoast_head":"<!-- This site is optimized with the Yoast SEO plugin v27.5 - https:\/\/yoast.com\/product\/yoast-seo-wordpress\/ -->\n<title>Fr\u00fche Jahre eines Genius &#8211; SiegfriedHagl.com<\/title>\n<meta name=\"robots\" content=\"index, follow, max-snippet:-1, max-image-preview:large, max-video-preview:-1\" \/>\n<link rel=\"canonical\" href=\"https:\/\/www.siegfriedhagl.com\/it\/storie-strane\/primi-anni-di-un-genio\/\" \/>\n<meta property=\"og:locale\" content=\"it_IT\" \/>\n<meta property=\"og:type\" content=\"article\" \/>\n<meta property=\"og:title\" content=\"Fr\u00fche Jahre eines Genius &#8211; SiegfriedHagl.com\" \/>\n<meta property=\"og:description\" content=\"(Ver\u00f6ffentlicht in\u00a0 GralsWelt 19\/2001) Zu den spannendsten Ereignissen der Geschichte geh\u00f6rt die Beobachtung, wie sich Genies auch unter ung\u00fcnstigen Startbe\u00addingungen durchsetzen und zu ihrer Aufgabe, ihrer Berufung finden. H\u00e4ufig erfahren sie dabei Unterst\u00fctzung von Menschen, welche die Begabung erkennen und selbstlos helfen. Es gibt viele, nicht selten bewegende Beispiele; hier eines im Rahmen der Serie [&hellip;]\" \/>\n<meta property=\"og:url\" content=\"https:\/\/www.siegfriedhagl.com\/it\/storie-strane\/primi-anni-di-un-genio\/\" \/>\n<meta property=\"og:site_name\" content=\"SiegfriedHagl.com\" \/>\n<meta property=\"article:published_time\" content=\"2009-05-10T16:34:59+00:00\" \/>\n<meta property=\"article:modified_time\" content=\"2021-12-21T14:25:32+00:00\" \/>\n<meta name=\"author\" content=\"siegfriedhagl\" \/>\n<meta name=\"twitter:card\" content=\"summary_large_image\" \/>\n<meta name=\"twitter:label1\" content=\"Scritto da\" \/>\n\t<meta name=\"twitter:data1\" content=\"siegfriedhagl\" \/>\n\t<meta name=\"twitter:label2\" content=\"Tempo di lettura stimato\" \/>\n\t<meta name=\"twitter:data2\" content=\"5 minuti\" \/>\n<script type=\"application\/ld+json\" class=\"yoast-schema-graph\">{\"@context\":\"https:\\\/\\\/schema.org\",\"@graph\":[{\"@type\":\"Article\",\"@id\":\"https:\\\/\\\/www.siegfriedhagl.com\\\/merkwuerdige-geschichten\\\/fruhe-jahre-eines-genius\\\/#article\",\"isPartOf\":{\"@id\":\"https:\\\/\\\/www.siegfriedhagl.com\\\/merkwuerdige-geschichten\\\/fruhe-jahre-eines-genius\\\/\"},\"author\":{\"name\":\"siegfriedhagl\",\"@id\":\"https:\\\/\\\/www.siegfriedhagl.com\\\/#\\\/schema\\\/person\\\/263c4a916fa13b3e7eda58f6c8c2695f\"},\"headline\":\"Fr\u00fche Jahre eines Genius\",\"datePublished\":\"2009-05-10T16:34:59+00:00\",\"dateModified\":\"2021-12-21T14:25:32+00:00\",\"mainEntityOfPage\":{\"@id\":\"https:\\\/\\\/www.siegfriedhagl.com\\\/merkwuerdige-geschichten\\\/fruhe-jahre-eines-genius\\\/\"},\"wordCount\":843,\"publisher\":{\"@id\":\"https:\\\/\\\/www.siegfriedhagl.com\\\/#\\\/schema\\\/person\\\/263c4a916fa13b3e7eda58f6c8c2695f\"},\"articleSection\":[\"Merkw\u00fcrdige Geschichten\"],\"inLanguage\":\"it-IT\"},{\"@type\":\"WebPage\",\"@id\":\"https:\\\/\\\/www.siegfriedhagl.com\\\/merkwuerdige-geschichten\\\/fruhe-jahre-eines-genius\\\/\",\"url\":\"https:\\\/\\\/www.siegfriedhagl.com\\\/merkwuerdige-geschichten\\\/fruhe-jahre-eines-genius\\\/\",\"name\":\"Fr\u00fche Jahre eines Genius &#8211; SiegfriedHagl.com\",\"isPartOf\":{\"@id\":\"https:\\\/\\\/www.siegfriedhagl.com\\\/#website\"},\"datePublished\":\"2009-05-10T16:34:59+00:00\",\"dateModified\":\"2021-12-21T14:25:32+00:00\",\"breadcrumb\":{\"@id\":\"https:\\\/\\\/www.siegfriedhagl.com\\\/merkwuerdige-geschichten\\\/fruhe-jahre-eines-genius\\\/#breadcrumb\"},\"inLanguage\":\"it-IT\",\"potentialAction\":[{\"@type\":\"ReadAction\",\"target\":[\"https:\\\/\\\/www.siegfriedhagl.com\\\/merkwuerdige-geschichten\\\/fruhe-jahre-eines-genius\\\/\"]}]},{\"@type\":\"BreadcrumbList\",\"@id\":\"https:\\\/\\\/www.siegfriedhagl.com\\\/merkwuerdige-geschichten\\\/fruhe-jahre-eines-genius\\\/#breadcrumb\",\"itemListElement\":[{\"@type\":\"ListItem\",\"position\":1,\"name\":\"Startseite\",\"item\":\"https:\\\/\\\/www.siegfriedhagl.com\\\/\"},{\"@type\":\"ListItem\",\"position\":2,\"name\":\"Fr\u00fche Jahre eines Genius\"}]},{\"@type\":\"WebSite\",\"@id\":\"https:\\\/\\\/www.siegfriedhagl.com\\\/#website\",\"url\":\"https:\\\/\\\/www.siegfriedhagl.com\\\/\",\"name\":\"SiegfriedHagl.com\",\"description\":\"Artikel und Blog von Siegfried Hagl\",\"publisher\":{\"@id\":\"https:\\\/\\\/www.siegfriedhagl.com\\\/#\\\/schema\\\/person\\\/263c4a916fa13b3e7eda58f6c8c2695f\"},\"potentialAction\":[{\"@type\":\"SearchAction\",\"target\":{\"@type\":\"EntryPoint\",\"urlTemplate\":\"https:\\\/\\\/www.siegfriedhagl.com\\\/?s={search_term_string}\"},\"query-input\":{\"@type\":\"PropertyValueSpecification\",\"valueRequired\":true,\"valueName\":\"search_term_string\"}}],\"inLanguage\":\"it-IT\"},{\"@type\":[\"Person\",\"Organization\"],\"@id\":\"https:\\\/\\\/www.siegfriedhagl.com\\\/#\\\/schema\\\/person\\\/263c4a916fa13b3e7eda58f6c8c2695f\",\"name\":\"siegfriedhagl\",\"image\":{\"@type\":\"ImageObject\",\"inLanguage\":\"it-IT\",\"@id\":\"https:\\\/\\\/secure.gravatar.com\\\/avatar\\\/45b010d0734a07d6fa163753be02d78684ff4128f419d6ee0a0370de54233f1c?s=96&d=mm&r=g\",\"url\":\"https:\\\/\\\/secure.gravatar.com\\\/avatar\\\/45b010d0734a07d6fa163753be02d78684ff4128f419d6ee0a0370de54233f1c?s=96&d=mm&r=g\",\"contentUrl\":\"https:\\\/\\\/secure.gravatar.com\\\/avatar\\\/45b010d0734a07d6fa163753be02d78684ff4128f419d6ee0a0370de54233f1c?s=96&d=mm&r=g\",\"caption\":\"siegfriedhagl\"},\"logo\":{\"@id\":\"https:\\\/\\\/secure.gravatar.com\\\/avatar\\\/45b010d0734a07d6fa163753be02d78684ff4128f419d6ee0a0370de54233f1c?s=96&d=mm&r=g\"},\"sameAs\":[\"http:\\\/\\\/www.hagl.net\"]}]}<\/script>\n<!-- \/ Yoast SEO plugin. -->","yoast_head_json":{"title":"I primi anni di un genio - SiegfriedHagl.com","robots":{"index":"index","follow":"follow","max-snippet":"max-snippet:-1","max-image-preview":"max-image-preview:large","max-video-preview":"max-video-preview:-1"},"canonical":"https:\/\/www.siegfriedhagl.com\/it\/storie-strane\/primi-anni-di-un-genio\/","og_locale":"it_IT","og_type":"article","og_title":"Fr\u00fche Jahre eines Genius &#8211; SiegfriedHagl.com","og_description":"(Ver\u00f6ffentlicht in\u00a0 GralsWelt 19\/2001) Zu den spannendsten Ereignissen der Geschichte geh\u00f6rt die Beobachtung, wie sich Genies auch unter ung\u00fcnstigen Startbe\u00addingungen durchsetzen und zu ihrer Aufgabe, ihrer Berufung finden. H\u00e4ufig erfahren sie dabei Unterst\u00fctzung von Menschen, welche die Begabung erkennen und selbstlos helfen. Es gibt viele, nicht selten bewegende Beispiele; hier eines im Rahmen der Serie [&hellip;]","og_url":"https:\/\/www.siegfriedhagl.com\/it\/storie-strane\/primi-anni-di-un-genio\/","og_site_name":"SiegfriedHagl.com","article_published_time":"2009-05-10T16:34:59+00:00","article_modified_time":"2021-12-21T14:25:32+00:00","author":"siegfriedhagl","twitter_card":"summary_large_image","twitter_misc":{"Scritto da":"siegfriedhagl","Tempo di lettura stimato":"5 minuti"},"schema":{"@context":"https:\/\/schema.org","@graph":[{"@type":"Article","@id":"https:\/\/www.siegfriedhagl.com\/merkwuerdige-geschichten\/fruhe-jahre-eines-genius\/#article","isPartOf":{"@id":"https:\/\/www.siegfriedhagl.com\/merkwuerdige-geschichten\/fruhe-jahre-eines-genius\/"},"author":{"name":"siegfriedhagl","@id":"https:\/\/www.siegfriedhagl.com\/#\/schema\/person\/263c4a916fa13b3e7eda58f6c8c2695f"},"headline":"Fr\u00fche Jahre eines Genius","datePublished":"2009-05-10T16:34:59+00:00","dateModified":"2021-12-21T14:25:32+00:00","mainEntityOfPage":{"@id":"https:\/\/www.siegfriedhagl.com\/merkwuerdige-geschichten\/fruhe-jahre-eines-genius\/"},"wordCount":843,"publisher":{"@id":"https:\/\/www.siegfriedhagl.com\/#\/schema\/person\/263c4a916fa13b3e7eda58f6c8c2695f"},"articleSection":["Merkw\u00fcrdige Geschichten"],"inLanguage":"it-IT"},{"@type":"WebPage","@id":"https:\/\/www.siegfriedhagl.com\/merkwuerdige-geschichten\/fruhe-jahre-eines-genius\/","url":"https:\/\/www.siegfriedhagl.com\/merkwuerdige-geschichten\/fruhe-jahre-eines-genius\/","name":"I primi anni di un genio - SiegfriedHagl.com","isPartOf":{"@id":"https:\/\/www.siegfriedhagl.com\/#website"},"datePublished":"2009-05-10T16:34:59+00:00","dateModified":"2021-12-21T14:25:32+00:00","breadcrumb":{"@id":"https:\/\/www.siegfriedhagl.com\/merkwuerdige-geschichten\/fruhe-jahre-eines-genius\/#breadcrumb"},"inLanguage":"it-IT","potentialAction":[{"@type":"ReadAction","target":["https:\/\/www.siegfriedhagl.com\/merkwuerdige-geschichten\/fruhe-jahre-eines-genius\/"]}]},{"@type":"BreadcrumbList","@id":"https:\/\/www.siegfriedhagl.com\/merkwuerdige-geschichten\/fruhe-jahre-eines-genius\/#breadcrumb","itemListElement":[{"@type":"ListItem","position":1,"name":"Startseite","item":"https:\/\/www.siegfriedhagl.com\/"},{"@type":"ListItem","position":2,"name":"Fr\u00fche Jahre eines Genius"}]},{"@type":"WebSite","@id":"https:\/\/www.siegfriedhagl.com\/#website","url":"https:\/\/www.siegfriedhagl.com\/","name":"SiegfriedHagl.com","description":"Articolo e blog di Siegfried Hagl","publisher":{"@id":"https:\/\/www.siegfriedhagl.com\/#\/schema\/person\/263c4a916fa13b3e7eda58f6c8c2695f"},"potentialAction":[{"@type":"SearchAction","target":{"@type":"EntryPoint","urlTemplate":"https:\/\/www.siegfriedhagl.com\/?s={search_term_string}"},"query-input":{"@type":"PropertyValueSpecification","valueRequired":true,"valueName":"search_term_string"}}],"inLanguage":"it-IT"},{"@type":["Person","Organization"],"@id":"https:\/\/www.siegfriedhagl.com\/#\/schema\/person\/263c4a916fa13b3e7eda58f6c8c2695f","name":"siegfriedhagl","image":{"@type":"ImageObject","inLanguage":"it-IT","@id":"https:\/\/secure.gravatar.com\/avatar\/45b010d0734a07d6fa163753be02d78684ff4128f419d6ee0a0370de54233f1c?s=96&d=mm&r=g","url":"https:\/\/secure.gravatar.com\/avatar\/45b010d0734a07d6fa163753be02d78684ff4128f419d6ee0a0370de54233f1c?s=96&d=mm&r=g","contentUrl":"https:\/\/secure.gravatar.com\/avatar\/45b010d0734a07d6fa163753be02d78684ff4128f419d6ee0a0370de54233f1c?s=96&d=mm&r=g","caption":"siegfriedhagl"},"logo":{"@id":"https:\/\/secure.gravatar.com\/avatar\/45b010d0734a07d6fa163753be02d78684ff4128f419d6ee0a0370de54233f1c?s=96&d=mm&r=g"},"sameAs":["http:\/\/www.hagl.net"]}]}},"_links":{"self":[{"href":"https:\/\/www.siegfriedhagl.com\/it\/wp-json\/wp\/v2\/posts\/1098","targetHints":{"allow":["GET"]}}],"collection":[{"href":"https:\/\/www.siegfriedhagl.com\/it\/wp-json\/wp\/v2\/posts"}],"about":[{"href":"https:\/\/www.siegfriedhagl.com\/it\/wp-json\/wp\/v2\/types\/post"}],"author":[{"embeddable":true,"href":"https:\/\/www.siegfriedhagl.com\/it\/wp-json\/wp\/v2\/users\/2"}],"replies":[{"embeddable":true,"href":"https:\/\/www.siegfriedhagl.com\/it\/wp-json\/wp\/v2\/comments?post=1098"}],"version-history":[{"count":5,"href":"https:\/\/www.siegfriedhagl.com\/it\/wp-json\/wp\/v2\/posts\/1098\/revisions"}],"predecessor-version":[{"id":8306,"href":"https:\/\/www.siegfriedhagl.com\/it\/wp-json\/wp\/v2\/posts\/1098\/revisions\/8306"}],"wp:attachment":[{"href":"https:\/\/www.siegfriedhagl.com\/it\/wp-json\/wp\/v2\/media?parent=1098"}],"wp:term":[{"taxonomy":"category","embeddable":true,"href":"https:\/\/www.siegfriedhagl.com\/it\/wp-json\/wp\/v2\/categories?post=1098"},{"taxonomy":"post_tag","embeddable":true,"href":"https:\/\/www.siegfriedhagl.com\/it\/wp-json\/wp\/v2\/tags?post=1098"}],"curies":[{"name":"wp","href":"https:\/\/api.w.org\/{rel}","templated":true}]}}