{"id":766,"date":"2009-04-23T11:54:36","date_gmt":"2009-04-23T10:54:36","guid":{"rendered":"https:\/\/www.siegfriedhagl.com\/?page_id=766"},"modified":"2023-08-15T09:03:01","modified_gmt":"2023-08-15T08:03:01","slug":"vom-land-der-morgenstille","status":"publish","type":"post","link":"https:\/\/www.siegfriedhagl.com\/fr\/recit\/du-pays-du-matin-calme\/","title":{"rendered":"Du pays du matin calme"},"content":{"rendered":"<p><\/p>\n\n\n<blockquote>\n<p>(Publi\u00e9 dans GralsWelt 9\/1998)<\/p>\n<\/blockquote>\n<p><strong>Cor\u00e9e<\/strong>, le &quot;pays du matin calme&quot;, est souvent compar\u00e9 \u00e0 l&#039;Allemagne par ses habitants. Parce que les deux pays \u00e9taient ou sont toujours divis\u00e9s \u00e0 la suite de la Seconde Guerre mondiale.<\/p>\n<p>Cette division du pays est d&#039;autant plus d\u00e9primante pour les Cor\u00e9ens, qu&#039;ils peuvent dire que - du moins au cours du dernier mill\u00e9naire - les guerres n&#039;ont jamais \u00e9man\u00e9 du sol cor\u00e9en, mais que le petit pays, coinc\u00e9 entre des voisins surpuissants, n&#039;a \u00e9t\u00e9 contraint que du temps et encore de se diversifier pour se d\u00e9fendre contre les attaques de l&#039;ext\u00e9rieur.<\/p>\n<blockquote>\n<p><em>Le noble aime la valeur int\u00e9rieure,<\/em><br \/><em> Le m\u00e9chant aime le terrestre,<\/em><br \/><em> Les nobles aiment la loi.<\/em><br \/><em> La moyenne cherche faveur.<\/em><br \/>CONFUSION<\/p>\n<\/blockquote>\n<p>Quand on parle ici de Cor\u00e9e, on entend avant tout la Cor\u00e9e du Sud actuelle, qui s&#039;appelle officiellement la \u00ab R\u00e9publique de Cor\u00e9e \u00bb. Nous ne savons gu\u00e8re plus sur le nord communiste du pays que sur le fait qu&#039;il est tomb\u00e9 entre les griffes d&#039;une dictature brutale qui, avec son &quot;communisme de l&#039;\u00e2ge de pierre&quot;, ruine l&#039;\u00e9conomie du pays, opprime le peuple et livre m\u00eame actuellement plus de 20 millions de malheureux habitants \u00e0 la famine. Comme nous le savons aujourd&#039;hui, cinq d\u00e9cennies de dictature socialiste peuvent laisser derri\u00e8re elles des dommages plus graves \u00e0 l&#039;\u00e9conomie d&#039;un pays et \u00e0 la psych\u00e9 des gens que la Seconde Guerre mondiale.<\/p>\n<p>Apr\u00e8s la guerre de Cor\u00e9e (1950-1953), la Cor\u00e9e du Sud, un peu plus petite en termes de superficie, mais avec une population de 45 millions d&#039;habitants deux fois plus nombreuse que le Nord, \u00e9tait un pays en grande partie d\u00e9truit sans ses propres mati\u00e8res premi\u00e8res, avec de tr\u00e8s agriculture \u00e0 forte intensit\u00e9 de main-d&#039;\u0153uvre et petite industrie; il \u00e9tait compt\u00e9 parmi les pays les plus pauvres du monde.<\/p>\n<p>Aujourd&#039;hui, la petite Cor\u00e9e du Sud surpeupl\u00e9e est le dixi\u00e8me plus grand pays industriel du monde ; il se d\u00e9veloppe sur les march\u00e9s mondiaux, et m\u00eame dans la lointaine Allemagne, les t\u00e9l\u00e9viseurs et les appareils vid\u00e9o cor\u00e9ens sont tout aussi courants dans les supermarch\u00e9s que les voitures cor\u00e9ennes dans les rues. Raison suffisante pour faire face \u00e0 ce &quot;miracle \u00e9conomique&quot; asiatique.<\/p>\n<p><strong>LA CULTURE DE LA COR\u00c9E<\/strong><br \/>La culture cor\u00e9enne a \u00e9t\u00e9 et est fa\u00e7onn\u00e9e par les influences chinoises, et m\u00eame aujourd&#039;hui, les Cor\u00e9ens aiment souligner que la culture sophistiqu\u00e9e est venue de Chine en Cor\u00e9e et de l\u00e0 au Japon.<\/p>\n<p>La pens\u00e9e de nombreux Cor\u00e9ens - en particulier la g\u00e9n\u00e9ration plus \u00e2g\u00e9e - est toujours fa\u00e7onn\u00e9e par les valeurs confuc\u00e9ennes.<br \/>L&#039;\u00e2ge continue de jouer un r\u00f4le majeur dans la vie sociale et il est difficile d&#039;imaginer qu&#039;un jeune couple se marie contre la volont\u00e9 de ses parents.<\/p>\n<p>Les religions les plus r\u00e9pandues au sens occidental sont le christianisme et le bouddhisme.<br \/>Environ 30 % des Cor\u00e9ens s&#039;identifient comme chr\u00e9tiens. La plupart d&#039;entre eux sont diverses \u00e9glises protestantes, seulement environ trois pour cent sont catholiques.<br \/>Le bouddhisme convainc par son ancien h\u00e9ritage culturel, par exemple ses charmants temples, et semble g\u00e9n\u00e9ralement discret dans le silence. Son influence - comme celle du confucianisme - va plus loin qu&#039;un touriste ne le r\u00e9alise dans l&#039;agitation de la vie quotidienne, qui est fortement influenc\u00e9e par l&#039;Am\u00e9rique.<\/p>\n<p>Des vestiges de coutumes chamaniques tr\u00e8s anciennes ont \u00e9galement \u00e9t\u00e9 pr\u00e9serv\u00e9s, que le visiteur ne remarque g\u00e9n\u00e9ralement gu\u00e8re : divination, exorcisme, oracles font tout autant partie de la culture populaire que la m\u00e9decine traditionnelle. (Voir. &quot;<a href=\"https:\/\/www.siegfriedhagl.com\/fr\/critiques-de-livres-et-de-films\/chamans-en-coree\/\">Les chamans en Cor\u00e9e<\/a>&#039; sous &#039;Critiques de livres&#039;).<br \/>Lorsqu&#039;une famille n&#039;a pas de chance, on consulte encore aujourd&#039;hui un g\u00e9omancien pour v\u00e9rifier si la tombe d&#039;un anc\u00eatre n&#039;est pas au bon endroit. Si n\u00e9cessaire, l&#039;anc\u00eatre doit \u00eatre r\u00e9enterr\u00e9 pour mettre fin \u00e0 la s\u00e9rie de malchance.<\/p>\n<p><strong>PASS\u00c9 DIFFICILE<\/strong><br \/>En regardant l&#039;histoire cor\u00e9enne, nous trouvons un autre parall\u00e8le avec l&#039;Allemagne : nous, les Allemands, aimons nous r\u00e9f\u00e9rer au Moyen \u00c2ge avec l&#039;apog\u00e9e de la culture europ\u00e9enne sur le sol allemand ; Les Cor\u00e9ens commencent g\u00e9n\u00e9ralement leur histoire avec les &quot;Trois Royaumes&quot; (Shilla, Paekche, Koguryo), dont le premier royaume cor\u00e9en unifi\u00e9 est n\u00e9 au 8\u00e8me si\u00e8cle.<\/p>\n<p>Le bouddhisme, venu de Chine, a gagn\u00e9 en influence \u00e0 partir du IVe si\u00e8cle jusqu&#039;\u00e0 devenir la religion d&#039;\u00c9tat. Les premi\u00e8res grandes \u0153uvres d&#039;art - y compris de beaux temples, des pagodes et des statues qui sont encore conserv\u00e9es ou reconstruites aujourd&#039;hui - ont \u00e9t\u00e9 cr\u00e9\u00e9es.<\/p>\n<p>Mais les id\u00e9es de Confucius ont \u00e9galement \u00e9t\u00e9 accept\u00e9es et, au VIIIe si\u00e8cle, un examen d&#039;\u00c9tat bas\u00e9 sur le mod\u00e8le chinois a \u00e9t\u00e9 introduit en Cor\u00e9e.<\/p>\n<p>On parle du \u00ab premier \u00e2ge d&#039;or \u00bb de la culture cor\u00e9enne dans le royaume de Shilla, dont l&#039;ancienne capitale Kyongju avec ses sites historiques est une attraction touristique tr\u00e8s visit\u00e9e. Cependant, en 935, l&#039;Empire Shilla p\u00e9rit de sa propre faiblesse. Il a \u00e9t\u00e9 remplac\u00e9 par l&#039;empire &quot;Koryo&quot;, qui a cr\u00e9\u00e9 une seconde floraison de la culture cor\u00e9enne dans une atmosph\u00e8re de menaces internes et externes constantes. C&#039;est ainsi, par exemple, qu&#039;est n\u00e9e la plus ancienne police de caract\u00e8res imprim\u00e9e avec des caract\u00e8res m\u00e9talliques mobiles - c&#039;\u00e9tait au XIIe si\u00e8cle, soit trois si\u00e8cles avant Gutenberg !<\/p>\n<p>Au \u00ab second \u00e2ge d&#039;or \u00bb de l&#039;empire Koryo (918-1392), confuc\u00e9ens et bouddhistes ne s&#039;entendaient pas ; il y avait beaucoup de disputes. Les Mongols, qui ont conquis et pill\u00e9 de grandes parties de la Cor\u00e9e au XIIIe si\u00e8cle, ont donn\u00e9 le reste au royaume divis\u00e9 de Koryo et ont soumis le pays \u00e0 un tribut.<\/p>\n<p>Alors que la puissance mongole d\u00e9clinait au 14\u00e8me si\u00e8cle, la Cor\u00e9e a pu se lib\u00e9rer de la suzerainet\u00e9 mongole, mieux coordonner ses d\u00e9fenses contre les pirates japonais bien organis\u00e9s et mettre en \u0153uvre une r\u00e9forme agraire indispensable. Les querelles religieuses ont pris fin avec la reconnaissance du confucianisme comme \u00e9thique d&#039;\u00c9tat.<\/p>\n<p>Au cours de cette p\u00e9riode \u00ab Joseon \u00bb (1392-1897), qui dura jusqu&#039;\u00e0 l&#039;essor de l&#039;Empire allemand (1897-1910), le \u00ab Troisi\u00e8me \u00e2ge d&#039;or \u00bb tomba avec des r\u00e9alisations culturelles dont le petit pays est encore fier aujourd&#039;hui :<br \/>\u00b7 L&#039;\u00e9criture d\u00e9velopp\u00e9e sur ordre du roi Sejong (r\u00e8gne 1418 \u2013 1450) : Une \u00e9criture alphab\u00e9tique qui n&#039;est \u00e9crite et lue qu&#039;en Cor\u00e9e. Soi-disant, il peut \u00eatre appris tr\u00e8s rapidement et est id\u00e9al pour la langue cor\u00e9enne.<br \/>\u00b7 En 1442, le pluviom\u00e8tre a \u00e9t\u00e9 invent\u00e9, qui n&#039;a \u00e9t\u00e9 r\u00e9invent\u00e9 en Europe que 2 si\u00e8cles plus tard.<br \/>\u00b7 Une notation musicale pour la musique cor\u00e9enne et chinoise.<br \/>\u00b7 Last but not least, la fiert\u00e9 de la Cor\u00e9e est n\u00e9e, les fameux &quot;Turtle Ships&quot;. Ce sont les premiers navires blind\u00e9s de fer et \u00e9quip\u00e9s de canons qui ont sauv\u00e9 la Cor\u00e9e du &quot;Monitor&quot; et du &quot;Merrimac&quot; pendant plus de 200 ans. (Remarque\u00a0: &quot;Monitor&quot; (\u00c9tats du Nord) et &quot;Merrimac&quot; (\u00c9tats du Sud) \u00e9taient les noms des deux cuirass\u00e9s qui se sont battus pendant la guerre civile am\u00e9ricaine en 1862 lors de la premi\u00e8re bataille entre deux canonni\u00e8res blind\u00e9es, qui s&#039;est termin\u00e9e par un match nul. .)<\/p>\n<p>Il faut pr\u00e9ciser ceci : en 1592, la Cor\u00e9e a refus\u00e9 d&#039;envahir la Chine aux c\u00f4t\u00e9s du Japon ; pour cela, il a \u00e9t\u00e9 utilis\u00e9 par les troupes de la <em>Toyotomi Hideyoshi du shogun<\/em> (1536-1598) a \u00e9t\u00e9 envahi et pill\u00e9 par les Japonais. Ce sont surtout les artisans qui ont \u00e9t\u00e9 d\u00e9port\u00e9s de la Cor\u00e9e, en grande partie d\u00e9truite, vers le Japon. Le salut vint des \"Turtle-Ships\" du <em>Amiral Yi Sunshin<\/em>, qui a vaincu les flottes japonaises et coup\u00e9 l&#039;approvisionnement des forces terrestres. Ainsi la Cor\u00e9e, qui \u00e9tait d\u00e9j\u00e0 largement occup\u00e9e par les Japonais, a \u00e9t\u00e9 remplac\u00e9e par le &quot;Korean Nelson&quot; - le 1598 comme le bien connu anglais <em>Amiral Lord Nelson<\/em> (1758 \u2013 1805) est tomb\u00e9 dans une bataille d\u00e9cisive \u2013 sauv\u00e9.<\/p>\n<p>Le pays d\u00e9vast\u00e9 eut peu de temps pour se reposer. D\u00e8s 1636, il fut entra\u00een\u00e9 dans les combats entre les Ming et les Mandchous en Chine ; il a choisi le c\u00f4t\u00e9 des perdants (les Ming) et a \u00e9t\u00e9 contraint de se soumettre aux Mandchous en tant qu&#039;\u00c9tat vassal.<\/p>\n<p><strong>PERSONNE NE FAIT LE &quot;WESTERN BARBAR&quot;<\/strong><br \/>Alors que l&#039;empire chinois mandchou d\u00e9clinait au XVIIIe si\u00e8cle, la Cor\u00e9e retrouvait progressivement son ind\u00e9pendance ; la population a augment\u00e9 et la situation \u00e9conomique s&#039;est am\u00e9lior\u00e9e.<\/p>\n<p>Mais d\u00e9sormais la famille royale ne veut plus rien savoir des pays \u00e9trangers, d&#039;o\u00f9 sont venues tant de mis\u00e8res. Le commerce avec la Chine et le Japon n&#039;a pu se d\u00e9velopper que lentement ; La Cor\u00e9e est devenue l&#039;un des endroits les plus inaccessibles pour les Europ\u00e9ens et a \u00e9t\u00e9 ridiculis\u00e9e comme le &quot;Royaume de l&#039;Ermite&quot;. En cons\u00e9quence, les contacts avec l&#039;Occident sont rest\u00e9s faibles. Bien qu&#039;un navire n\u00e9erlandais se soit \u00e9chou\u00e9 en Cor\u00e9e en 1627, dont le capitaine a \u00e9t\u00e9 nomm\u00e9 conseiller de la cour royale, les contacts occidentaux ult\u00e9rieurs se sont limit\u00e9s aux impressions que les ambassades cor\u00e9ennes accr\u00e9dit\u00e9es aupr\u00e8s de la cour imp\u00e9riale chinoise ont pu obtenir des Europ\u00e9ens qui y comparaissaient.<\/p>\n<p>Lorsque les influences occidentales ne pouvaient plus \u00eatre compl\u00e8tement \u00e9loign\u00e9es de la Cor\u00e9e, la famille royale a r\u00e9agi dans la panique. Au d\u00e9but du XIXe si\u00e8cle, quelques centaines de catholiques convertis par un pr\u00eatre venu de Chine sont fusill\u00e9s. En Chine et en Cor\u00e9e, les dirigeants ont convenu que les enseignements occidentaux sapaient les croyances confuc\u00e9ennes et mettaient en danger l&#039;ordre social.<\/p>\n<p>Incidemment, les Europ\u00e9ens et les Am\u00e9ricains \u00e9taient consid\u00e9r\u00e9s comme incarn\u00e9s dans des cultures sous-humaines bien inf\u00e9rieures \u00e0 la culture asiatique. L&#039;hostilit\u00e9 \u00e0 tout ce qui \u00e9tait \u00e9tranger \u00e9tait si extr\u00eame en Cor\u00e9e qu&#039;en 1866, un navire am\u00e9ricain qui s&#039;\u00e9tait \u00e9chou\u00e9 fut incendi\u00e9 et l&#039;\u00e9quipage ex\u00e9cut\u00e9.<\/p>\n<p>La peur d\u00e9sesp\u00e9r\u00e9e de partir \u00e0 l&#039;\u00e9tranger s&#039;adressait m\u00eame \u00e0 des compatriotes bien intentionn\u00e9s : <em>G\u00e9ographe Kim Chong Ho<\/em> a lutt\u00e9 pendant deux d\u00e9cennies de sa propre initiative pour cr\u00e9er une carte utilisable de la Cor\u00e9e. Lorsque, apr\u00e8s de nombreuses randonn\u00e9es ardues \u00e0 travers toutes les r\u00e9gions du pays, 22 timbres en bois furent enfin disponibles et que la carte put \u00eatre imprim\u00e9e, il d\u00e9dia l&#039;un des premiers exemplaires au gouvernement ; en s\u00e9curit\u00e9 dans l&#039;espoir d&#039;\u00eatre reconnu pour sa r\u00e9alisation unique et son soutien dans l&#039;imprimerie. Mais le r\u00e9gent le fit ex\u00e9cuter (et c&#039;\u00e9tait dans la seconde moiti\u00e9 du XIXe si\u00e8cle !) pour \u00ab avoir trahi des secrets d&#039;\u00c9tat \u00e0 des \u00e9trangers \u00bb et les planches d&#039;imprimerie furent br\u00fbl\u00e9es.<\/p>\n<p><strong>LA COR\u00c9E DEVIENT UNE COLONIE<\/strong><br \/>Vers la fin du XIXe si\u00e8cle, les Russes et les Japonais ont harcel\u00e9 la Cor\u00e9e, qui vivait encore dans des structures f\u00e9odales et confuc\u00e9ennes. Celui-ci essayait toujours de se maintenir &quot;pur&quot; des influences \u00e9trang\u00e8res, de la science et de la technologie europ\u00e9ennes.<\/p>\n<p>Finalement, apr\u00e8s les guerres contre la Chine et la Russie, le Japon a pr\u00e9valu et a fait de la Cor\u00e9e d&#039;abord un protectorat, puis sa colonie en 1910.<\/p>\n<p>La p\u00e9riode de r\u00e9pression violente de tout ce qui est cor\u00e9en et une tentative d&#039;introduire la langue et la culture japonaises par la force ont commenc\u00e9. Cela alla si loin qu&#039;en 1936 le monde entier se souvint de la victoire olympique des &quot;japonais&quot;. <em>Fils de Kitei<\/em> dans le marathon dont le nom est Kee Chung Son et est cor\u00e9en. En 1988, il \u00e9tait le pr\u00e9sentateur du relais qui a amen\u00e9 la flamme olympique \u00e0 S\u00e9oul.<\/p>\n<p>Certes, le Japon a beaucoup fait pour l&#039;industrialisation et l&#039;expansion de l&#039;infrastructure en Cor\u00e9e ; pas \u00e0 cause des Cor\u00e9ens, mais comme base pour les Japonais qui aspirent \u00e0 une grande puissance.<\/p>\n<p>\u00c0 ce jour, les Cor\u00e9ens sont fa\u00e7onn\u00e9s par un traumatisme de cette p\u00e9riode : d&#039;une part, ils admirent les r\u00e9alisations \u00e9conomiques de leur voisin mal-aim\u00e9 comme exemplaires ; d&#039;autre part, les humiliations de l&#039;occupation sont encore tr\u00e8s, tr\u00e8s profondes, et la moindre raison suffit \u00e0 laisser monter l&#039;\u00e9motion.<\/p>\n<p>La fin de la Seconde Guerre mondiale, la d\u00e9faite totale du Japon, n&#039;a pas apport\u00e9 la lib\u00e9ration compl\u00e8te de la Cor\u00e9e ; le pays \u00e9tait divis\u00e9. Une division qui doit \u00eatre ressentie d&#039;autant plus am\u00e8rement que la Cor\u00e9e \u2013 contrairement \u00e0 l&#039;Allemagne \u2013 ne porte aucune culpabilit\u00e9 de guerre et \u2013 comme si souvent dans son histoire \u2013 se sent victime d&#039;int\u00e9r\u00eats \u00e9trangers.<\/p>\n<p>Mais ce n&#039;est pas tout : au petit matin du 25 juin 1950, des troupes nord-cor\u00e9ennes bien \u00e9quip\u00e9es envahirent le sud presque sans d\u00e9fense pour forcer la r\u00e9unification des deux Cor\u00e9es sous le r\u00e9gime communiste. Une des guerres les plus cruelles de ce si\u00e8cle a commenc\u00e9. Des prisonniers am\u00e9ricains ont \u00e9t\u00e9 brutalement massacr\u00e9s par des Nord-Cor\u00e9ens et des civils ont \u00e9t\u00e9 victimes des ordres \u00ab d&#039;extermination de l&#039;ennemi de classe \u00bb. Ceux qui ne se sont pas \u00e9chapp\u00e9s \u00e0 temps ont \u00e9t\u00e9 assassin\u00e9s \u00e0 moins qu&#039;ils ne parviennent \u00e0 se cacher ou \u00e0 s&#039;\u00e9chapper dans les bois en tant que partisans.<\/p>\n<p>Le fait que la Cor\u00e9e du Sud ait \u00e9t\u00e9 sauv\u00e9e est d\u00fb \u00e0 une action de l&#039;ONU survenue lorsque l&#039;envoy\u00e9 sovi\u00e9tique a quitt\u00e9 le Conseil de s\u00e9curit\u00e9 \u00e0 cause d&#039;un diff\u00e9rend sur la Chine nationale et n&#039;a pas pu y opposer son veto.<\/p>\n<p>Nous n&#039;avons pas besoin de poursuivre l&#039;horrible histoire de la guerre de Cor\u00e9e plus loin ; cela vise \u00e0 faire comprendre les craintes ressenties en Cor\u00e9e \u00e0 ce jour \u00e0 propos d&#039;un voisin hostile qui, il y a \u00e0 peine une g\u00e9n\u00e9ration, s&#039;est av\u00e9r\u00e9 \u00eatre une b\u00eate.<\/p>\n<p><strong>S&#039;\u00c9LEVER DE RIEN<\/strong><br \/>Apr\u00e8s la guerre de Cor\u00e9e, le miracle \u00e9conomique cor\u00e9en a commenc\u00e9, lentement d&#039;abord puis \u00e0 une vitesse \u00e9poustouflante, impressionnant tous ceux qui visitent le pays et connaissent son histoire. Au cours de plusieurs s\u00e9jours plus longs en tant que consultant technique, j&#039;ai pu faire l&#039;exp\u00e9rience directe de cette croissance \u00e9conomique \u00e9tonnamment rapide.<\/p>\n<p>Aujourd&#039;hui, en Cor\u00e9e du Sud, nous rencontrons un peuple talentueux et travailleur qui aime beaucoup sa patrie et est fier de ses traditions. Pr\u00e9server ce qu&#039;ils appellent leur culture &quot;unique&quot; est important pour les Cor\u00e9ens. Cette entreprise prend souvent des traits que nous qualifierions de \u00ab racistes \u00bb. Par exemple, en Cor\u00e9e (comme au Japon), il y a peu de sympathie pour le mariage avec un \u00e9tranger ; car les enfants issus d&#039;une telle union se perdent facilement dans leur propre culture.<\/p>\n<p>Cela montre \u00e0 quel point le langage et l&#039;\u00e9criture sont li\u00e9s.<br \/>La Cor\u00e9e et le Japon ont tous deux leur propre langue et une \u00e9criture sp\u00e9ciale qui n&#039;est utilis\u00e9e nulle part ailleurs. Cela cr\u00e9e un sentiment d&#039;unit\u00e9 qu&#039;un Europ\u00e9en ou un Am\u00e9ricain ne peut pas comprendre. M\u00eame dans l&#039;immense Chine, malgr\u00e9 des langues diff\u00e9rentes, le mot et l&#039;\u00e9criture communs ont un effet unificateur.<br \/>Les langues et les \u00e9critures d&#039;Asie de l&#039;Est, difficiles \u00e0 apprendre pour les \u00e9trangers, cr\u00e9ent automatiquement des groupes s\u00e9par\u00e9s qui estiment que leur identit\u00e9 est n\u00e9cessaire et ont tendance \u00e0 s&#039;isoler des \u00e9trangers.<\/p>\n<p>D&#039;un point de vue europ\u00e9en, ce &quot;racisme&quot; s&#039;est m\u00eame av\u00e9r\u00e9 \u00eatre un avantage pour l&#039;\u00e9conomie japonaise : lorsque le boom \u00e9conomique des ann\u00e9es 1970 et 1980 a entra\u00een\u00e9 une p\u00e9nurie de main-d&#039;\u0153uvre au Japon, l&#039;industrie n&#039;a pas voulu et ne pouvait pas tomber retour sur les travailleurs invit\u00e9s. Ils ont donc \u00e9t\u00e9 contraints tr\u00e8s t\u00f4t de prendre des mesures de rationalisation, ce qui les a conduits - au moins temporairement - au sommet du monde en termes de techniques de rationalisation et d&#039;utilisation de robots industriels : en 1996, il y avait 650 000 robots industriels dans le monde, dont 60 % ont \u00e9t\u00e9 install\u00e9s au Japon.<\/p>\n<p>Entre-temps, la hausse des salaires en Cor\u00e9e (aujourd'hui, en 1998, \u00e0 peu pr\u00e8s au niveau du Portugal ou de l'Irlande, ce qui n'est plus du tout le statut d'un pays en voie de d\u00e9veloppement) oblige \u00e9galement \u00e0 des rationalisations, et les produits \u00e0 forte intensit\u00e9 salariale sont depuis longtemps d\u00e9localis\u00e9s dans des pays \u00e0 bas salaires. Les co\u00fbts salariaux \u00e9lev\u00e9s ne sont pas l'apanage de l'Allemagne !<\/p>\n<blockquote>\n<p>COR\u00c9E DU SUD ET COR\u00c9E DU NORD EN COMPARAISON (chiffres autour de 1995):<br \/>Population (millions) : Cor\u00e9e du Sud 45\/ Cor\u00e9e du Nord 20.<br \/>Produit national brut en milliards US-$ : Sud 484\/ Nord 9.6.<br \/>Produit National Brut par habitant en US-$ : Sud : 10 700 \/ Nord : 481.<br \/>Croissance \u00e9conomique dans % : Sud 7,1\/ Nord \u2013 30<br \/>D\u00e9penses de d\u00e9fense en % du produit national brut : Sud 3.1\/ Nord 26<\/p>\n<p>Certains des chiffres concernant la Cor\u00e9e du Nord ne sont pas des estimations tr\u00e8s fiables\u00a0!<br \/>En Cor\u00e9e du Nord, le produit national brut est en baisse constante depuis six ans ; En 1995 seulement 30 % des usines \u00e9taient op\u00e9rationnelles.<br \/>Le commerce ext\u00e9rieur de la Cor\u00e9e du Sud \u00e9tait 126 fois sup\u00e9rieur \u00e0 celui de la Cor\u00e9e du Nord en 1995, et les chiffres de la Cor\u00e9e du Nord se sont peut-\u00eatre d\u00e9t\u00e9rior\u00e9s depuis lors.<br \/>Cependant, la dictature communiste stricte de la Cor\u00e9e du Nord poss\u00e8de des armes biologiques et chimiques ainsi que la capacit\u00e9 de produire des armes nucl\u00e9aires.<br \/>Les exportations de la Cor\u00e9e du Nord consistent presque enti\u00e8rement en armes, y compris des avions de combat MIG et des missiles.<\/p>\n<\/blockquote>\n<p>La d\u00e9valuation drastique du won au d\u00e9but de 1998 n&#039;a jusqu&#039;\u00e0 pr\u00e9sent apport\u00e9 aucun soulagement notable, car une crise financi\u00e8re paralyse l&#039;\u00e9conomie. La cause en est la corruption et l&#039;enchev\u00eatrement entre le gouvernement, les banques et les grandes entreprises (appel\u00e9es cheabols) qui ont investi de mani\u00e8re imprudente.<\/p>\n<p>La population est profond\u00e9ment d\u00e9\u00e7ue voire en col\u00e8re face \u00e0 ce revers, qui a d\u00e9j\u00e0 conduit \u00e0 des licenciements massifs. D&#039;autre part, les &quot;vertus confuc\u00e9ennes&quot; ont fait leurs preuves dans cette crise lorsque les citoyens cor\u00e9ens ont fait don de 165 tonnes d&#039;or en janvier 1998 pour sauver leur pays de l&#039;insolvabilit\u00e9.<\/p>\n<p>Malgr\u00e9 toute la d\u00e9ception face \u00e0 l&#039;\u00e9chec des responsables, les Cor\u00e9ens restent un peuple travailleur et \u00e9nergique qui tentera d&#039;absorber les revers dans une offensive \u00e0 l&#039;exportation. Elle peut surmonter les incertitudes du pr\u00e9sent, affronter \u00e0 nouveau l&#039;avenir avec courage et continuera \u00e0 croire en l&#039;importance pr\u00e9sente et future de sa culture unique.<\/p>\n<p>Le plus gros probl\u00e8me non r\u00e9solu reste la r\u00e9unification des deux Cor\u00e9es, que les gens du sud craignent : les exp\u00e9riences avec l&#039;unit\u00e9 allemande donnent \u00e0 r\u00e9fl\u00e9chir.<\/p>\n<p>La Cor\u00e9e du Nord est dans un \u00e9tat bien pire que ne l&#039;a jamais \u00e9t\u00e9 l&#039;Allemagne de l&#039;Est ; le sud n&#039;est pas aussi efficace que l&#039;\u00e9conomie ouest-allemande. Si en Allemagne, nous avons d\u00e9j\u00e0 des probl\u00e8mes avec l&#039;int\u00e9gration de 17 millions de citoyens des nouveaux \u00c9tats f\u00e9d\u00e9raux (avec une population des anciens \u00c9tats f\u00e9d\u00e9raux de 65 millions), comment 45 millions de Sud-Cor\u00e9ens sont-ils cens\u00e9s cr\u00e9er un pays plus grand avec une population de plus plus de 20 millions ? ?<br \/>Conseils utiles recherch\u00e9s!<\/p>\n<p>Mais ce n&#039;est pas encore si loin. On ne peut pas dire si et quand les deux Cor\u00e9es seront unifi\u00e9es ; on peut supposer que beaucoup d\u00e9pendra du leadership chinois, qui peut tenir la Cor\u00e9e du Nord ou la laisser tomber.<\/p>\n<p>Jusque-l\u00e0, la Cor\u00e9e du Sud continuera de travailler avec diligence, d&#039;am\u00e9liorer l&#039;\u00e9conomie, de faire des avanc\u00e9es politiques et de chercher \u00e0 att\u00e9nuer les troubles sociaux et environnementaux in\u00e9vitables dans un d\u00e9veloppement aussi rapide.<\/p>\n<p>Souhaitons aux Cor\u00e9ens, qui sont maintenant des \u00e9trangers sympathiques et serviables, que j&#039;ai appris \u00e0 appr\u00e9cier lors de plusieurs s\u00e9jours plus longs en tant que conseiller technique, et \u00e0 leur pays pittoresque et exotique tout le meilleur !<\/p>","protected":false},"excerpt":{"rendered":"<p>(Ver\u00f6ffentlich in GralsWelt 9\/1998) Korea, das \u201eLand der Morgenstille&#8220;, wird von seinen Bewohnern oft mit Deutschland verglichen. Denn beide L\u00e4nder, waren bzw. sind noch geteilt als Folge des Zweiten Weltkrieges. Diese Teilung des Landes ist f\u00fcr Koreaner um so bedr\u00fcckender, als sie von sich sagen k\u00f6nnen, dass &#8211; zumindest im letzten Jahrtausend &#8211; von koreanischem [&hellip;]<\/p>\n","protected":false},"author":2,"featured_media":0,"comment_status":"closed","ping_status":"open","sticky":false,"template":"","format":"standard","meta":{"footnotes":""},"categories":[8],"tags":[],"class_list":["post-766","post","type-post","status-publish","format-standard","hentry","category-geschichte"],"yoast_head":"<!-- This site is optimized with the Yoast SEO plugin v27.5 - https:\/\/yoast.com\/product\/yoast-seo-wordpress\/ -->\n<title>Vom Land der Morgenstille &#8211; SiegfriedHagl.com<\/title>\n<meta name=\"robots\" content=\"index, follow, max-snippet:-1, max-image-preview:large, max-video-preview:-1\" \/>\n<link rel=\"canonical\" href=\"https:\/\/www.siegfriedhagl.com\/fr\/recit\/du-pays-du-matin-calme\/\" \/>\n<meta property=\"og:locale\" content=\"fr_FR\" \/>\n<meta property=\"og:type\" content=\"article\" \/>\n<meta property=\"og:title\" content=\"Vom Land der Morgenstille &#8211; SiegfriedHagl.com\" \/>\n<meta property=\"og:description\" content=\"(Ver\u00f6ffentlich in GralsWelt 9\/1998) Korea, das \u201eLand der Morgenstille&#8220;, wird von seinen Bewohnern oft mit Deutschland verglichen. Denn beide L\u00e4nder, waren bzw. sind noch geteilt als Folge des Zweiten Weltkrieges. Diese Teilung des Landes ist f\u00fcr Koreaner um so bedr\u00fcckender, als sie von sich sagen k\u00f6nnen, dass &#8211; zumindest im letzten Jahrtausend &#8211; von koreanischem [&hellip;]\" \/>\n<meta property=\"og:url\" content=\"https:\/\/www.siegfriedhagl.com\/fr\/recit\/du-pays-du-matin-calme\/\" \/>\n<meta property=\"og:site_name\" content=\"SiegfriedHagl.com\" \/>\n<meta property=\"article:published_time\" content=\"2009-04-23T10:54:36+00:00\" \/>\n<meta property=\"article:modified_time\" content=\"2023-08-15T08:03:01+00:00\" \/>\n<meta name=\"author\" content=\"siegfriedhagl\" \/>\n<meta name=\"twitter:card\" content=\"summary_large_image\" \/>\n<meta name=\"twitter:label1\" content=\"\u00c9crit par\" \/>\n\t<meta name=\"twitter:data1\" content=\"siegfriedhagl\" \/>\n\t<meta name=\"twitter:label2\" content=\"Dur\u00e9e de lecture estim\u00e9e\" \/>\n\t<meta name=\"twitter:data2\" content=\"12 minutes\" \/>\n<script type=\"application\/ld+json\" class=\"yoast-schema-graph\">{\"@context\":\"https:\\\/\\\/schema.org\",\"@graph\":[{\"@type\":\"Article\",\"@id\":\"https:\\\/\\\/www.siegfriedhagl.com\\\/geschichte\\\/vom-land-der-morgenstille\\\/#article\",\"isPartOf\":{\"@id\":\"https:\\\/\\\/www.siegfriedhagl.com\\\/geschichte\\\/vom-land-der-morgenstille\\\/\"},\"author\":{\"name\":\"siegfriedhagl\",\"@id\":\"https:\\\/\\\/www.siegfriedhagl.com\\\/#\\\/schema\\\/person\\\/263c4a916fa13b3e7eda58f6c8c2695f\"},\"headline\":\"Vom Land der Morgenstille\",\"datePublished\":\"2009-04-23T10:54:36+00:00\",\"dateModified\":\"2023-08-15T08:03:01+00:00\",\"mainEntityOfPage\":{\"@id\":\"https:\\\/\\\/www.siegfriedhagl.com\\\/geschichte\\\/vom-land-der-morgenstille\\\/\"},\"wordCount\":2726,\"publisher\":{\"@id\":\"https:\\\/\\\/www.siegfriedhagl.com\\\/#\\\/schema\\\/person\\\/263c4a916fa13b3e7eda58f6c8c2695f\"},\"articleSection\":[\"Geschichte\\\/Historik\"],\"inLanguage\":\"fr-FR\"},{\"@type\":\"WebPage\",\"@id\":\"https:\\\/\\\/www.siegfriedhagl.com\\\/geschichte\\\/vom-land-der-morgenstille\\\/\",\"url\":\"https:\\\/\\\/www.siegfriedhagl.com\\\/geschichte\\\/vom-land-der-morgenstille\\\/\",\"name\":\"Vom Land der Morgenstille &#8211; SiegfriedHagl.com\",\"isPartOf\":{\"@id\":\"https:\\\/\\\/www.siegfriedhagl.com\\\/#website\"},\"datePublished\":\"2009-04-23T10:54:36+00:00\",\"dateModified\":\"2023-08-15T08:03:01+00:00\",\"breadcrumb\":{\"@id\":\"https:\\\/\\\/www.siegfriedhagl.com\\\/geschichte\\\/vom-land-der-morgenstille\\\/#breadcrumb\"},\"inLanguage\":\"fr-FR\",\"potentialAction\":[{\"@type\":\"ReadAction\",\"target\":[\"https:\\\/\\\/www.siegfriedhagl.com\\\/geschichte\\\/vom-land-der-morgenstille\\\/\"]}]},{\"@type\":\"BreadcrumbList\",\"@id\":\"https:\\\/\\\/www.siegfriedhagl.com\\\/geschichte\\\/vom-land-der-morgenstille\\\/#breadcrumb\",\"itemListElement\":[{\"@type\":\"ListItem\",\"position\":1,\"name\":\"Startseite\",\"item\":\"https:\\\/\\\/www.siegfriedhagl.com\\\/\"},{\"@type\":\"ListItem\",\"position\":2,\"name\":\"Vom Land der Morgenstille\"}]},{\"@type\":\"WebSite\",\"@id\":\"https:\\\/\\\/www.siegfriedhagl.com\\\/#website\",\"url\":\"https:\\\/\\\/www.siegfriedhagl.com\\\/\",\"name\":\"SiegfriedHagl.com\",\"description\":\"Artikel und Blog von Siegfried Hagl\",\"publisher\":{\"@id\":\"https:\\\/\\\/www.siegfriedhagl.com\\\/#\\\/schema\\\/person\\\/263c4a916fa13b3e7eda58f6c8c2695f\"},\"potentialAction\":[{\"@type\":\"SearchAction\",\"target\":{\"@type\":\"EntryPoint\",\"urlTemplate\":\"https:\\\/\\\/www.siegfriedhagl.com\\\/?s={search_term_string}\"},\"query-input\":{\"@type\":\"PropertyValueSpecification\",\"valueRequired\":true,\"valueName\":\"search_term_string\"}}],\"inLanguage\":\"fr-FR\"},{\"@type\":[\"Person\",\"Organization\"],\"@id\":\"https:\\\/\\\/www.siegfriedhagl.com\\\/#\\\/schema\\\/person\\\/263c4a916fa13b3e7eda58f6c8c2695f\",\"name\":\"siegfriedhagl\",\"image\":{\"@type\":\"ImageObject\",\"inLanguage\":\"fr-FR\",\"@id\":\"https:\\\/\\\/secure.gravatar.com\\\/avatar\\\/45b010d0734a07d6fa163753be02d78684ff4128f419d6ee0a0370de54233f1c?s=96&d=mm&r=g\",\"url\":\"https:\\\/\\\/secure.gravatar.com\\\/avatar\\\/45b010d0734a07d6fa163753be02d78684ff4128f419d6ee0a0370de54233f1c?s=96&d=mm&r=g\",\"contentUrl\":\"https:\\\/\\\/secure.gravatar.com\\\/avatar\\\/45b010d0734a07d6fa163753be02d78684ff4128f419d6ee0a0370de54233f1c?s=96&d=mm&r=g\",\"caption\":\"siegfriedhagl\"},\"logo\":{\"@id\":\"https:\\\/\\\/secure.gravatar.com\\\/avatar\\\/45b010d0734a07d6fa163753be02d78684ff4128f419d6ee0a0370de54233f1c?s=96&d=mm&r=g\"},\"sameAs\":[\"http:\\\/\\\/www.hagl.net\"]}]}<\/script>\n<!-- \/ Yoast SEO plugin. -->","yoast_head_json":{"title":"Du pays du matin calme - SiegfriedHagl.com","robots":{"index":"index","follow":"follow","max-snippet":"max-snippet:-1","max-image-preview":"max-image-preview:large","max-video-preview":"max-video-preview:-1"},"canonical":"https:\/\/www.siegfriedhagl.com\/fr\/recit\/du-pays-du-matin-calme\/","og_locale":"fr_FR","og_type":"article","og_title":"Vom Land der Morgenstille &#8211; SiegfriedHagl.com","og_description":"(Ver\u00f6ffentlich in GralsWelt 9\/1998) Korea, das \u201eLand der Morgenstille&#8220;, wird von seinen Bewohnern oft mit Deutschland verglichen. Denn beide L\u00e4nder, waren bzw. sind noch geteilt als Folge des Zweiten Weltkrieges. Diese Teilung des Landes ist f\u00fcr Koreaner um so bedr\u00fcckender, als sie von sich sagen k\u00f6nnen, dass &#8211; zumindest im letzten Jahrtausend &#8211; von koreanischem [&hellip;]","og_url":"https:\/\/www.siegfriedhagl.com\/fr\/recit\/du-pays-du-matin-calme\/","og_site_name":"SiegfriedHagl.com","article_published_time":"2009-04-23T10:54:36+00:00","article_modified_time":"2023-08-15T08:03:01+00:00","author":"siegfriedhagl","twitter_card":"summary_large_image","twitter_misc":{"\u00c9crit par":"siegfriedhagl","Dur\u00e9e de lecture estim\u00e9e":"12 minutes"},"schema":{"@context":"https:\/\/schema.org","@graph":[{"@type":"Article","@id":"https:\/\/www.siegfriedhagl.com\/geschichte\/vom-land-der-morgenstille\/#article","isPartOf":{"@id":"https:\/\/www.siegfriedhagl.com\/geschichte\/vom-land-der-morgenstille\/"},"author":{"name":"siegfriedhagl","@id":"https:\/\/www.siegfriedhagl.com\/#\/schema\/person\/263c4a916fa13b3e7eda58f6c8c2695f"},"headline":"Vom Land der Morgenstille","datePublished":"2009-04-23T10:54:36+00:00","dateModified":"2023-08-15T08:03:01+00:00","mainEntityOfPage":{"@id":"https:\/\/www.siegfriedhagl.com\/geschichte\/vom-land-der-morgenstille\/"},"wordCount":2726,"publisher":{"@id":"https:\/\/www.siegfriedhagl.com\/#\/schema\/person\/263c4a916fa13b3e7eda58f6c8c2695f"},"articleSection":["Geschichte\/Historik"],"inLanguage":"fr-FR"},{"@type":"WebPage","@id":"https:\/\/www.siegfriedhagl.com\/geschichte\/vom-land-der-morgenstille\/","url":"https:\/\/www.siegfriedhagl.com\/geschichte\/vom-land-der-morgenstille\/","name":"Du pays du matin calme - SiegfriedHagl.com","isPartOf":{"@id":"https:\/\/www.siegfriedhagl.com\/#website"},"datePublished":"2009-04-23T10:54:36+00:00","dateModified":"2023-08-15T08:03:01+00:00","breadcrumb":{"@id":"https:\/\/www.siegfriedhagl.com\/geschichte\/vom-land-der-morgenstille\/#breadcrumb"},"inLanguage":"fr-FR","potentialAction":[{"@type":"ReadAction","target":["https:\/\/www.siegfriedhagl.com\/geschichte\/vom-land-der-morgenstille\/"]}]},{"@type":"BreadcrumbList","@id":"https:\/\/www.siegfriedhagl.com\/geschichte\/vom-land-der-morgenstille\/#breadcrumb","itemListElement":[{"@type":"ListItem","position":1,"name":"Startseite","item":"https:\/\/www.siegfriedhagl.com\/"},{"@type":"ListItem","position":2,"name":"Vom Land der Morgenstille"}]},{"@type":"WebSite","@id":"https:\/\/www.siegfriedhagl.com\/#website","url":"https:\/\/www.siegfriedhagl.com\/","name":"SiegfriedHagl.com","description":"Article et blog de Siegfried Hagl","publisher":{"@id":"https:\/\/www.siegfriedhagl.com\/#\/schema\/person\/263c4a916fa13b3e7eda58f6c8c2695f"},"potentialAction":[{"@type":"SearchAction","target":{"@type":"EntryPoint","urlTemplate":"https:\/\/www.siegfriedhagl.com\/?s={search_term_string}"},"query-input":{"@type":"PropertyValueSpecification","valueRequired":true,"valueName":"search_term_string"}}],"inLanguage":"fr-FR"},{"@type":["Person","Organization"],"@id":"https:\/\/www.siegfriedhagl.com\/#\/schema\/person\/263c4a916fa13b3e7eda58f6c8c2695f","name":"siegfriedhagl","image":{"@type":"ImageObject","inLanguage":"fr-FR","@id":"https:\/\/secure.gravatar.com\/avatar\/45b010d0734a07d6fa163753be02d78684ff4128f419d6ee0a0370de54233f1c?s=96&d=mm&r=g","url":"https:\/\/secure.gravatar.com\/avatar\/45b010d0734a07d6fa163753be02d78684ff4128f419d6ee0a0370de54233f1c?s=96&d=mm&r=g","contentUrl":"https:\/\/secure.gravatar.com\/avatar\/45b010d0734a07d6fa163753be02d78684ff4128f419d6ee0a0370de54233f1c?s=96&d=mm&r=g","caption":"siegfriedhagl"},"logo":{"@id":"https:\/\/secure.gravatar.com\/avatar\/45b010d0734a07d6fa163753be02d78684ff4128f419d6ee0a0370de54233f1c?s=96&d=mm&r=g"},"sameAs":["http:\/\/www.hagl.net"]}]}},"_links":{"self":[{"href":"https:\/\/www.siegfriedhagl.com\/fr\/wp-json\/wp\/v2\/posts\/766","targetHints":{"allow":["GET"]}}],"collection":[{"href":"https:\/\/www.siegfriedhagl.com\/fr\/wp-json\/wp\/v2\/posts"}],"about":[{"href":"https:\/\/www.siegfriedhagl.com\/fr\/wp-json\/wp\/v2\/types\/post"}],"author":[{"embeddable":true,"href":"https:\/\/www.siegfriedhagl.com\/fr\/wp-json\/wp\/v2\/users\/2"}],"replies":[{"embeddable":true,"href":"https:\/\/www.siegfriedhagl.com\/fr\/wp-json\/wp\/v2\/comments?post=766"}],"version-history":[{"count":18,"href":"https:\/\/www.siegfriedhagl.com\/fr\/wp-json\/wp\/v2\/posts\/766\/revisions"}],"predecessor-version":[{"id":10245,"href":"https:\/\/www.siegfriedhagl.com\/fr\/wp-json\/wp\/v2\/posts\/766\/revisions\/10245"}],"wp:attachment":[{"href":"https:\/\/www.siegfriedhagl.com\/fr\/wp-json\/wp\/v2\/media?parent=766"}],"wp:term":[{"taxonomy":"category","embeddable":true,"href":"https:\/\/www.siegfriedhagl.com\/fr\/wp-json\/wp\/v2\/categories?post=766"},{"taxonomy":"post_tag","embeddable":true,"href":"https:\/\/www.siegfriedhagl.com\/fr\/wp-json\/wp\/v2\/tags?post=766"}],"curies":[{"name":"wp","href":"https:\/\/api.w.org\/{rel}","templated":true}]}}