{"id":674,"date":"2009-04-14T15:32:39","date_gmt":"2009-04-14T14:32:39","guid":{"rendered":"https:\/\/www.siegfriedhagl.com\/?page_id=674"},"modified":"2021-11-25T13:11:24","modified_gmt":"2021-11-25T12:11:24","slug":"krieg-der-religionen","status":"publish","type":"post","link":"https:\/\/www.siegfriedhagl.com\/fr\/critiques-de-livres-et-de-films\/guerre-des-religions\/","title":{"rendered":"guerre des religions"},"content":{"rendered":"<blockquote><p>(Publi\u00e9 dans GralsWelt 45\/2007)<\/p><\/blockquote>\n<p>\u00e0 partir de <strong>Victor et Victoria Trimondi<\/strong>, 600 pi\u00e8ces 39,90 EUR<br \/>\nISBN 3-7705-4188-X, Wilhelm Fink Verlag, Paderborn, 2005.<\/p>\n<p>Ce livre comble un vide sur le march\u00e9 du livre.<br \/>\nIl s&#039;agit d&#039;un ouvrage de r\u00e9f\u00e9rence important sur le fondamentalisme religieux contemporain, avec d&#039;anciennes visions apocalyptiques comme force motrice. Les attentes de la fin des temps des religions traditionnelles se propagent \u00e0 nouveau et peuvent m\u00eame forcer des d\u00e9cisions politiques.<\/p>\n<p>Les apocalypses modernes les plus importantes sont d\u00e9crites dans l&#039;ouvrage bien document\u00e9 et leurs protagonistes sont nomm\u00e9s. Les juifs, les chr\u00e9tiens et les musulmans ont des id\u00e9es similaires sur le &quot;Jour du Jugement&quot; et utilisent m\u00eame les m\u00eames sources. Par exemple, l&#039;Apocalypse de Daniel dans l&#039;Ancien Testament sert de mod\u00e8le aux juifs, aux chr\u00e9tiens et aux musulmans, et la Grande Apocalypse du Nouveau Testament attire l&#039;attention des chr\u00e9tiens et des musulmans. Seules les interpr\u00e9tations sont adapt\u00e9es \u00e0 l&#039;id\u00e9ologie respective.<\/p>\n<p>Jusqu&#039;\u00e0 pr\u00e9sent, peu d&#039;entre nous sont conscients que les colons juifs, les Nord-Am\u00e9ricains ultra-conservateurs et les terroristes islamistes fondent leur politique sur une compr\u00e9hension tr\u00e8s similaire de l&#039;histoire de la fin des temps, bien qu&#039;avec des signes oppos\u00e9s. Ils interpr\u00e8tent tous litt\u00e9ralement leurs \u00ab Saintes \u00c9critures \u00bb, s&#039;attendent \u00e0 la fin des temps proph\u00e9tis\u00e9e dans un avenir proche et sont m\u00eame d\u00e9termin\u00e9s \u00e0 acc\u00e9l\u00e9rer cet \u00e9v\u00e9nement mondial promis par Dieu par des actions \u2013 si n\u00e9cessaire violentes. Dans les attentes apocalyptiques qui ont \u00e9t\u00e9 populaires au cours des derni\u00e8res d\u00e9cennies, il y a aussi des causes cruciales du terrorisme mondial \u00e0 d\u00e9couvrir.<\/p>\n<p>Les extr\u00e9mistes religieux ne sont pas en dehors de leurs communaut\u00e9s religieuses, mais \u00e9mergent de leurs noyaux durs. Ils influencent \u00e0 la fois le d\u00e9veloppement ult\u00e9rieur de leur groupe religieux et son impact externe, notamment en influen\u00e7ant la politique de leurs pays respectifs.<br \/>\nCe livre de Trimondi est un must pour quiconque s&#039;int\u00e9resse \u00e0 l&#039;histoire des religions en g\u00e9n\u00e9ral, mais particuli\u00e8rement aux d\u00e9veloppements religieux modernes.<\/p>\n<p>Plus d&#039;informations sur http:\/\/www.trimondi.de\/KdR\/inhalt.htm<\/p>","protected":false},"excerpt":{"rendered":"<p>(Ver\u00f6ffentlicht in GralsWelt 45\/2007) Von Victor und Victoria Trimondi, 600 S. EUR 39,90 ISBN 3-7705-4188-X, Wilhelm Fink Verlag, Paderborn, 2005. Dieses Buch schlie\u00dft eine L\u00fccke auf dem B\u00fcchermarkt. Es handelt sich um ein wichtiges Standard-Werk \u00fcber den religi\u00f6sen Fundamentalismus der Gegenwart, hinter dem alte apokalyptische Visionen als die treibende Kraft stehen. Die Endzeit-Erwartungen der traditionellen [&hellip;]<\/p>\n","protected":false},"author":2,"featured_media":0,"comment_status":"closed","ping_status":"open","sticky":false,"template":"","format":"standard","meta":{"footnotes":""},"categories":[5],"tags":[],"class_list":["post-674","post","type-post","status-publish","format-standard","hentry","category-buch-und-filmbesprechungen"],"yoast_head":"<!-- This site is optimized with the Yoast SEO plugin v27.5 - https:\/\/yoast.com\/product\/yoast-seo-wordpress\/ -->\n<title>Krieg der Religionen &#8211; SiegfriedHagl.com<\/title>\n<meta name=\"robots\" content=\"index, follow, max-snippet:-1, max-image-preview:large, max-video-preview:-1\" \/>\n<link rel=\"canonical\" href=\"https:\/\/www.siegfriedhagl.com\/fr\/critiques-de-livres-et-de-films\/guerre-des-religions\/\" \/>\n<meta property=\"og:locale\" content=\"fr_FR\" \/>\n<meta property=\"og:type\" content=\"article\" \/>\n<meta property=\"og:title\" content=\"Krieg der Religionen &#8211; SiegfriedHagl.com\" \/>\n<meta property=\"og:description\" content=\"(Ver\u00f6ffentlicht in GralsWelt 45\/2007) Von Victor und Victoria Trimondi, 600 S. EUR 39,90 ISBN 3-7705-4188-X, Wilhelm Fink Verlag, Paderborn, 2005. Dieses Buch schlie\u00dft eine L\u00fccke auf dem B\u00fcchermarkt. Es handelt sich um ein wichtiges Standard-Werk \u00fcber den religi\u00f6sen Fundamentalismus der Gegenwart, hinter dem alte apokalyptische Visionen als die treibende Kraft stehen. Die Endzeit-Erwartungen der traditionellen [&hellip;]\" \/>\n<meta property=\"og:url\" content=\"https:\/\/www.siegfriedhagl.com\/fr\/critiques-de-livres-et-de-films\/guerre-des-religions\/\" \/>\n<meta property=\"og:site_name\" content=\"SiegfriedHagl.com\" \/>\n<meta property=\"article:published_time\" content=\"2009-04-14T14:32:39+00:00\" \/>\n<meta property=\"article:modified_time\" content=\"2021-11-25T12:11:24+00:00\" \/>\n<meta name=\"author\" content=\"siegfriedhagl\" \/>\n<meta name=\"twitter:card\" content=\"summary_large_image\" \/>\n<meta name=\"twitter:label1\" content=\"\u00c9crit par\" \/>\n\t<meta name=\"twitter:data1\" content=\"siegfriedhagl\" \/>\n\t<meta name=\"twitter:label2\" content=\"Dur\u00e9e de lecture estim\u00e9e\" \/>\n\t<meta name=\"twitter:data2\" content=\"2 minutes\" \/>\n<script type=\"application\/ld+json\" class=\"yoast-schema-graph\">{\"@context\":\"https:\\\/\\\/schema.org\",\"@graph\":[{\"@type\":\"Article\",\"@id\":\"https:\\\/\\\/www.siegfriedhagl.com\\\/buch-und-filmbesprechungen\\\/krieg-der-religionen\\\/#article\",\"isPartOf\":{\"@id\":\"https:\\\/\\\/www.siegfriedhagl.com\\\/buch-und-filmbesprechungen\\\/krieg-der-religionen\\\/\"},\"author\":{\"name\":\"siegfriedhagl\",\"@id\":\"https:\\\/\\\/www.siegfriedhagl.com\\\/#\\\/schema\\\/person\\\/263c4a916fa13b3e7eda58f6c8c2695f\"},\"headline\":\"Krieg der Religionen\",\"datePublished\":\"2009-04-14T14:32:39+00:00\",\"dateModified\":\"2021-11-25T12:11:24+00:00\",\"mainEntityOfPage\":{\"@id\":\"https:\\\/\\\/www.siegfriedhagl.com\\\/buch-und-filmbesprechungen\\\/krieg-der-religionen\\\/\"},\"wordCount\":324,\"publisher\":{\"@id\":\"https:\\\/\\\/www.siegfriedhagl.com\\\/#\\\/schema\\\/person\\\/263c4a916fa13b3e7eda58f6c8c2695f\"},\"articleSection\":[\"Buch- und Filmbesprechungen\"],\"inLanguage\":\"fr-FR\"},{\"@type\":\"WebPage\",\"@id\":\"https:\\\/\\\/www.siegfriedhagl.com\\\/buch-und-filmbesprechungen\\\/krieg-der-religionen\\\/\",\"url\":\"https:\\\/\\\/www.siegfriedhagl.com\\\/buch-und-filmbesprechungen\\\/krieg-der-religionen\\\/\",\"name\":\"Krieg der Religionen &#8211; SiegfriedHagl.com\",\"isPartOf\":{\"@id\":\"https:\\\/\\\/www.siegfriedhagl.com\\\/#website\"},\"datePublished\":\"2009-04-14T14:32:39+00:00\",\"dateModified\":\"2021-11-25T12:11:24+00:00\",\"breadcrumb\":{\"@id\":\"https:\\\/\\\/www.siegfriedhagl.com\\\/buch-und-filmbesprechungen\\\/krieg-der-religionen\\\/#breadcrumb\"},\"inLanguage\":\"fr-FR\",\"potentialAction\":[{\"@type\":\"ReadAction\",\"target\":[\"https:\\\/\\\/www.siegfriedhagl.com\\\/buch-und-filmbesprechungen\\\/krieg-der-religionen\\\/\"]}]},{\"@type\":\"BreadcrumbList\",\"@id\":\"https:\\\/\\\/www.siegfriedhagl.com\\\/buch-und-filmbesprechungen\\\/krieg-der-religionen\\\/#breadcrumb\",\"itemListElement\":[{\"@type\":\"ListItem\",\"position\":1,\"name\":\"Startseite\",\"item\":\"https:\\\/\\\/www.siegfriedhagl.com\\\/\"},{\"@type\":\"ListItem\",\"position\":2,\"name\":\"Krieg der Religionen\"}]},{\"@type\":\"WebSite\",\"@id\":\"https:\\\/\\\/www.siegfriedhagl.com\\\/#website\",\"url\":\"https:\\\/\\\/www.siegfriedhagl.com\\\/\",\"name\":\"SiegfriedHagl.com\",\"description\":\"Artikel und Blog von Siegfried Hagl\",\"publisher\":{\"@id\":\"https:\\\/\\\/www.siegfriedhagl.com\\\/#\\\/schema\\\/person\\\/263c4a916fa13b3e7eda58f6c8c2695f\"},\"potentialAction\":[{\"@type\":\"SearchAction\",\"target\":{\"@type\":\"EntryPoint\",\"urlTemplate\":\"https:\\\/\\\/www.siegfriedhagl.com\\\/?s={search_term_string}\"},\"query-input\":{\"@type\":\"PropertyValueSpecification\",\"valueRequired\":true,\"valueName\":\"search_term_string\"}}],\"inLanguage\":\"fr-FR\"},{\"@type\":[\"Person\",\"Organization\"],\"@id\":\"https:\\\/\\\/www.siegfriedhagl.com\\\/#\\\/schema\\\/person\\\/263c4a916fa13b3e7eda58f6c8c2695f\",\"name\":\"siegfriedhagl\",\"image\":{\"@type\":\"ImageObject\",\"inLanguage\":\"fr-FR\",\"@id\":\"https:\\\/\\\/secure.gravatar.com\\\/avatar\\\/45b010d0734a07d6fa163753be02d78684ff4128f419d6ee0a0370de54233f1c?s=96&d=mm&r=g\",\"url\":\"https:\\\/\\\/secure.gravatar.com\\\/avatar\\\/45b010d0734a07d6fa163753be02d78684ff4128f419d6ee0a0370de54233f1c?s=96&d=mm&r=g\",\"contentUrl\":\"https:\\\/\\\/secure.gravatar.com\\\/avatar\\\/45b010d0734a07d6fa163753be02d78684ff4128f419d6ee0a0370de54233f1c?s=96&d=mm&r=g\",\"caption\":\"siegfriedhagl\"},\"logo\":{\"@id\":\"https:\\\/\\\/secure.gravatar.com\\\/avatar\\\/45b010d0734a07d6fa163753be02d78684ff4128f419d6ee0a0370de54233f1c?s=96&d=mm&r=g\"},\"sameAs\":[\"http:\\\/\\\/www.hagl.net\"]}]}<\/script>\n<!-- \/ Yoast SEO plugin. -->","yoast_head_json":{"title":"La guerre des religions - SiegfriedHagl.com","robots":{"index":"index","follow":"follow","max-snippet":"max-snippet:-1","max-image-preview":"max-image-preview:large","max-video-preview":"max-video-preview:-1"},"canonical":"https:\/\/www.siegfriedhagl.com\/fr\/critiques-de-livres-et-de-films\/guerre-des-religions\/","og_locale":"fr_FR","og_type":"article","og_title":"Krieg der Religionen &#8211; SiegfriedHagl.com","og_description":"(Ver\u00f6ffentlicht in GralsWelt 45\/2007) Von Victor und Victoria Trimondi, 600 S. EUR 39,90 ISBN 3-7705-4188-X, Wilhelm Fink Verlag, Paderborn, 2005. Dieses Buch schlie\u00dft eine L\u00fccke auf dem B\u00fcchermarkt. Es handelt sich um ein wichtiges Standard-Werk \u00fcber den religi\u00f6sen Fundamentalismus der Gegenwart, hinter dem alte apokalyptische Visionen als die treibende Kraft stehen. Die Endzeit-Erwartungen der traditionellen [&hellip;]","og_url":"https:\/\/www.siegfriedhagl.com\/fr\/critiques-de-livres-et-de-films\/guerre-des-religions\/","og_site_name":"SiegfriedHagl.com","article_published_time":"2009-04-14T14:32:39+00:00","article_modified_time":"2021-11-25T12:11:24+00:00","author":"siegfriedhagl","twitter_card":"summary_large_image","twitter_misc":{"\u00c9crit par":"siegfriedhagl","Dur\u00e9e de lecture estim\u00e9e":"2 minutes"},"schema":{"@context":"https:\/\/schema.org","@graph":[{"@type":"Article","@id":"https:\/\/www.siegfriedhagl.com\/buch-und-filmbesprechungen\/krieg-der-religionen\/#article","isPartOf":{"@id":"https:\/\/www.siegfriedhagl.com\/buch-und-filmbesprechungen\/krieg-der-religionen\/"},"author":{"name":"siegfriedhagl","@id":"https:\/\/www.siegfriedhagl.com\/#\/schema\/person\/263c4a916fa13b3e7eda58f6c8c2695f"},"headline":"Krieg der Religionen","datePublished":"2009-04-14T14:32:39+00:00","dateModified":"2021-11-25T12:11:24+00:00","mainEntityOfPage":{"@id":"https:\/\/www.siegfriedhagl.com\/buch-und-filmbesprechungen\/krieg-der-religionen\/"},"wordCount":324,"publisher":{"@id":"https:\/\/www.siegfriedhagl.com\/#\/schema\/person\/263c4a916fa13b3e7eda58f6c8c2695f"},"articleSection":["Buch- und Filmbesprechungen"],"inLanguage":"fr-FR"},{"@type":"WebPage","@id":"https:\/\/www.siegfriedhagl.com\/buch-und-filmbesprechungen\/krieg-der-religionen\/","url":"https:\/\/www.siegfriedhagl.com\/buch-und-filmbesprechungen\/krieg-der-religionen\/","name":"La guerre des religions - SiegfriedHagl.com","isPartOf":{"@id":"https:\/\/www.siegfriedhagl.com\/#website"},"datePublished":"2009-04-14T14:32:39+00:00","dateModified":"2021-11-25T12:11:24+00:00","breadcrumb":{"@id":"https:\/\/www.siegfriedhagl.com\/buch-und-filmbesprechungen\/krieg-der-religionen\/#breadcrumb"},"inLanguage":"fr-FR","potentialAction":[{"@type":"ReadAction","target":["https:\/\/www.siegfriedhagl.com\/buch-und-filmbesprechungen\/krieg-der-religionen\/"]}]},{"@type":"BreadcrumbList","@id":"https:\/\/www.siegfriedhagl.com\/buch-und-filmbesprechungen\/krieg-der-religionen\/#breadcrumb","itemListElement":[{"@type":"ListItem","position":1,"name":"Startseite","item":"https:\/\/www.siegfriedhagl.com\/"},{"@type":"ListItem","position":2,"name":"Krieg der Religionen"}]},{"@type":"WebSite","@id":"https:\/\/www.siegfriedhagl.com\/#website","url":"https:\/\/www.siegfriedhagl.com\/","name":"SiegfriedHagl.com","description":"Article et blog de Siegfried Hagl","publisher":{"@id":"https:\/\/www.siegfriedhagl.com\/#\/schema\/person\/263c4a916fa13b3e7eda58f6c8c2695f"},"potentialAction":[{"@type":"SearchAction","target":{"@type":"EntryPoint","urlTemplate":"https:\/\/www.siegfriedhagl.com\/?s={search_term_string}"},"query-input":{"@type":"PropertyValueSpecification","valueRequired":true,"valueName":"search_term_string"}}],"inLanguage":"fr-FR"},{"@type":["Person","Organization"],"@id":"https:\/\/www.siegfriedhagl.com\/#\/schema\/person\/263c4a916fa13b3e7eda58f6c8c2695f","name":"siegfriedhagl","image":{"@type":"ImageObject","inLanguage":"fr-FR","@id":"https:\/\/secure.gravatar.com\/avatar\/45b010d0734a07d6fa163753be02d78684ff4128f419d6ee0a0370de54233f1c?s=96&d=mm&r=g","url":"https:\/\/secure.gravatar.com\/avatar\/45b010d0734a07d6fa163753be02d78684ff4128f419d6ee0a0370de54233f1c?s=96&d=mm&r=g","contentUrl":"https:\/\/secure.gravatar.com\/avatar\/45b010d0734a07d6fa163753be02d78684ff4128f419d6ee0a0370de54233f1c?s=96&d=mm&r=g","caption":"siegfriedhagl"},"logo":{"@id":"https:\/\/secure.gravatar.com\/avatar\/45b010d0734a07d6fa163753be02d78684ff4128f419d6ee0a0370de54233f1c?s=96&d=mm&r=g"},"sameAs":["http:\/\/www.hagl.net"]}]}},"_links":{"self":[{"href":"https:\/\/www.siegfriedhagl.com\/fr\/wp-json\/wp\/v2\/posts\/674","targetHints":{"allow":["GET"]}}],"collection":[{"href":"https:\/\/www.siegfriedhagl.com\/fr\/wp-json\/wp\/v2\/posts"}],"about":[{"href":"https:\/\/www.siegfriedhagl.com\/fr\/wp-json\/wp\/v2\/types\/post"}],"author":[{"embeddable":true,"href":"https:\/\/www.siegfriedhagl.com\/fr\/wp-json\/wp\/v2\/users\/2"}],"replies":[{"embeddable":true,"href":"https:\/\/www.siegfriedhagl.com\/fr\/wp-json\/wp\/v2\/comments?post=674"}],"version-history":[{"count":8,"href":"https:\/\/www.siegfriedhagl.com\/fr\/wp-json\/wp\/v2\/posts\/674\/revisions"}],"predecessor-version":[{"id":7050,"href":"https:\/\/www.siegfriedhagl.com\/fr\/wp-json\/wp\/v2\/posts\/674\/revisions\/7050"}],"wp:attachment":[{"href":"https:\/\/www.siegfriedhagl.com\/fr\/wp-json\/wp\/v2\/media?parent=674"}],"wp:term":[{"taxonomy":"category","embeddable":true,"href":"https:\/\/www.siegfriedhagl.com\/fr\/wp-json\/wp\/v2\/categories?post=674"},{"taxonomy":"post_tag","embeddable":true,"href":"https:\/\/www.siegfriedhagl.com\/fr\/wp-json\/wp\/v2\/tags?post=674"}],"curies":[{"name":"wp","href":"https:\/\/api.w.org\/{rel}","templated":true}]}}