{"id":4474,"date":"2000-12-08T12:28:00","date_gmt":"2000-12-08T11:28:00","guid":{"rendered":"https:\/\/www.siegfriedhagl.com\/?page_id=4474"},"modified":"2024-06-26T14:50:11","modified_gmt":"2024-06-26T13:50:11","slug":"die-epoche-des-zweiten-kaiserreiches","status":"publish","type":"post","link":"https:\/\/www.siegfriedhagl.com\/fr\/recit\/l-epoque-du-second-empire\/","title":{"rendered":"L&#039;\u00e9poque du Second Empire"},"content":{"rendered":"<blockquote><p>(Publi\u00e9 dans GralsWelt 17\/2000)<\/p><\/blockquote>\n<p>Dans la seconde moiti\u00e9 du XIXe si\u00e8cle, l&#039;Europe atteint le sommet de son importance dans le monde :<br \/>\nLa science et la culture europ\u00e9ennes semblaient en bonne voie pour d\u00e9finir la \u00ab culture mondiale \u00bb.<br \/>\nLe christianisme voulait aussi convertir les peuples restants \u00e0 sa foi. Cependant, les \u00e9glises chr\u00e9tiennes \u00e9taient divis\u00e9es en centaines de d\u00e9nominations, et le comportement de nombreux chr\u00e9tiens n&#039;\u00e9tait pas une recommandation pour leur religion.<\/p>\n<p>Le \"monde civilis\u00e9\" (notamment l'Europe et l'Am\u00e9rique du Nord) voulait dominer les \"indig\u00e8nes\" et les \"peuples coloniaux\" (dont les anciennes civilisations comme l'Inde et la Chine). C'est en Afrique que cela s'est manifest\u00e9 le plus clairement. Celle-ci \u00e9tait en grande partie divis\u00e9e entre les nations europ\u00e9ennes et leurs zones d'influence.<\/p>\n<p>Parce que tous les \u00c9tats aspiraient \u00e0 des colonies qui promettaient une main-d&#039;\u0153uvre bon march\u00e9, des mati\u00e8res premi\u00e8res bon march\u00e9 et des march\u00e9s pour la surproduction int\u00e9rieure.<br \/>\nL&#039;Angleterre, la France, la Belgique, les Pays-Bas, l&#039;Espagne et le Portugal comptent notamment comme puissances coloniales ; pendant quelques d\u00e9cennies aussi l&#039;Allemagne et l&#039;Italie. On oublie souvent que la Sib\u00e9rie et le Caucase \u00e9taient des colonies russes, que les Philippines \u00e9taient des colonies am\u00e9ricaines et par ex. T. le sont toujours.<\/p>\n<p>L&#039;Europe et les \u00c9tats-Unis partagent des valeurs ; tous deux se sentaient attach\u00e9s \u00e0 l&#039;\u00e9thique chr\u00e9tienne, par exemple.<br \/>\nLa majorit\u00e9 des \u00c9tats europ\u00e9ens \u00e9taient des monarchies \u00e9clair\u00e9es avec des parlements dont l&#039;influence augmentait, les rapprochant politiquement des \u00c9tats-Unis d\u00e9mocratiques. Mais il y avait encore des repr\u00e9sailles contre les dissidents politiques et l&#039;oppression des minorit\u00e9s ethniques (par exemple en Russie), de sorte que les \u00e9migrants continuaient \u00e0 chercher une vie meilleure \u00e0 l&#039;\u00e9tranger pour des raisons politiques ou \u00e9conomiques.<\/p>\n<p>Les guerres \u00e9taient consid\u00e9r\u00e9es comme des moyens l\u00e9gitimes d&#039;\u00c9tats souverains; ce qui n&#039;\u00e9tait pas r\u00e9solu sur la sc\u00e8ne diplomatique se livrait au \u00ab champ d&#039;honneur \u00bb. Presque chaque ann\u00e9e, il y avait une guerre ou une \u00e9meute quelque part dans le monde.<\/p>\n<p>L'\u00e9conomie s'est d\u00e9velopp\u00e9e. Outre les secteurs \u00e9conomiques \"classiques\" tels que la construction, l'exploitation mini\u00e8re, l'agriculture, la construction navale et l'industrie textile, la construction m\u00e9canique, la chimie et l'\u00e9lectrotechnique prirent une importance croissante. Les d\u00e9couvertes les plus importantes de l'\u00e9poque furent peut-\u00eatre celles de la microbiologie qui, apr\u00e8s 1870, identifia enfin les causes des maladies infectieuses et trouva des moyens d'\u00e9viter les \u00e9pid\u00e9mies.<\/p>\n<p>Une \u00e9tape pr\u00e9liminaire de \u00abl&#039;\u00e9conomie mondiale\u00bb d&#039;aujourd&#039;hui \u00e9tait pratiqu\u00e9e par des puissances coloniales telles que la Grande-Bretagne, et en Angleterre, \u00abl&#039;\u00e9conomie libre\u00bb \u00e9tait c\u00e9l\u00e9br\u00e9e, tandis que d&#039;autres \u00c9tats, dont le Reich allemand, prot\u00e9geaient leurs usines contre une concurrence \u00e9trang\u00e8re ind\u00e9sirable avec des tarifs douaniers.<br \/>\nAux \u00c9tats-Unis en particulier, des monopoles sont apparus qui visaient \u00e0 obtenir un pouvoir de march\u00e9 total et, dans certains cas, ont d\u00fb \u00eatre contenus par des mesures juridiques.<\/p>\n<p>En Europe comme aux \u00c9tats-Unis, les id\u00e9es socialistes ont \u00e9galement acquis une influence politique. Des mouvements ouvriers ont \u00e9merg\u00e9, des gr\u00e8ves et des lock-out ont durci les relations entre \u00ab ouvriers \u00bb et \u00ab patrons d&#039;usine \u00bb dans la lutte pour l&#039;\u00e9quilibre social, et il a fallu du temps avant que les gr\u00e8ves soient reconnues comme l\u00e9gitimes et ne puissent plus \u00eatre violemment r\u00e9prim\u00e9es.<\/p>\n<p>Toutes ces tensions sont devenues apparentes dans les derni\u00e8res d\u00e9cennies du XIXe si\u00e8cle. Ils pr\u00e9figuraient les probl\u00e8mes du XXe si\u00e8cle \u00e0 venir :<br \/>\n* L'affrontement entre le capital et le travail, proph\u00e9tis\u00e9 par Karl Marx (1818-1883).<br \/>\n* La r\u00e9volution socialiste.<br \/>\n* Guerre pour les d\u00e9bouch\u00e9s.<br \/>\n* Lutte de pouvoir entre les entreprises et les syndicats.<br \/>\n* Une \"lutte mondiale pour les mati\u00e8res premi\u00e8res\".<br \/>\n* La \"bataille pour l'espace\" attendue par les nationalistes.<\/p>\n<p>En Europe centrale, l&#039;\u00e9quilibre des pouvoirs d\u00e9j\u00e0 instable entre les \u00c9tats s&#039;est encore tendu : apr\u00e8s son unification en 1871, le Reich allemand est devenu une puissance militaire et \u00e9conomique de premier plan qui revendique des colonies et revendique sa place l\u00e9gitime dans le concert des grandes puissances. .<\/p>\n<p>La concurrence \u00e9conomique entre les \u00c9tats s'est intensifi\u00e9e. La base \u00e9conomique reposait encore principalement sur les mati\u00e8res premi\u00e8res disponibles dans le pays, comme le charbon et l'acier. Mais il \u00e9tait pr\u00e9visible que les produits import\u00e9s comme le caoutchouc et le p\u00e9trole allaient prendre de l'importance. Chaque grande puissance devait s'assurer l'acc\u00e8s \u00e0 ces ressources pour s'affirmer.<\/p>\n<p>Ainsi, les objectifs \u00e9conomiques et politiques des nations se chevauchaient. Les contraintes \u00e9conomiques, les slogans politiques, la lutte pour le pouvoir, les tensions sociales, l&#039;animosit\u00e9 entre les peuples ont \u00e9t\u00e9 exploit\u00e9s par les propagandistes de tous les \u00c9tats \u00e0 leurs fins. Les chefs d&#039;\u00c9tat responsables \u00e9taient g\u00e9n\u00e9ralement submerg\u00e9s par la vari\u00e9t\u00e9 des int\u00e9r\u00eats, des opinions et des probl\u00e8mes.<\/p>\n<p>Les citoyens individuels n&#039;\u00e9taient pour la plupart pas conscients de ces d\u00e9fis mondiaux; il s&#039;est concentr\u00e9 sur son environnement personnel. Les gouvernements n&#039;ont exig\u00e9 aucune \u00ab prise de d\u00e9cision politique \u00bb comme cela est souhaitable dans les d\u00e9mocraties modernes ; parce que de nombreux chefs d&#039;\u00c9tat pensaient encore de mani\u00e8re aristocratique et s&#039;orientaient vers la politique de cabinet du XVIIIe si\u00e8cle.<\/p>\n<p>De cette fa\u00e7on, m\u00eame en Allemagne, les gens ont supprim\u00e9 \u00e0 quel point la situation \u00e9tait instable et \u00e0 quel point le Reich allemand, s\u00fbr de lui et puissant, \u00e9tait en danger. M\u00eame le Kaiser Wilhelm II, qui fut couronn\u00e9 en 1888, ne comprenait ni le chemin difficile vers l&#039;unit\u00e9 allemande ni la situation compliqu\u00e9e d&#039;un grand empire qui venait de na\u00eetre au c\u0153ur de l&#039;Europe et \u00e9tait regard\u00e9 avec suspicion.<\/p>\n<p>D&#039;autres \u00c9tats \u00e9taient \u00e9galement sous pression :<br \/>\nEn Russie, les r\u00e9formes en retard n'ont pas eu lieu et des patriotes \u00e0 courte vue ont voulu masquer les difficult\u00e9s int\u00e9rieures par une guerre.<br \/>\nL&#039;Autriche-Hongrie mena\u00e7ait de s&#039;effondrer sous le besoin d&#039;ind\u00e9pendance de ses diverses nationalit\u00e9s.<br \/>\nLa France a cri\u00e9 pour se venger de sa d\u00e9faite dans la guerre franco-prussienne de 1870-1871.<br \/>\nL&#039;Angleterre avait des probl\u00e8mes dans les colonies et son industrie ressentait la concurrence allemande.<br \/>\nLes nationalistes italiens r\u00e9clamaient le \u00ab Haut-Adige \u00bb (Tyrol du Sud).<br \/>\nL&#039;Irlande voulait devenir ind\u00e9pendante.<br \/>\nLes Balkans \u00e9taient une poudri\u00e8re.<\/p>\n<p>Le nationalisme aveugle a supprim\u00e9 la connaissance que tous les peuples europ\u00e9ens partagent une culture commune et que seule une coop\u00e9ration pacifique leur promet un avenir radieux.<\/p>\n<p>Alors les d\u00e9cideurs responsables, absorb\u00e9s par les probl\u00e8mes du jour, s&#039;enfonc\u00e8rent \u00e0 moiti\u00e9 aveugl\u00e9ment dans <a href=\"https:\/\/www.siegfriedhagl.com\/fr\/recit\/la-catastrophe-primaire-du-20e-siecle\/\">&quot;Catastrophe primordiale du 20\u00e8me si\u00e8cle&quot;<\/a>. (Voir sous &quot;Historique&quot;).<\/p>\n<p>Lire aussi &quot;<a href=\"https:\/\/www.siegfriedhagl.com\/fr\/recit\/weimar-ne-doit-pas-echouer\/\">Weimar n&#039;a pas d\u00fb \u00e9chouer<\/a>\" sous \"Histoire\".<\/p>","protected":false},"excerpt":{"rendered":"<p>(Ver\u00f6ffentlicht in GralsWelt 17\/2000) In der zweiten H\u00e4lfte des 19. Jahrhunderts erlangte Europa den H\u00f6hepunkt seiner Bedeutung in der Welt: Europ\u00e4ische Wissenschaft und Kultur schienen auf bestem Weg, die \u201eWeltkultur\u201c zu bestimmen. Auch das Christentum wollte die noch ausstehenden V\u00f6lker zu seinem Glauben bekehren. Allerdings waren die christlichen Kirchen in Hunderte von Bekenntnissen zerstritten, und [&hellip;]<\/p>\n","protected":false},"author":2,"featured_media":0,"comment_status":"closed","ping_status":"open","sticky":false,"template":"","format":"standard","meta":{"footnotes":""},"categories":[8],"tags":[],"class_list":["post-4474","post","type-post","status-publish","format-standard","hentry","category-geschichte"],"yoast_head":"<!-- This site is optimized with the Yoast SEO plugin v27.5 - https:\/\/yoast.com\/product\/yoast-seo-wordpress\/ -->\n<title>Die Epoche des Zweiten Kaiserreiches &#8211; SiegfriedHagl.com<\/title>\n<meta name=\"robots\" content=\"index, follow, max-snippet:-1, max-image-preview:large, max-video-preview:-1\" \/>\n<link rel=\"canonical\" href=\"https:\/\/www.siegfriedhagl.com\/fr\/recit\/l-epoque-du-second-empire\/\" \/>\n<meta property=\"og:locale\" content=\"fr_FR\" \/>\n<meta property=\"og:type\" content=\"article\" \/>\n<meta property=\"og:title\" content=\"Die Epoche des Zweiten Kaiserreiches &#8211; SiegfriedHagl.com\" \/>\n<meta property=\"og:description\" content=\"(Ver\u00f6ffentlicht in GralsWelt 17\/2000) In der zweiten H\u00e4lfte des 19. Jahrhunderts erlangte Europa den H\u00f6hepunkt seiner Bedeutung in der Welt: Europ\u00e4ische Wissenschaft und Kultur schienen auf bestem Weg, die \u201eWeltkultur\u201c zu bestimmen. Auch das Christentum wollte die noch ausstehenden V\u00f6lker zu seinem Glauben bekehren. Allerdings waren die christlichen Kirchen in Hunderte von Bekenntnissen zerstritten, und [&hellip;]\" \/>\n<meta property=\"og:url\" content=\"https:\/\/www.siegfriedhagl.com\/fr\/recit\/l-epoque-du-second-empire\/\" \/>\n<meta property=\"og:site_name\" content=\"SiegfriedHagl.com\" \/>\n<meta property=\"article:published_time\" content=\"2000-12-08T11:28:00+00:00\" \/>\n<meta property=\"article:modified_time\" content=\"2024-06-26T13:50:11+00:00\" \/>\n<meta name=\"author\" content=\"siegfriedhagl\" \/>\n<meta name=\"twitter:card\" content=\"summary_large_image\" \/>\n<meta name=\"twitter:label1\" content=\"\u00c9crit par\" \/>\n\t<meta name=\"twitter:data1\" content=\"siegfriedhagl\" \/>\n\t<meta name=\"twitter:label2\" content=\"Dur\u00e9e de lecture estim\u00e9e\" \/>\n\t<meta name=\"twitter:data2\" content=\"5 minutes\" \/>\n<script type=\"application\/ld+json\" class=\"yoast-schema-graph\">{\"@context\":\"https:\\\/\\\/schema.org\",\"@graph\":[{\"@type\":\"Article\",\"@id\":\"https:\\\/\\\/www.siegfriedhagl.com\\\/geschichte\\\/die-epoche-des-zweiten-kaiserreiches\\\/#article\",\"isPartOf\":{\"@id\":\"https:\\\/\\\/www.siegfriedhagl.com\\\/geschichte\\\/die-epoche-des-zweiten-kaiserreiches\\\/\"},\"author\":{\"name\":\"siegfriedhagl\",\"@id\":\"https:\\\/\\\/www.siegfriedhagl.com\\\/#\\\/schema\\\/person\\\/263c4a916fa13b3e7eda58f6c8c2695f\"},\"headline\":\"Die Epoche des Zweiten Kaiserreiches\",\"datePublished\":\"2000-12-08T11:28:00+00:00\",\"dateModified\":\"2024-06-26T13:50:11+00:00\",\"mainEntityOfPage\":{\"@id\":\"https:\\\/\\\/www.siegfriedhagl.com\\\/geschichte\\\/die-epoche-des-zweiten-kaiserreiches\\\/\"},\"wordCount\":911,\"publisher\":{\"@id\":\"https:\\\/\\\/www.siegfriedhagl.com\\\/#\\\/schema\\\/person\\\/263c4a916fa13b3e7eda58f6c8c2695f\"},\"articleSection\":[\"Geschichte\\\/Historik\"],\"inLanguage\":\"fr-FR\"},{\"@type\":\"WebPage\",\"@id\":\"https:\\\/\\\/www.siegfriedhagl.com\\\/geschichte\\\/die-epoche-des-zweiten-kaiserreiches\\\/\",\"url\":\"https:\\\/\\\/www.siegfriedhagl.com\\\/geschichte\\\/die-epoche-des-zweiten-kaiserreiches\\\/\",\"name\":\"Die Epoche des Zweiten Kaiserreiches &#8211; SiegfriedHagl.com\",\"isPartOf\":{\"@id\":\"https:\\\/\\\/www.siegfriedhagl.com\\\/#website\"},\"datePublished\":\"2000-12-08T11:28:00+00:00\",\"dateModified\":\"2024-06-26T13:50:11+00:00\",\"breadcrumb\":{\"@id\":\"https:\\\/\\\/www.siegfriedhagl.com\\\/geschichte\\\/die-epoche-des-zweiten-kaiserreiches\\\/#breadcrumb\"},\"inLanguage\":\"fr-FR\",\"potentialAction\":[{\"@type\":\"ReadAction\",\"target\":[\"https:\\\/\\\/www.siegfriedhagl.com\\\/geschichte\\\/die-epoche-des-zweiten-kaiserreiches\\\/\"]}]},{\"@type\":\"BreadcrumbList\",\"@id\":\"https:\\\/\\\/www.siegfriedhagl.com\\\/geschichte\\\/die-epoche-des-zweiten-kaiserreiches\\\/#breadcrumb\",\"itemListElement\":[{\"@type\":\"ListItem\",\"position\":1,\"name\":\"Startseite\",\"item\":\"https:\\\/\\\/www.siegfriedhagl.com\\\/\"},{\"@type\":\"ListItem\",\"position\":2,\"name\":\"Die Epoche des Zweiten Kaiserreiches\"}]},{\"@type\":\"WebSite\",\"@id\":\"https:\\\/\\\/www.siegfriedhagl.com\\\/#website\",\"url\":\"https:\\\/\\\/www.siegfriedhagl.com\\\/\",\"name\":\"SiegfriedHagl.com\",\"description\":\"Artikel und Blog von Siegfried Hagl\",\"publisher\":{\"@id\":\"https:\\\/\\\/www.siegfriedhagl.com\\\/#\\\/schema\\\/person\\\/263c4a916fa13b3e7eda58f6c8c2695f\"},\"potentialAction\":[{\"@type\":\"SearchAction\",\"target\":{\"@type\":\"EntryPoint\",\"urlTemplate\":\"https:\\\/\\\/www.siegfriedhagl.com\\\/?s={search_term_string}\"},\"query-input\":{\"@type\":\"PropertyValueSpecification\",\"valueRequired\":true,\"valueName\":\"search_term_string\"}}],\"inLanguage\":\"fr-FR\"},{\"@type\":[\"Person\",\"Organization\"],\"@id\":\"https:\\\/\\\/www.siegfriedhagl.com\\\/#\\\/schema\\\/person\\\/263c4a916fa13b3e7eda58f6c8c2695f\",\"name\":\"siegfriedhagl\",\"image\":{\"@type\":\"ImageObject\",\"inLanguage\":\"fr-FR\",\"@id\":\"https:\\\/\\\/secure.gravatar.com\\\/avatar\\\/45b010d0734a07d6fa163753be02d78684ff4128f419d6ee0a0370de54233f1c?s=96&d=mm&r=g\",\"url\":\"https:\\\/\\\/secure.gravatar.com\\\/avatar\\\/45b010d0734a07d6fa163753be02d78684ff4128f419d6ee0a0370de54233f1c?s=96&d=mm&r=g\",\"contentUrl\":\"https:\\\/\\\/secure.gravatar.com\\\/avatar\\\/45b010d0734a07d6fa163753be02d78684ff4128f419d6ee0a0370de54233f1c?s=96&d=mm&r=g\",\"caption\":\"siegfriedhagl\"},\"logo\":{\"@id\":\"https:\\\/\\\/secure.gravatar.com\\\/avatar\\\/45b010d0734a07d6fa163753be02d78684ff4128f419d6ee0a0370de54233f1c?s=96&d=mm&r=g\"},\"sameAs\":[\"http:\\\/\\\/www.hagl.net\"]}]}<\/script>\n<!-- \/ Yoast SEO plugin. -->","yoast_head_json":{"title":"L'\u00e9poque du Second Empire - SiegfriedHagl.com","robots":{"index":"index","follow":"follow","max-snippet":"max-snippet:-1","max-image-preview":"max-image-preview:large","max-video-preview":"max-video-preview:-1"},"canonical":"https:\/\/www.siegfriedhagl.com\/fr\/recit\/l-epoque-du-second-empire\/","og_locale":"fr_FR","og_type":"article","og_title":"Die Epoche des Zweiten Kaiserreiches &#8211; SiegfriedHagl.com","og_description":"(Ver\u00f6ffentlicht in GralsWelt 17\/2000) In der zweiten H\u00e4lfte des 19. Jahrhunderts erlangte Europa den H\u00f6hepunkt seiner Bedeutung in der Welt: Europ\u00e4ische Wissenschaft und Kultur schienen auf bestem Weg, die \u201eWeltkultur\u201c zu bestimmen. Auch das Christentum wollte die noch ausstehenden V\u00f6lker zu seinem Glauben bekehren. Allerdings waren die christlichen Kirchen in Hunderte von Bekenntnissen zerstritten, und [&hellip;]","og_url":"https:\/\/www.siegfriedhagl.com\/fr\/recit\/l-epoque-du-second-empire\/","og_site_name":"SiegfriedHagl.com","article_published_time":"2000-12-08T11:28:00+00:00","article_modified_time":"2024-06-26T13:50:11+00:00","author":"siegfriedhagl","twitter_card":"summary_large_image","twitter_misc":{"\u00c9crit par":"siegfriedhagl","Dur\u00e9e de lecture estim\u00e9e":"5 minutes"},"schema":{"@context":"https:\/\/schema.org","@graph":[{"@type":"Article","@id":"https:\/\/www.siegfriedhagl.com\/geschichte\/die-epoche-des-zweiten-kaiserreiches\/#article","isPartOf":{"@id":"https:\/\/www.siegfriedhagl.com\/geschichte\/die-epoche-des-zweiten-kaiserreiches\/"},"author":{"name":"siegfriedhagl","@id":"https:\/\/www.siegfriedhagl.com\/#\/schema\/person\/263c4a916fa13b3e7eda58f6c8c2695f"},"headline":"Die Epoche des Zweiten Kaiserreiches","datePublished":"2000-12-08T11:28:00+00:00","dateModified":"2024-06-26T13:50:11+00:00","mainEntityOfPage":{"@id":"https:\/\/www.siegfriedhagl.com\/geschichte\/die-epoche-des-zweiten-kaiserreiches\/"},"wordCount":911,"publisher":{"@id":"https:\/\/www.siegfriedhagl.com\/#\/schema\/person\/263c4a916fa13b3e7eda58f6c8c2695f"},"articleSection":["Geschichte\/Historik"],"inLanguage":"fr-FR"},{"@type":"WebPage","@id":"https:\/\/www.siegfriedhagl.com\/geschichte\/die-epoche-des-zweiten-kaiserreiches\/","url":"https:\/\/www.siegfriedhagl.com\/geschichte\/die-epoche-des-zweiten-kaiserreiches\/","name":"L'\u00e9poque du Second Empire - SiegfriedHagl.com","isPartOf":{"@id":"https:\/\/www.siegfriedhagl.com\/#website"},"datePublished":"2000-12-08T11:28:00+00:00","dateModified":"2024-06-26T13:50:11+00:00","breadcrumb":{"@id":"https:\/\/www.siegfriedhagl.com\/geschichte\/die-epoche-des-zweiten-kaiserreiches\/#breadcrumb"},"inLanguage":"fr-FR","potentialAction":[{"@type":"ReadAction","target":["https:\/\/www.siegfriedhagl.com\/geschichte\/die-epoche-des-zweiten-kaiserreiches\/"]}]},{"@type":"BreadcrumbList","@id":"https:\/\/www.siegfriedhagl.com\/geschichte\/die-epoche-des-zweiten-kaiserreiches\/#breadcrumb","itemListElement":[{"@type":"ListItem","position":1,"name":"Startseite","item":"https:\/\/www.siegfriedhagl.com\/"},{"@type":"ListItem","position":2,"name":"Die Epoche des Zweiten Kaiserreiches"}]},{"@type":"WebSite","@id":"https:\/\/www.siegfriedhagl.com\/#website","url":"https:\/\/www.siegfriedhagl.com\/","name":"SiegfriedHagl.com","description":"Article et blog de Siegfried Hagl","publisher":{"@id":"https:\/\/www.siegfriedhagl.com\/#\/schema\/person\/263c4a916fa13b3e7eda58f6c8c2695f"},"potentialAction":[{"@type":"SearchAction","target":{"@type":"EntryPoint","urlTemplate":"https:\/\/www.siegfriedhagl.com\/?s={search_term_string}"},"query-input":{"@type":"PropertyValueSpecification","valueRequired":true,"valueName":"search_term_string"}}],"inLanguage":"fr-FR"},{"@type":["Person","Organization"],"@id":"https:\/\/www.siegfriedhagl.com\/#\/schema\/person\/263c4a916fa13b3e7eda58f6c8c2695f","name":"siegfriedhagl","image":{"@type":"ImageObject","inLanguage":"fr-FR","@id":"https:\/\/secure.gravatar.com\/avatar\/45b010d0734a07d6fa163753be02d78684ff4128f419d6ee0a0370de54233f1c?s=96&d=mm&r=g","url":"https:\/\/secure.gravatar.com\/avatar\/45b010d0734a07d6fa163753be02d78684ff4128f419d6ee0a0370de54233f1c?s=96&d=mm&r=g","contentUrl":"https:\/\/secure.gravatar.com\/avatar\/45b010d0734a07d6fa163753be02d78684ff4128f419d6ee0a0370de54233f1c?s=96&d=mm&r=g","caption":"siegfriedhagl"},"logo":{"@id":"https:\/\/secure.gravatar.com\/avatar\/45b010d0734a07d6fa163753be02d78684ff4128f419d6ee0a0370de54233f1c?s=96&d=mm&r=g"},"sameAs":["http:\/\/www.hagl.net"]}]}},"_links":{"self":[{"href":"https:\/\/www.siegfriedhagl.com\/fr\/wp-json\/wp\/v2\/posts\/4474","targetHints":{"allow":["GET"]}}],"collection":[{"href":"https:\/\/www.siegfriedhagl.com\/fr\/wp-json\/wp\/v2\/posts"}],"about":[{"href":"https:\/\/www.siegfriedhagl.com\/fr\/wp-json\/wp\/v2\/types\/post"}],"author":[{"embeddable":true,"href":"https:\/\/www.siegfriedhagl.com\/fr\/wp-json\/wp\/v2\/users\/2"}],"replies":[{"embeddable":true,"href":"https:\/\/www.siegfriedhagl.com\/fr\/wp-json\/wp\/v2\/comments?post=4474"}],"version-history":[{"count":12,"href":"https:\/\/www.siegfriedhagl.com\/fr\/wp-json\/wp\/v2\/posts\/4474\/revisions"}],"predecessor-version":[{"id":11025,"href":"https:\/\/www.siegfriedhagl.com\/fr\/wp-json\/wp\/v2\/posts\/4474\/revisions\/11025"}],"wp:attachment":[{"href":"https:\/\/www.siegfriedhagl.com\/fr\/wp-json\/wp\/v2\/media?parent=4474"}],"wp:term":[{"taxonomy":"category","embeddable":true,"href":"https:\/\/www.siegfriedhagl.com\/fr\/wp-json\/wp\/v2\/categories?post=4474"},{"taxonomy":"post_tag","embeddable":true,"href":"https:\/\/www.siegfriedhagl.com\/fr\/wp-json\/wp\/v2\/tags?post=4474"}],"curies":[{"name":"wp","href":"https:\/\/api.w.org\/{rel}","templated":true}]}}