{"id":308,"date":"2009-03-27T13:04:57","date_gmt":"2009-03-27T12:04:57","guid":{"rendered":"https:\/\/www.siegfriedhagl.com\/?page_id=308"},"modified":"2025-05-31T10:59:58","modified_gmt":"2025-05-31T09:59:58","slug":"der-has-auf-die-symbole","status":"publish","type":"post","link":"https:\/\/www.siegfriedhagl.com\/fr\/histoires-etranges\/le-a-sur-les-symboles\/","title":{"rendered":"La haine des symboles"},"content":{"rendered":"<p><\/p>\n\n\n<blockquote>\n<p>(Publi\u00e9 dans GralsWelt 24\/2002)<\/p>\n<\/blockquote>\n<p><strong>En mars 2001, les m\u00e9dias ont rapport\u00e9 qu&#039;en d\u00e9pit de vives protestations de nombreux pays, y compris des pays islamiques, les gigantesques statues de Bouddha de Bamian - les plus grandes du monde - avaient explos\u00e9 en Afghanistan.<\/strong><\/p>\n<p>Apparemment, ce sont les talibans radicaux qui voulaient montrer l&#039;exemple pour la victoire imparable de leur id\u00e9ologie avec leur fureur barbare de destruction. Apr\u00e8s son entr\u00e9e victorieuse \u00e0 La Mecque, Mahomet avait d\u00e9j\u00e0 bris\u00e9 les idoles rassembl\u00e9es autour de la Kaaba.<\/p>\n<p><strong>Destruction pour manifester le pouvoir<\/strong><br \/>La destruction de lieux de culte religieux ou politiques n'est pas nouvelle. Depuis toujours, les vainqueurs s'approprient les biens des vaincus et, pour les humilier, il n'est pas rare que les vainqueurs d\u00e9truisent ce que les vaincus avaient de plus sacr\u00e9, par exemple des symboles religieux ou politiques.<\/p>\n<p>Dans l&#039;\u00c9gypte ancienne, le pharaon faisait retirer des temples les noms et les statues des pr\u00e9d\u00e9cesseurs ind\u00e9sirables ; dans les temps anciens, les cadavres d&#039;ennemis d\u00e9c\u00e9d\u00e9s \u00e9taient arrach\u00e9s des tombes et br\u00fbl\u00e9s, ou les temples des villes conquises \u00e9taient d\u00e9truits.\u00a0<\/p>\n<p>Apr\u00e8s son invasion victorieuse de La Mecque (630), Mahomet d\u00e9truisit les idoles plac\u00e9es autour de la Kaaba.\u00a0 \u00a0<\/p>\n<p>Les missionnaires chr\u00e9tiens abattirent le ch\u00eane du Donar (Boniface en 724), bris\u00e8rent des idoles ou br\u00fbl\u00e8rent des \u00e9crits \u00ab h\u00e9r\u00e9tiques \u00bb, y compris d&#039;anciens textes am\u00e9ricains, qu&#039;ils ne savaient pas lire.<\/p>\n<p>Les dissidents de l&#039;\u00e9glise officielle, tels que les hussites, ont d\u00e9truit des images saintes et des crucifix, les ath\u00e9es ont d\u00e9truit des \u00e9glises et des monast\u00e8res (par exemple apr\u00e8s la r\u00e9volution russe d&#039;octobre) et les politiciens ont fait retirer les embl\u00e8mes nationaux et les statues des dirigeants expuls\u00e9s apr\u00e8s un renversement r\u00e9ussi.\u00a0<\/p>\n<p><strong>La bataille de l&#039;image religieuse<\/strong><br \/>Une question autrefois tr\u00e8s d\u00e9battue \u00e9tait de savoir si les images religieuses devaient \u00eatre v\u00e9n\u00e9r\u00e9es. Au cours des si\u00e8cles, il y a eu un certain nombre de th\u00e9ories th\u00e9ologiques que nous ne pouvons qu&#039;effleurer.<\/p>\n<p>Dans le juda\u00efsme ancien (comme plus tard dans l&#039;islam), le deuxi\u00e8me commandement \u00e9tait strictement observ\u00e9\u00a0:<br \/><em>&quot;Tu ne te feras aucune image sculpt\u00e9e, aucune ressemblance de quoi que ce soit dans le ciel en haut, ou sur la terre en bas, ou dans l&#039;eau sous la terre. Tu ne te prosterneras pas devant ces images, ni ne les adoreras...&quot;<\/em> (L\u00e9vitique 26). *)<\/p>\n<p>Les images de l&#039;empereur \u00e9taient v\u00e9n\u00e9r\u00e9es dans l&#039;Empire romain, et les premiers chr\u00e9tiens n&#039;avaient aucun probl\u00e8me \u00e0 prier devant une image de J\u00e9sus ou du Christ crucifi\u00e9. Cependant, il a fallu quelques contorsions th\u00e9ologiques pour justifier le culte des images malgr\u00e9 un mot apparemment sans ambigu\u00eft\u00e9 de l&#039;Ancien Testament.<\/p>\n<p>Les P\u00e8res de l&#039;\u00c9glise ont discut\u00e9 de la question de savoir si et comment la valeur cultuelle des images pouvait \u00eatre justifi\u00e9e; si une image de J\u00e9sus doit \u00eatre consid\u00e9r\u00e9e comme un symbole, ou si, par sa forme, elle participe \u00e0 la nature humaine et divine du Fils de Dieu et est ainsi sanctifi\u00e9e.<\/p>\n<p>Il y avait une dispute sur la valeur et la signification des images chr\u00e9tiennes, jusqu&#039;\u00e0 leur destruction rigoureuse, par exemple au 8\u00e8me si\u00e8cle \u00e0 Byzance pendant le soi-disant &quot;iconoclasme&quot;.<em> Kaiser, L\u00e9on III<\/em>. interdit le culte g\u00e9n\u00e9ralis\u00e9 des incones. Il s&#039;agissait probablement moins des ic\u00f4nes que du r\u00e8gne de l&#039;empereur sur l&#039;\u00c9glise, peut-\u00eatre aussi de la lutte des \u00e9v\u00eaques de Rome et de Byzance pour la dignit\u00e9 et le pouvoir du chef de l&#039;\u00c9glise.<\/p>\n<p>Il y avait un manque de tol\u00e9rance chr\u00e9tienne pour les images pa\u00efennes. Les talibans vous saluent. De telles &quot;trucs du diable&quot; devaient \u00eatre d\u00e9truites, les temples pa\u00efens soi-disant d\u00e9di\u00e9s aux d\u00e9mons incendi\u00e9s.<\/p>\n<p>Enfin, au IVe si\u00e8cle, les religions pa\u00efennes sont interdites, les lieux de culte d\u00e9truits ou convertis en \u00e9glises chr\u00e9tiennes. La pratique de cultes pa\u00efens mena\u00e7ait la peine de mort.<\/p>\n<p><strong>L&#039;art au service de la foi<\/strong><br \/><em>&quot;Si tu veux \u00eatre parfait, va, vends ce que tu as et donne-le aux pauvres - et tu auras un tr\u00e9sor dans le ciel - et viens, suis-moi&quot;.<\/em> (Matthieu 19:21). *)<br \/>Vendant tous ses biens et donnant l&#039;argent aux pauvres, cette exigence s\u00e9v\u00e8re vis-\u00e0-vis des riches ne pouvait \u00eatre appliqu\u00e9e. D\u00e8s lors, les P\u00e8res de l&#039;\u00c9glise recherchent des compromis depuis le IVe si\u00e8cle : ceux qui ne veulent pas tout donner aux pauvres et donc au Christ devraient au moins en donner une part.<\/p>\n<p>Alors qu&#039;au d\u00e9but de l&#039;\u00e8re chr\u00e9tienne, ces fondations, legs, dons et legs b\u00e9n\u00e9ficiaient principalement aux pauvres, au Moyen \u00c2ge s&#039;est d\u00e9velopp\u00e9e l&#039;id\u00e9e que le \u00abpain spirituel\u00bb n&#039;\u00e9tait pas moins important que le pain physique, c&#039;est-\u00e0-dire les fondations de monast\u00e8res, d&#039;\u00e9glises, de chapelles et d&#039;autels , religieux les images ne seraient pas moins m\u00e9ritoires que les offrandes charitables aux pauvres. Ceux qui ne pouvaient pas faire don d&#039;un grand b\u00e2timent \u00e0 l&#039;\u00e9glise contribuaient au moins autant que possible \u00e0 la d\u00e9coration int\u00e9rieure, de sorte que \u00abd\u00e9corer l&#039;\u00e9glise\u00bb devenait une forme sp\u00e9ciale d&#039;aum\u00f4ne. Au Moyen \u00c2ge, l&#039;artisanat et les arts au service de la religion fleurissent, et les \u0153uvres cr\u00e9\u00e9es \u00e0 cette \u00e9poque t\u00e9moignent encore d&#039;une pi\u00e9t\u00e9 profonde qui nous est devenue \u00e9trang\u00e8re.<\/p>\n<p>Surtout entre le XIIe et le XVIe si\u00e8cle, une grande partie de la richesse nationale \u00e9tait utilis\u00e9e pour cultiver des cultes chr\u00e9tiens. Les cath\u00e9drales dominaient les villes, une \u00e9glise se dressait dans chaque village, et le vaste paysage \u00e9tait parsem\u00e9 de monast\u00e8res, de chapelles, de crucifix.<\/p>\n<p>La peur du purgatoire \u00e9tait universelle. Avec une fondation pieuse on pourrait en acheter sa libert\u00e9, et par exemple financer la lecture d&#039;une messe de l&#039;\u00e2me jusqu&#039;au &quot;jour du jugement&quot;.<\/p>\n<p>Finalement, une si grande partie de la richesse nationale s&#039;est retrouv\u00e9e dans la propri\u00e9t\u00e9 de l&#039;\u00e9glise que la situation est devenue mena\u00e7ante pour l&#039;\u00e9conomie; depuis le XIIIe si\u00e8cle, des lois ont d\u00fb \u00eatre promulgu\u00e9es contre la d\u00e9tention de biens par les institutions eccl\u00e9siastiques.\u00a0<\/p>\n<p><strong>Sans bonnes \u0153uvres dans le ciel ?<br \/><\/strong>Ce syst\u00e8me de notions m\u00e9di\u00e9vales de l&#039;au-del\u00e0, de peurs de l&#039;enfer et du purgatoire, a fourni l&#039;\u00e9criture de Luther <em>&quot;De bonnes oeuvres&quot;<\/em> (1520) en question. Luther croyait en la pr\u00e9destination et enseignait que Dieu n&#039;exige pas de nous des \u0153uvres telles que le je\u00fbne, les p\u00e8lerinages ou la fondation d&#039;autels et d&#039;\u00e9glises, mais seulement <em>\u00ab la foi en Christ, qui nous a rachet\u00e9s par sa mort \u00bb<\/em>. Il \u00e9tait convaincu que le royaume des cieux ne pouvait pas \u00eatre achet\u00e9 avec des dotations, des dons, des indulgences ou d&#039;autres dons mat\u00e9riels.\u00a0<\/p>\n<p><strong>Iconoclasme dans la R\u00e9forme<\/strong><br \/>A la suite de la R\u00e9forme, les \u00e9glises des pays protestants furent nettoy\u00e9es de tout accessoire superflu ; parce que la nouvelle vari\u00e9t\u00e9 du christianisme se concentrait enti\u00e8rement sur le &quot;livre&quot;, la &quot;Sainte Ecriture&quot;. Les croyants doivent s&#039;abstenir d&#039;images qui ne font que d\u00e9tourner l&#039;attention du c\u0153ur de la foi.<\/p>\n<p>Les gens du Moyen \u00c2ge \u00e9taient pour la plupart analphab\u00e8tes. Les nombreuses illustrations religieuses devraient servir \u00e0 \u00e9duquer les ignorants de cette \u00e9poque et \u00e0 stimuler la d\u00e9votion.<\/p>\n<p>Avec la R\u00e9forme, la Bible, traduite en langue vernaculaire et maintenant aussi imprim\u00e9e, est devenue accessible \u00e0 un nombre de plus en plus grand de personnes, dont la plupart savaient d\u00e9sormais lire et \u00e9crire ; l&#039;\u00e9criture a supplant\u00e9 l&#039;image. Par exemple, les images et les statues ont \u00e9t\u00e9 retir\u00e9es des \u00e9glises protestantes parce que les fid\u00e8les devaient se concentrer sur ce qui est important, sur le livre.<\/p>\n<p>Luther lui-m\u00eame n&#039;\u00e9tait pas un fanatique iconoclaste. Bien qu&#039;il ait fait retirer les images des \u00e9glises, dont la plupart (saints, statues de Marie, etc.) ne correspondent plus \u00e0 la nouvelle doctrine, il n&#039;a pas exig\u00e9 leur destruction.<\/p>\n<p>Ailleurs, il y a eu des iconoclasmes et des destructions d&#039;\u0153uvres d&#039;art sacr\u00e9es, d\u00e9lib\u00e9r\u00e9es ou ordonn\u00e9es par les autorit\u00e9s. Calvin et Zwingli ont pr\u00each\u00e9 contre les images papistes et ont exig\u00e9 leur destruction. D&#039;innombrables images, statues, sculptures ont \u00e9t\u00e9 perdues et des paysages entiers (par exemple en Suisse et aux Pays-Bas) ont \u00e9t\u00e9 d\u00e9barrass\u00e9s des &quot;idoles&quot;. La plupart des gens n&#039;\u00e9taient probablement pas conscients \u00e0 l&#039;\u00e9poque que la plupart d&#039;entre eux \u00e9taient des biens culturels pr\u00e9cieux.<\/p>\n<p>Dans la compr\u00e9hension catholique, les images sacr\u00e9es \u00e9taient consacr\u00e9es \u00e0 Dieu et donc les objets sacr\u00e9s. Quiconque d\u00e9truisait des images d&#039;\u00e9glises commettait un sacril\u00e8ge (sacrum legere = voler le sacr\u00e9), un crime digne de mort.<\/p>\n<p>Comme c&#039;est souvent le cas dans l&#039;histoire des religions, la nouvelle doctrine se distinguait de l&#039;ancienne en ce qu&#039;elle brisait des tabous, c&#039;est-\u00e0-dire des actes consid\u00e9r\u00e9s comme des crimes dans la compr\u00e9hension de l&#039;ancienne religion.<\/p>\n<p>Un Juif pieux ne pouvait pas accepter J\u00e9sus comme une partie vivante de Dieu ; un chr\u00e9tien orthodoxe a \u00e9t\u00e9 choqu\u00e9 de voir que dans l&#039;\u00c9glise catholique, le pr\u00eatre se tient dos \u00e0 l&#039;autel lors de la pr\u00e9sentation de l&#039;hostie ; et un catholique, d&#039;autre part, consid\u00e9rait la destruction d&#039;objets sacr\u00e9s comme l&#039;\u0153uvre de Satan.<\/p>\n<p>Il peut \u00eatre difficile pour nous aujourd&#039;hui de nous accrocher \u00e0 de tels d\u00e9tails qui, selon la compr\u00e9hension d&#039;aujourd&#039;hui, n&#039;ont pas grand-chose \u00e0 voir avec une v\u00e9ritable religiosit\u00e9 ; mais il y a des si\u00e8cles, la plupart des gens se souciaient des formes ext\u00e9rieures.\u00a0<\/p>\n<p><strong>Les cons\u00e9quences de la R\u00e9forme et son iconoclasme<br \/><\/strong>La suppression des images sacr\u00e9es des \u00e9glises \u00e9tait aussi l&#039;expression d&#039;un changement n\u00e9cessaire apport\u00e9 par les r\u00e9formateurs : se d\u00e9tourner de la peur de l&#039;au-del\u00e0 ; se d\u00e9tournant de la croyance erron\u00e9e que le bonheur \u00e9ternel peut \u00eatre achet\u00e9 par des dons terrestres, par l&#039;achat d&#039;indulgences ou d&#039;autres d\u00e9penses mat\u00e9rielles. Vu sous cet angle, l&#039;iconoclasme de la p\u00e9riode de la R\u00e9forme \u00e9tait un indicateur d&#039;un changement dans la conscience religieuse. Comme pour toutes les r\u00e9volutions, beaucoup a \u00e9t\u00e9 inutilement d\u00e9truit ici.<\/p>\n<p>Une nouvelle compr\u00e9hension de la vie chr\u00e9tienne s&#039;est d\u00e9velopp\u00e9e dans les congr\u00e9gations r\u00e9form\u00e9es. L&#039;exp\u00e9rience sensuelle de la foi, que la Contre-R\u00e9forme dans le style baroque voulait alors transmettre, a c\u00e9d\u00e9 la place \u00e0 une religion plus \u00e9troite bas\u00e9e sur la parole biblique.<\/p>\n<p>L&#039;art religieux a perdu de son importance. Les messes religieuses et autres dotations pour le salut du purgatoire sont devenues superflues et les d\u00e9penses consacr\u00e9es \u00e0 la religion se sont r\u00e9duites \u00e0 une fraction de ce qu&#039;elles avaient \u00e9t\u00e9.<\/p>\n<p>En \u00e9liminant les jours de f\u00eate d\u00e9di\u00e9s aux saints, 30 jours ouvrables par an ont \u00e9t\u00e9 ajout\u00e9s, et l&#039;\u00e9thique protestante du travail s&#039;est d\u00e9velopp\u00e9e, qui au moins en partie (les puritains) voyaient dans la r\u00e9ussite \u00e9conomique la meilleure preuve d&#039;un mode de vie chr\u00e9tien. \u2013<\/p>\n<p>Un autre post sur le sujet est &quot;<a href=\"https:\/\/www.siegfriedhagl.com\/fr\/jours-de-commemoration\/500-ans-de-reforme\/\">500 ans de R\u00e9forme<\/a>&#039; sous &#039;Journ\u00e9es du souvenir&#039;.\u00a0<\/p>\n<p><strong>Note finale:<\/strong>\u00a0<br \/>*) Ceci, le riche jeune chef de J\u00e9sus <em>personnellement<\/em> les conseils donn\u00e9s \u00e9taient simplement g\u00e9n\u00e9ralis\u00e9s.<\/p>\n<p><strong>Litt\u00e9rature:<br \/><\/strong>(1) Bredekamp, Horst &quot;L&#039;art comme moyen de conflits sociaux&quot;, Suhrkamp, Francfort 1975.<br \/>(2) Depeux, C\u00e9cile \/ Jetzler, Peter \/ Wirth, Jean &quot;Bildersturm&quot;, Bernisches Historisches Museum, Berne 2000.<br \/>(3) &quot;Der Spiegel&quot;, 11\/2001 du 12 mars 2001, Spiegelverlag, Hambourg.<\/p>","protected":false},"excerpt":{"rendered":"<p>(Ver\u00f6ffentlicht in GralsWelt\u00a0 24\/2002) Im M\u00e4rz 2001 ging die Meldung durch die Medien, dass ungeachtet entschiedener Proteste aus vielen, auch islamischen L\u00e4ndern, in Afghanistan die gigantischen Buddha-Statuen von Bamian &#8211; die gr\u00f6\u00dften der Welt &#8211; gesprengt wurden. Angeblich waren es radikale Taliban, die in barbarischer Zerst\u00f6rungswut ein Zeichen setzen wollten f\u00fcr den unaufhaltsamen Sieg ihrer [&hellip;]<\/p>\n","protected":false},"author":2,"featured_media":0,"comment_status":"closed","ping_status":"open","sticky":false,"template":"","format":"standard","meta":{"footnotes":""},"categories":[9],"tags":[],"class_list":["post-308","post","type-post","status-publish","format-standard","hentry","category-merkwuerdige-geschichten"],"yoast_head":"<!-- This site is optimized with the Yoast SEO plugin v27.5 - https:\/\/yoast.com\/product\/yoast-seo-wordpress\/ -->\n<title>Der Ha\u00df auf die Symbole &#8211; SiegfriedHagl.com<\/title>\n<meta name=\"robots\" content=\"index, follow, max-snippet:-1, max-image-preview:large, max-video-preview:-1\" \/>\n<link rel=\"canonical\" href=\"https:\/\/www.siegfriedhagl.com\/fr\/histoires-etranges\/le-a-sur-les-symboles\/\" \/>\n<meta property=\"og:locale\" content=\"fr_FR\" \/>\n<meta property=\"og:type\" content=\"article\" \/>\n<meta property=\"og:title\" content=\"Der Ha\u00df auf die Symbole &#8211; SiegfriedHagl.com\" \/>\n<meta property=\"og:description\" content=\"(Ver\u00f6ffentlicht in GralsWelt\u00a0 24\/2002) Im M\u00e4rz 2001 ging die Meldung durch die Medien, dass ungeachtet entschiedener Proteste aus vielen, auch islamischen L\u00e4ndern, in Afghanistan die gigantischen Buddha-Statuen von Bamian &#8211; die gr\u00f6\u00dften der Welt &#8211; gesprengt wurden. Angeblich waren es radikale Taliban, die in barbarischer Zerst\u00f6rungswut ein Zeichen setzen wollten f\u00fcr den unaufhaltsamen Sieg ihrer [&hellip;]\" \/>\n<meta property=\"og:url\" content=\"https:\/\/www.siegfriedhagl.com\/fr\/histoires-etranges\/le-a-sur-les-symboles\/\" \/>\n<meta property=\"og:site_name\" content=\"SiegfriedHagl.com\" \/>\n<meta property=\"article:published_time\" content=\"2009-03-27T12:04:57+00:00\" \/>\n<meta property=\"article:modified_time\" content=\"2025-05-31T09:59:58+00:00\" \/>\n<meta name=\"author\" content=\"siegfriedhagl\" \/>\n<meta name=\"twitter:card\" content=\"summary_large_image\" \/>\n<meta name=\"twitter:label1\" content=\"\u00c9crit par\" \/>\n\t<meta name=\"twitter:data1\" content=\"siegfriedhagl\" \/>\n\t<meta name=\"twitter:label2\" content=\"Dur\u00e9e de lecture estim\u00e9e\" \/>\n\t<meta name=\"twitter:data2\" content=\"7 minutes\" \/>\n<script type=\"application\/ld+json\" class=\"yoast-schema-graph\">{\"@context\":\"https:\\\/\\\/schema.org\",\"@graph\":[{\"@type\":\"Article\",\"@id\":\"https:\\\/\\\/www.siegfriedhagl.com\\\/merkwuerdige-geschichten\\\/der-has-auf-die-symbole\\\/#article\",\"isPartOf\":{\"@id\":\"https:\\\/\\\/www.siegfriedhagl.com\\\/merkwuerdige-geschichten\\\/der-has-auf-die-symbole\\\/\"},\"author\":{\"name\":\"siegfriedhagl\",\"@id\":\"https:\\\/\\\/www.siegfriedhagl.com\\\/#\\\/schema\\\/person\\\/263c4a916fa13b3e7eda58f6c8c2695f\"},\"headline\":\"Der Ha\u00df auf die Symbole\",\"datePublished\":\"2009-03-27T12:04:57+00:00\",\"dateModified\":\"2025-05-31T09:59:58+00:00\",\"mainEntityOfPage\":{\"@id\":\"https:\\\/\\\/www.siegfriedhagl.com\\\/merkwuerdige-geschichten\\\/der-has-auf-die-symbole\\\/\"},\"wordCount\":1599,\"publisher\":{\"@id\":\"https:\\\/\\\/www.siegfriedhagl.com\\\/#\\\/schema\\\/person\\\/263c4a916fa13b3e7eda58f6c8c2695f\"},\"articleSection\":[\"Merkw\u00fcrdige Geschichten\"],\"inLanguage\":\"fr-FR\"},{\"@type\":\"WebPage\",\"@id\":\"https:\\\/\\\/www.siegfriedhagl.com\\\/merkwuerdige-geschichten\\\/der-has-auf-die-symbole\\\/\",\"url\":\"https:\\\/\\\/www.siegfriedhagl.com\\\/merkwuerdige-geschichten\\\/der-has-auf-die-symbole\\\/\",\"name\":\"Der Ha\u00df auf die Symbole &#8211; SiegfriedHagl.com\",\"isPartOf\":{\"@id\":\"https:\\\/\\\/www.siegfriedhagl.com\\\/#website\"},\"datePublished\":\"2009-03-27T12:04:57+00:00\",\"dateModified\":\"2025-05-31T09:59:58+00:00\",\"breadcrumb\":{\"@id\":\"https:\\\/\\\/www.siegfriedhagl.com\\\/merkwuerdige-geschichten\\\/der-has-auf-die-symbole\\\/#breadcrumb\"},\"inLanguage\":\"fr-FR\",\"potentialAction\":[{\"@type\":\"ReadAction\",\"target\":[\"https:\\\/\\\/www.siegfriedhagl.com\\\/merkwuerdige-geschichten\\\/der-has-auf-die-symbole\\\/\"]}]},{\"@type\":\"BreadcrumbList\",\"@id\":\"https:\\\/\\\/www.siegfriedhagl.com\\\/merkwuerdige-geschichten\\\/der-has-auf-die-symbole\\\/#breadcrumb\",\"itemListElement\":[{\"@type\":\"ListItem\",\"position\":1,\"name\":\"Startseite\",\"item\":\"https:\\\/\\\/www.siegfriedhagl.com\\\/\"},{\"@type\":\"ListItem\",\"position\":2,\"name\":\"Der Ha\u00df auf die Symbole\"}]},{\"@type\":\"WebSite\",\"@id\":\"https:\\\/\\\/www.siegfriedhagl.com\\\/#website\",\"url\":\"https:\\\/\\\/www.siegfriedhagl.com\\\/\",\"name\":\"SiegfriedHagl.com\",\"description\":\"Artikel und Blog von Siegfried Hagl\",\"publisher\":{\"@id\":\"https:\\\/\\\/www.siegfriedhagl.com\\\/#\\\/schema\\\/person\\\/263c4a916fa13b3e7eda58f6c8c2695f\"},\"potentialAction\":[{\"@type\":\"SearchAction\",\"target\":{\"@type\":\"EntryPoint\",\"urlTemplate\":\"https:\\\/\\\/www.siegfriedhagl.com\\\/?s={search_term_string}\"},\"query-input\":{\"@type\":\"PropertyValueSpecification\",\"valueRequired\":true,\"valueName\":\"search_term_string\"}}],\"inLanguage\":\"fr-FR\"},{\"@type\":[\"Person\",\"Organization\"],\"@id\":\"https:\\\/\\\/www.siegfriedhagl.com\\\/#\\\/schema\\\/person\\\/263c4a916fa13b3e7eda58f6c8c2695f\",\"name\":\"siegfriedhagl\",\"image\":{\"@type\":\"ImageObject\",\"inLanguage\":\"fr-FR\",\"@id\":\"https:\\\/\\\/secure.gravatar.com\\\/avatar\\\/45b010d0734a07d6fa163753be02d78684ff4128f419d6ee0a0370de54233f1c?s=96&d=mm&r=g\",\"url\":\"https:\\\/\\\/secure.gravatar.com\\\/avatar\\\/45b010d0734a07d6fa163753be02d78684ff4128f419d6ee0a0370de54233f1c?s=96&d=mm&r=g\",\"contentUrl\":\"https:\\\/\\\/secure.gravatar.com\\\/avatar\\\/45b010d0734a07d6fa163753be02d78684ff4128f419d6ee0a0370de54233f1c?s=96&d=mm&r=g\",\"caption\":\"siegfriedhagl\"},\"logo\":{\"@id\":\"https:\\\/\\\/secure.gravatar.com\\\/avatar\\\/45b010d0734a07d6fa163753be02d78684ff4128f419d6ee0a0370de54233f1c?s=96&d=mm&r=g\"},\"sameAs\":[\"http:\\\/\\\/www.hagl.net\"]}]}<\/script>\n<!-- \/ Yoast SEO plugin. -->","yoast_head_json":{"title":"La haine des symboles - SiegfriedHagl.com","robots":{"index":"index","follow":"follow","max-snippet":"max-snippet:-1","max-image-preview":"max-image-preview:large","max-video-preview":"max-video-preview:-1"},"canonical":"https:\/\/www.siegfriedhagl.com\/fr\/histoires-etranges\/le-a-sur-les-symboles\/","og_locale":"fr_FR","og_type":"article","og_title":"Der Ha\u00df auf die Symbole &#8211; SiegfriedHagl.com","og_description":"(Ver\u00f6ffentlicht in GralsWelt\u00a0 24\/2002) Im M\u00e4rz 2001 ging die Meldung durch die Medien, dass ungeachtet entschiedener Proteste aus vielen, auch islamischen L\u00e4ndern, in Afghanistan die gigantischen Buddha-Statuen von Bamian &#8211; die gr\u00f6\u00dften der Welt &#8211; gesprengt wurden. Angeblich waren es radikale Taliban, die in barbarischer Zerst\u00f6rungswut ein Zeichen setzen wollten f\u00fcr den unaufhaltsamen Sieg ihrer [&hellip;]","og_url":"https:\/\/www.siegfriedhagl.com\/fr\/histoires-etranges\/le-a-sur-les-symboles\/","og_site_name":"SiegfriedHagl.com","article_published_time":"2009-03-27T12:04:57+00:00","article_modified_time":"2025-05-31T09:59:58+00:00","author":"siegfriedhagl","twitter_card":"summary_large_image","twitter_misc":{"\u00c9crit par":"siegfriedhagl","Dur\u00e9e de lecture estim\u00e9e":"7 minutes"},"schema":{"@context":"https:\/\/schema.org","@graph":[{"@type":"Article","@id":"https:\/\/www.siegfriedhagl.com\/merkwuerdige-geschichten\/der-has-auf-die-symbole\/#article","isPartOf":{"@id":"https:\/\/www.siegfriedhagl.com\/merkwuerdige-geschichten\/der-has-auf-die-symbole\/"},"author":{"name":"siegfriedhagl","@id":"https:\/\/www.siegfriedhagl.com\/#\/schema\/person\/263c4a916fa13b3e7eda58f6c8c2695f"},"headline":"Der Ha\u00df auf die Symbole","datePublished":"2009-03-27T12:04:57+00:00","dateModified":"2025-05-31T09:59:58+00:00","mainEntityOfPage":{"@id":"https:\/\/www.siegfriedhagl.com\/merkwuerdige-geschichten\/der-has-auf-die-symbole\/"},"wordCount":1599,"publisher":{"@id":"https:\/\/www.siegfriedhagl.com\/#\/schema\/person\/263c4a916fa13b3e7eda58f6c8c2695f"},"articleSection":["Merkw\u00fcrdige Geschichten"],"inLanguage":"fr-FR"},{"@type":"WebPage","@id":"https:\/\/www.siegfriedhagl.com\/merkwuerdige-geschichten\/der-has-auf-die-symbole\/","url":"https:\/\/www.siegfriedhagl.com\/merkwuerdige-geschichten\/der-has-auf-die-symbole\/","name":"La haine des symboles - SiegfriedHagl.com","isPartOf":{"@id":"https:\/\/www.siegfriedhagl.com\/#website"},"datePublished":"2009-03-27T12:04:57+00:00","dateModified":"2025-05-31T09:59:58+00:00","breadcrumb":{"@id":"https:\/\/www.siegfriedhagl.com\/merkwuerdige-geschichten\/der-has-auf-die-symbole\/#breadcrumb"},"inLanguage":"fr-FR","potentialAction":[{"@type":"ReadAction","target":["https:\/\/www.siegfriedhagl.com\/merkwuerdige-geschichten\/der-has-auf-die-symbole\/"]}]},{"@type":"BreadcrumbList","@id":"https:\/\/www.siegfriedhagl.com\/merkwuerdige-geschichten\/der-has-auf-die-symbole\/#breadcrumb","itemListElement":[{"@type":"ListItem","position":1,"name":"Startseite","item":"https:\/\/www.siegfriedhagl.com\/"},{"@type":"ListItem","position":2,"name":"Der Ha\u00df auf die Symbole"}]},{"@type":"WebSite","@id":"https:\/\/www.siegfriedhagl.com\/#website","url":"https:\/\/www.siegfriedhagl.com\/","name":"SiegfriedHagl.com","description":"Article et blog de Siegfried Hagl","publisher":{"@id":"https:\/\/www.siegfriedhagl.com\/#\/schema\/person\/263c4a916fa13b3e7eda58f6c8c2695f"},"potentialAction":[{"@type":"SearchAction","target":{"@type":"EntryPoint","urlTemplate":"https:\/\/www.siegfriedhagl.com\/?s={search_term_string}"},"query-input":{"@type":"PropertyValueSpecification","valueRequired":true,"valueName":"search_term_string"}}],"inLanguage":"fr-FR"},{"@type":["Person","Organization"],"@id":"https:\/\/www.siegfriedhagl.com\/#\/schema\/person\/263c4a916fa13b3e7eda58f6c8c2695f","name":"siegfriedhagl","image":{"@type":"ImageObject","inLanguage":"fr-FR","@id":"https:\/\/secure.gravatar.com\/avatar\/45b010d0734a07d6fa163753be02d78684ff4128f419d6ee0a0370de54233f1c?s=96&d=mm&r=g","url":"https:\/\/secure.gravatar.com\/avatar\/45b010d0734a07d6fa163753be02d78684ff4128f419d6ee0a0370de54233f1c?s=96&d=mm&r=g","contentUrl":"https:\/\/secure.gravatar.com\/avatar\/45b010d0734a07d6fa163753be02d78684ff4128f419d6ee0a0370de54233f1c?s=96&d=mm&r=g","caption":"siegfriedhagl"},"logo":{"@id":"https:\/\/secure.gravatar.com\/avatar\/45b010d0734a07d6fa163753be02d78684ff4128f419d6ee0a0370de54233f1c?s=96&d=mm&r=g"},"sameAs":["http:\/\/www.hagl.net"]}]}},"_links":{"self":[{"href":"https:\/\/www.siegfriedhagl.com\/fr\/wp-json\/wp\/v2\/posts\/308","targetHints":{"allow":["GET"]}}],"collection":[{"href":"https:\/\/www.siegfriedhagl.com\/fr\/wp-json\/wp\/v2\/posts"}],"about":[{"href":"https:\/\/www.siegfriedhagl.com\/fr\/wp-json\/wp\/v2\/types\/post"}],"author":[{"embeddable":true,"href":"https:\/\/www.siegfriedhagl.com\/fr\/wp-json\/wp\/v2\/users\/2"}],"replies":[{"embeddable":true,"href":"https:\/\/www.siegfriedhagl.com\/fr\/wp-json\/wp\/v2\/comments?post=308"}],"version-history":[{"count":17,"href":"https:\/\/www.siegfriedhagl.com\/fr\/wp-json\/wp\/v2\/posts\/308\/revisions"}],"predecessor-version":[{"id":11600,"href":"https:\/\/www.siegfriedhagl.com\/fr\/wp-json\/wp\/v2\/posts\/308\/revisions\/11600"}],"wp:attachment":[{"href":"https:\/\/www.siegfriedhagl.com\/fr\/wp-json\/wp\/v2\/media?parent=308"}],"wp:term":[{"taxonomy":"category","embeddable":true,"href":"https:\/\/www.siegfriedhagl.com\/fr\/wp-json\/wp\/v2\/categories?post=308"},{"taxonomy":"post_tag","embeddable":true,"href":"https:\/\/www.siegfriedhagl.com\/fr\/wp-json\/wp\/v2\/tags?post=308"}],"curies":[{"name":"wp","href":"https:\/\/api.w.org\/{rel}","templated":true}]}}