{"id":2222,"date":"2014-08-10T11:11:01","date_gmt":"2014-08-10T10:11:01","guid":{"rendered":"https:\/\/www.siegfriedhagl.com\/?page_id=2222"},"modified":"2025-02-14T15:12:00","modified_gmt":"2025-02-14T14:12:00","slug":"mehr-als-der-erfinder-des-blitzableiters","status":"publish","type":"post","link":"https:\/\/www.siegfriedhagl.com\/fr\/jours-de-commemoration\/plus-que-l-inventeur-du-paratonnerre\/","title":{"rendered":"Plus que l&#039;inventeur du paratonnerre"},"content":{"rendered":"<blockquote><p>Ver\u00f6ffentlicht 2006<\/p><\/blockquote>\n<p>Vor dreihundert Jahren (1706) war der Geburtstag von <strong>Benjamin<\/strong> Franklin (17.1.1706 \u2013 17.4.1790), einem der bekanntesten Repr\u00e4sentanten des \u201eNeuen Amerika\u201c. Als typischer Vertreter der Aufkl\u00e4rung war er universell interessiert. Seine Intelligenz und sein im Sinne des Puritanertums geordnetes, sparsames, erfolgsorientiertes Leben brachten ihm wissenschaftliche Reputation, politischen Einfluss und einen fast m\u00e4rchenhaften Aufstieg, der den sp\u00e4ter sprichw\u00f6rtlichen \u201eAmerikanischen Traum&#8220; vorwegnahm.<\/p>\n<p>Franklins Karriere begann als Buchdrucker, Schriftsteller, Herausgeber einer Zeitung und eines Almanachs.<\/p>\n<p>Seine Forschungen auf dem Gebiet der Elektrizit\u00e4t (Blitzableiter, Kondensator, theoretische Arbeiten) machten ihn weit \u00fcber Nordamerika hinaus bekannt. So z\u00f6gerte er nicht, bei einem Gewitter einen Drachen in die Gewitterwolke steigen zu lassen, um an der Drachenschnur die elektrische Spannung zu messen. Er \u00fcberstand unbeschadet den riskanten Versuch, der wohl anderen, weniger mutigen, engagierten und vor allem gl\u00fccklichen das Leben gekostet h\u00e4tte.<\/p>\n<p>Ab 1751 wurde Franklin politisch t\u00e4tig. Beim Stammesbund der Irokesen lernte er die Grundlagen der Verfassung der sp\u00e4teren USA (Vgl. &#8222;Kurz, knapp, kurios&#8220; Seite 265 \u201eEin Prophet in Nordamerika&#8220;). Ab 1775 setzte er sich f\u00fcr die Unabh\u00e4ngigkeit der Nordamerikanischen Kolonien vom \u201eMutterland\u201c England ein, und er wurde einer der Unterzeichner der Unabh\u00e4ngigkeitserkl\u00e4rung von 1776.<\/p>\n<p>Als Gesandter der (zun\u00e4chst nur 13) Vereinigten Staaten in Frankreich (1776-85) errang er durch sein vornehmes, republikanisches Auftreten viele Sympathien. Er trug wesentlich dazu bei, dass die franz\u00f6sische Flotte auf der Seite der Rebellen in den Amerikanischen Unabh\u00e4ngigkeitskrieg eingriff. So konnte die kleine Armee der neu gegr\u00fcndeten \u201eVereinigten Staaten von Amerika\u201c (USA) einen, von den meisten f\u00fcr unm\u00f6glich gehaltenen, Sieg \u00fcber die englischen Truppen erringen.<\/p>\n<p>Benjamin Franklin war einer der einflussreichsten Repr\u00e4sentanten des \u201eNeuen Amerika\u201c. Einerseits ein aufgekl\u00e4rter Wissenschaftler, Schriftsteller und Politiker; doch zugleich ein gem\u00e4\u00dfigter Puritaner. Die von ihm vorbildlich gelebte Synthese aus einer der Wissenschaft, bzw. der Philosophie der Aufkl\u00e4rung verpflichteten Leistung und religi\u00f6s begr\u00fcndeten ethischen Maximen gab in den USA eine Richtung vor, deren Einfluss zwar gelegentlich noch heute sp\u00fcrbar ist, aber nicht selten schon vergessen scheint. Denn seit dem Goldrausch von Kalifornien (1848) meinen Viele, dass man vor allem Gl\u00fcck\u00a0 haben m\u00fcsse, das mehr z\u00e4hle, als dauerhafter Arbeitsflei\u00df.<\/p>\n<blockquote><p>U.a. formulierte Franklin seine eigenen, h\u00f6chst bemerkenswerten, im puritanischen Geist gehaltenen Lebensregeln, wobei er empfahl, Jesus und Sokrates nachzuahmen. Seine dreizehn f\u00fcr einen puritanischen Gesch\u00e4ftsmann g\u00fcltigen Tugenden lauten:<br \/>\n\u201e<i>M\u00e4\u00dfigkeit, Verzicht auf unn\u00fctze Reden, Ordnung, Entschlossenheit, Sparsamkeit, Flei\u00df, Aufrichtigkeit, Gerechtigkeit, M\u00e4\u00dfigung (das Vermeiden von Extremen), Reinlichkeit, Gem\u00fctsruhe, Keuschheit und Demut\u201c.<\/i>[<span style=\"font-size: 17.5px;\">1<\/span>]<\/p><\/blockquote>\n<p>Einem jungen Gesch\u00e4ftsmann empfahl Franklin, ganz im Sinne des Puritanismus:<br \/>\n<i>\u201eDenke daran, dass Zeit Geld ist. Wer durch seine Arbeit zehn Schilling am Tag verdienen kann und die H\u00e4lfte dieses Tages m\u00fc\u00dfig herumsitzt, darf, wenn er auch nur sechs Pence w\u00e4hrend seiner Zerstreuung oder M\u00fc\u00dfigkeit verbraucht, das nicht als einzige Ausgabe rechnen; er hat tats\u00e4chlich zus\u00e4tzlich f\u00fcnf Schilling verbraucht, oder besser weggeworfen.\u201c<\/i>[<span style=\"font-size: 17.5px;\"><i>2<\/i><\/span>]<\/p>\n<p>Man kann sich heute nur w\u00fcnschen, dass es einmal wieder dazu kommt, dass die Arbeit so f\u00fcr jeden zug\u00e4nglich \u201eauf der Stra\u00dfe liegt\u201c, wie es Franklin damals als selbstverst\u00e4ndlich voraussetzte!<\/p>\n<p>Ein weiterer bemerkenswerter Spruch Franklins, der besonders unserer Zeit ins Stammbuch geschrieben scheint, lautet so:<br \/>\n<i>\u201eWer die Freiheit aufgibt, um Sicherheit zu gewinnen, wird am Ende beides verlieren.\u201c<\/i>[<span style=\"font-size: 17.5px;\">3<\/span>]<\/p>\n<p><strong>Endnoten:<br \/>\n<\/strong>[<span style=\"font-size: 17.5px;\">1<\/span>]Vgl.: J\u00fcrgen Heideking: Siegreiche Rebellen: Der Unabh\u00e4ngigkeitskrieg. In: DIE ZEIT, Welt- und Kulturgeschichte, Bd. 10: Zeitalter der Revolutionen, Hamburg 2006, S. 510.<br \/>\n[<span style=\"font-size: 17.5px;\">2<\/span>] Vgl.: Rolf Walter: Wirtschaftliche Schranken fallen: Vom Zunftzwang zur Gewerbefreiheit. In: DIE ZEIT, Welt- und Kulturgeschichte, Bd. 10: Zeitalter der Revolutionen, Hamburg 2006, S. 182.<br \/>\n[<span style=\"font-size: 17.5px;\">3<\/span>]Vgl.: J\u00fcrgen Heideking, a.a.O., S. 508.<\/p>\n","protected":false},"excerpt":{"rendered":"<p>Ver\u00f6ffentlicht 2006 Vor dreihundert Jahren (1706) war der Geburtstag von Benjamin Franklin (17.1.1706 \u2013 17.4.1790), einem der bekanntesten Repr\u00e4sentanten des \u201eNeuen Amerika\u201c. Als typischer Vertreter der Aufkl\u00e4rung war er universell interessiert. Seine Intelligenz und sein im Sinne des Puritanertums geordnetes, sparsames, erfolgsorientiertes Leben brachten ihm wissenschaftliche Reputation, politischen Einfluss und einen fast m\u00e4rchenhaften Aufstieg, der [&hellip;]<\/p>\n","protected":false},"author":2,"featured_media":0,"comment_status":"closed","ping_status":"open","sticky":false,"template":"","format":"standard","meta":{"footnotes":""},"categories":[7],"tags":[],"class_list":["post-2222","post","type-post","status-publish","format-standard","hentry","category-gedenktage"],"yoast_head":"<!-- This site is optimized with the Yoast SEO plugin v27.5 - https:\/\/yoast.com\/product\/yoast-seo-wordpress\/ -->\n<title>Mehr als der Erfinder des Blitzableiters &#8211; SiegfriedHagl.com<\/title>\n<meta name=\"robots\" content=\"index, follow, max-snippet:-1, max-image-preview:large, max-video-preview:-1\" \/>\n<link rel=\"canonical\" href=\"https:\/\/www.siegfriedhagl.com\/fr\/jours-de-commemoration\/plus-que-l-inventeur-du-paratonnerre\/\" \/>\n<meta property=\"og:locale\" content=\"fr_FR\" \/>\n<meta property=\"og:type\" content=\"article\" \/>\n<meta property=\"og:title\" content=\"Mehr als der Erfinder des Blitzableiters &#8211; SiegfriedHagl.com\" \/>\n<meta property=\"og:description\" content=\"Ver\u00f6ffentlicht 2006 Vor dreihundert Jahren (1706) war der Geburtstag von Benjamin Franklin (17.1.1706 \u2013 17.4.1790), einem der bekanntesten Repr\u00e4sentanten des \u201eNeuen Amerika\u201c. Als typischer Vertreter der Aufkl\u00e4rung war er universell interessiert. Seine Intelligenz und sein im Sinne des Puritanertums geordnetes, sparsames, erfolgsorientiertes Leben brachten ihm wissenschaftliche Reputation, politischen Einfluss und einen fast m\u00e4rchenhaften Aufstieg, der [&hellip;]\" \/>\n<meta property=\"og:url\" content=\"https:\/\/www.siegfriedhagl.com\/fr\/jours-de-commemoration\/plus-que-l-inventeur-du-paratonnerre\/\" \/>\n<meta property=\"og:site_name\" content=\"SiegfriedHagl.com\" \/>\n<meta property=\"article:published_time\" content=\"2014-08-10T10:11:01+00:00\" \/>\n<meta property=\"article:modified_time\" content=\"2025-02-14T14:12:00+00:00\" \/>\n<meta name=\"author\" content=\"siegfriedhagl\" \/>\n<meta name=\"twitter:card\" content=\"summary_large_image\" \/>\n<meta name=\"twitter:label1\" content=\"\u00c9crit par\" \/>\n\t<meta name=\"twitter:data1\" content=\"siegfriedhagl\" \/>\n\t<meta name=\"twitter:label2\" content=\"Dur\u00e9e de lecture estim\u00e9e\" \/>\n\t<meta name=\"twitter:data2\" content=\"4 minutes\" \/>\n<script type=\"application\/ld+json\" class=\"yoast-schema-graph\">{\"@context\":\"https:\\\/\\\/schema.org\",\"@graph\":[{\"@type\":\"Article\",\"@id\":\"https:\\\/\\\/www.siegfriedhagl.com\\\/gedenktage\\\/mehr-als-der-erfinder-des-blitzableiters\\\/#article\",\"isPartOf\":{\"@id\":\"https:\\\/\\\/www.siegfriedhagl.com\\\/gedenktage\\\/mehr-als-der-erfinder-des-blitzableiters\\\/\"},\"author\":{\"name\":\"siegfriedhagl\",\"@id\":\"https:\\\/\\\/www.siegfriedhagl.com\\\/#\\\/schema\\\/person\\\/263c4a916fa13b3e7eda58f6c8c2695f\"},\"headline\":\"Mehr als der Erfinder des Blitzableiters\",\"datePublished\":\"2014-08-10T10:11:01+00:00\",\"dateModified\":\"2025-02-14T14:12:00+00:00\",\"mainEntityOfPage\":{\"@id\":\"https:\\\/\\\/www.siegfriedhagl.com\\\/gedenktage\\\/mehr-als-der-erfinder-des-blitzableiters\\\/\"},\"wordCount\":611,\"publisher\":{\"@id\":\"https:\\\/\\\/www.siegfriedhagl.com\\\/#\\\/schema\\\/person\\\/263c4a916fa13b3e7eda58f6c8c2695f\"},\"articleSection\":[\"Gedenktage\"],\"inLanguage\":\"fr-FR\"},{\"@type\":\"WebPage\",\"@id\":\"https:\\\/\\\/www.siegfriedhagl.com\\\/gedenktage\\\/mehr-als-der-erfinder-des-blitzableiters\\\/\",\"url\":\"https:\\\/\\\/www.siegfriedhagl.com\\\/gedenktage\\\/mehr-als-der-erfinder-des-blitzableiters\\\/\",\"name\":\"Mehr als der Erfinder des Blitzableiters &#8211; SiegfriedHagl.com\",\"isPartOf\":{\"@id\":\"https:\\\/\\\/www.siegfriedhagl.com\\\/#website\"},\"datePublished\":\"2014-08-10T10:11:01+00:00\",\"dateModified\":\"2025-02-14T14:12:00+00:00\",\"breadcrumb\":{\"@id\":\"https:\\\/\\\/www.siegfriedhagl.com\\\/gedenktage\\\/mehr-als-der-erfinder-des-blitzableiters\\\/#breadcrumb\"},\"inLanguage\":\"fr-FR\",\"potentialAction\":[{\"@type\":\"ReadAction\",\"target\":[\"https:\\\/\\\/www.siegfriedhagl.com\\\/gedenktage\\\/mehr-als-der-erfinder-des-blitzableiters\\\/\"]}]},{\"@type\":\"BreadcrumbList\",\"@id\":\"https:\\\/\\\/www.siegfriedhagl.com\\\/gedenktage\\\/mehr-als-der-erfinder-des-blitzableiters\\\/#breadcrumb\",\"itemListElement\":[{\"@type\":\"ListItem\",\"position\":1,\"name\":\"Startseite\",\"item\":\"https:\\\/\\\/www.siegfriedhagl.com\\\/\"},{\"@type\":\"ListItem\",\"position\":2,\"name\":\"Mehr als der Erfinder des Blitzableiters\"}]},{\"@type\":\"WebSite\",\"@id\":\"https:\\\/\\\/www.siegfriedhagl.com\\\/#website\",\"url\":\"https:\\\/\\\/www.siegfriedhagl.com\\\/\",\"name\":\"SiegfriedHagl.com\",\"description\":\"Artikel und Blog von Siegfried Hagl\",\"publisher\":{\"@id\":\"https:\\\/\\\/www.siegfriedhagl.com\\\/#\\\/schema\\\/person\\\/263c4a916fa13b3e7eda58f6c8c2695f\"},\"potentialAction\":[{\"@type\":\"SearchAction\",\"target\":{\"@type\":\"EntryPoint\",\"urlTemplate\":\"https:\\\/\\\/www.siegfriedhagl.com\\\/?s={search_term_string}\"},\"query-input\":{\"@type\":\"PropertyValueSpecification\",\"valueRequired\":true,\"valueName\":\"search_term_string\"}}],\"inLanguage\":\"fr-FR\"},{\"@type\":[\"Person\",\"Organization\"],\"@id\":\"https:\\\/\\\/www.siegfriedhagl.com\\\/#\\\/schema\\\/person\\\/263c4a916fa13b3e7eda58f6c8c2695f\",\"name\":\"siegfriedhagl\",\"image\":{\"@type\":\"ImageObject\",\"inLanguage\":\"fr-FR\",\"@id\":\"https:\\\/\\\/secure.gravatar.com\\\/avatar\\\/45b010d0734a07d6fa163753be02d78684ff4128f419d6ee0a0370de54233f1c?s=96&d=mm&r=g\",\"url\":\"https:\\\/\\\/secure.gravatar.com\\\/avatar\\\/45b010d0734a07d6fa163753be02d78684ff4128f419d6ee0a0370de54233f1c?s=96&d=mm&r=g\",\"contentUrl\":\"https:\\\/\\\/secure.gravatar.com\\\/avatar\\\/45b010d0734a07d6fa163753be02d78684ff4128f419d6ee0a0370de54233f1c?s=96&d=mm&r=g\",\"caption\":\"siegfriedhagl\"},\"logo\":{\"@id\":\"https:\\\/\\\/secure.gravatar.com\\\/avatar\\\/45b010d0734a07d6fa163753be02d78684ff4128f419d6ee0a0370de54233f1c?s=96&d=mm&r=g\"},\"sameAs\":[\"http:\\\/\\\/www.hagl.net\"]}]}<\/script>\n<!-- \/ Yoast SEO plugin. -->","yoast_head_json":{"title":"Plus que l'inventeur du paratonnerre - SiegfriedHagl.com","robots":{"index":"index","follow":"follow","max-snippet":"max-snippet:-1","max-image-preview":"max-image-preview:large","max-video-preview":"max-video-preview:-1"},"canonical":"https:\/\/www.siegfriedhagl.com\/fr\/jours-de-commemoration\/plus-que-l-inventeur-du-paratonnerre\/","og_locale":"fr_FR","og_type":"article","og_title":"Mehr als der Erfinder des Blitzableiters &#8211; SiegfriedHagl.com","og_description":"Ver\u00f6ffentlicht 2006 Vor dreihundert Jahren (1706) war der Geburtstag von Benjamin Franklin (17.1.1706 \u2013 17.4.1790), einem der bekanntesten Repr\u00e4sentanten des \u201eNeuen Amerika\u201c. Als typischer Vertreter der Aufkl\u00e4rung war er universell interessiert. Seine Intelligenz und sein im Sinne des Puritanertums geordnetes, sparsames, erfolgsorientiertes Leben brachten ihm wissenschaftliche Reputation, politischen Einfluss und einen fast m\u00e4rchenhaften Aufstieg, der [&hellip;]","og_url":"https:\/\/www.siegfriedhagl.com\/fr\/jours-de-commemoration\/plus-que-l-inventeur-du-paratonnerre\/","og_site_name":"SiegfriedHagl.com","article_published_time":"2014-08-10T10:11:01+00:00","article_modified_time":"2025-02-14T14:12:00+00:00","author":"siegfriedhagl","twitter_card":"summary_large_image","twitter_misc":{"\u00c9crit par":"siegfriedhagl","Dur\u00e9e de lecture estim\u00e9e":"4 minutes"},"schema":{"@context":"https:\/\/schema.org","@graph":[{"@type":"Article","@id":"https:\/\/www.siegfriedhagl.com\/gedenktage\/mehr-als-der-erfinder-des-blitzableiters\/#article","isPartOf":{"@id":"https:\/\/www.siegfriedhagl.com\/gedenktage\/mehr-als-der-erfinder-des-blitzableiters\/"},"author":{"name":"siegfriedhagl","@id":"https:\/\/www.siegfriedhagl.com\/#\/schema\/person\/263c4a916fa13b3e7eda58f6c8c2695f"},"headline":"Mehr als der Erfinder des Blitzableiters","datePublished":"2014-08-10T10:11:01+00:00","dateModified":"2025-02-14T14:12:00+00:00","mainEntityOfPage":{"@id":"https:\/\/www.siegfriedhagl.com\/gedenktage\/mehr-als-der-erfinder-des-blitzableiters\/"},"wordCount":611,"publisher":{"@id":"https:\/\/www.siegfriedhagl.com\/#\/schema\/person\/263c4a916fa13b3e7eda58f6c8c2695f"},"articleSection":["Gedenktage"],"inLanguage":"fr-FR"},{"@type":"WebPage","@id":"https:\/\/www.siegfriedhagl.com\/gedenktage\/mehr-als-der-erfinder-des-blitzableiters\/","url":"https:\/\/www.siegfriedhagl.com\/gedenktage\/mehr-als-der-erfinder-des-blitzableiters\/","name":"Plus que l'inventeur du paratonnerre - SiegfriedHagl.com","isPartOf":{"@id":"https:\/\/www.siegfriedhagl.com\/#website"},"datePublished":"2014-08-10T10:11:01+00:00","dateModified":"2025-02-14T14:12:00+00:00","breadcrumb":{"@id":"https:\/\/www.siegfriedhagl.com\/gedenktage\/mehr-als-der-erfinder-des-blitzableiters\/#breadcrumb"},"inLanguage":"fr-FR","potentialAction":[{"@type":"ReadAction","target":["https:\/\/www.siegfriedhagl.com\/gedenktage\/mehr-als-der-erfinder-des-blitzableiters\/"]}]},{"@type":"BreadcrumbList","@id":"https:\/\/www.siegfriedhagl.com\/gedenktage\/mehr-als-der-erfinder-des-blitzableiters\/#breadcrumb","itemListElement":[{"@type":"ListItem","position":1,"name":"Startseite","item":"https:\/\/www.siegfriedhagl.com\/"},{"@type":"ListItem","position":2,"name":"Mehr als der Erfinder des Blitzableiters"}]},{"@type":"WebSite","@id":"https:\/\/www.siegfriedhagl.com\/#website","url":"https:\/\/www.siegfriedhagl.com\/","name":"SiegfriedHagl.com","description":"Article et blog de Siegfried Hagl","publisher":{"@id":"https:\/\/www.siegfriedhagl.com\/#\/schema\/person\/263c4a916fa13b3e7eda58f6c8c2695f"},"potentialAction":[{"@type":"SearchAction","target":{"@type":"EntryPoint","urlTemplate":"https:\/\/www.siegfriedhagl.com\/?s={search_term_string}"},"query-input":{"@type":"PropertyValueSpecification","valueRequired":true,"valueName":"search_term_string"}}],"inLanguage":"fr-FR"},{"@type":["Person","Organization"],"@id":"https:\/\/www.siegfriedhagl.com\/#\/schema\/person\/263c4a916fa13b3e7eda58f6c8c2695f","name":"siegfriedhagl","image":{"@type":"ImageObject","inLanguage":"fr-FR","@id":"https:\/\/secure.gravatar.com\/avatar\/45b010d0734a07d6fa163753be02d78684ff4128f419d6ee0a0370de54233f1c?s=96&d=mm&r=g","url":"https:\/\/secure.gravatar.com\/avatar\/45b010d0734a07d6fa163753be02d78684ff4128f419d6ee0a0370de54233f1c?s=96&d=mm&r=g","contentUrl":"https:\/\/secure.gravatar.com\/avatar\/45b010d0734a07d6fa163753be02d78684ff4128f419d6ee0a0370de54233f1c?s=96&d=mm&r=g","caption":"siegfriedhagl"},"logo":{"@id":"https:\/\/secure.gravatar.com\/avatar\/45b010d0734a07d6fa163753be02d78684ff4128f419d6ee0a0370de54233f1c?s=96&d=mm&r=g"},"sameAs":["http:\/\/www.hagl.net"]}]}},"_links":{"self":[{"href":"https:\/\/www.siegfriedhagl.com\/fr\/wp-json\/wp\/v2\/posts\/2222","targetHints":{"allow":["GET"]}}],"collection":[{"href":"https:\/\/www.siegfriedhagl.com\/fr\/wp-json\/wp\/v2\/posts"}],"about":[{"href":"https:\/\/www.siegfriedhagl.com\/fr\/wp-json\/wp\/v2\/types\/post"}],"author":[{"embeddable":true,"href":"https:\/\/www.siegfriedhagl.com\/fr\/wp-json\/wp\/v2\/users\/2"}],"replies":[{"embeddable":true,"href":"https:\/\/www.siegfriedhagl.com\/fr\/wp-json\/wp\/v2\/comments?post=2222"}],"version-history":[{"count":11,"href":"https:\/\/www.siegfriedhagl.com\/fr\/wp-json\/wp\/v2\/posts\/2222\/revisions"}],"predecessor-version":[{"id":11449,"href":"https:\/\/www.siegfriedhagl.com\/fr\/wp-json\/wp\/v2\/posts\/2222\/revisions\/11449"}],"wp:attachment":[{"href":"https:\/\/www.siegfriedhagl.com\/fr\/wp-json\/wp\/v2\/media?parent=2222"}],"wp:term":[{"taxonomy":"category","embeddable":true,"href":"https:\/\/www.siegfriedhagl.com\/fr\/wp-json\/wp\/v2\/categories?post=2222"},{"taxonomy":"post_tag","embeddable":true,"href":"https:\/\/www.siegfriedhagl.com\/fr\/wp-json\/wp\/v2\/tags?post=2222"}],"curies":[{"name":"wp","href":"https:\/\/api.w.org\/{rel}","templated":true}]}}