{"id":1407,"date":"2009-12-19T11:10:19","date_gmt":"2009-12-19T10:10:19","guid":{"rendered":"https:\/\/www.siegfriedhagl.com\/?page_id=1407"},"modified":"2024-05-06T09:45:38","modified_gmt":"2024-05-06T08:45:38","slug":"der-has-auf-den-westen","status":"publish","type":"post","link":"https:\/\/www.siegfriedhagl.com\/fr\/critiques-de-livres-et-de-films\/le-a-sur-l-ouest\/","title":{"rendered":"La haine de l&#039;occident"},"content":{"rendered":"<h4>Comment les pauvres se d\u00e9fendent contre la guerre \u00e9conomique mondiale<\/h4>\n<h5>Par Jean Ziegler <strong>C. Bertelsmann, Munich, 2009, ISBN 978-3-570-01132-4, 19,95 euros<\/strong><\/h5>\n<p>(\u00c9dition originale en fran\u00e7ais &quot;La Haine de l&#039;Occident&quot;, 2008).<\/p>\n<blockquote><p>(Publi\u00e9 dans GralsWelt 56\/2010)<\/p><\/blockquote>\n<p>Dans le GralsWelt, nous avons d\u00e9j\u00e0 cit\u00e9 \u00e0 plusieurs reprises l'auteur de livres sp\u00e9cialis\u00e9s et critique de la mondialisation Jean Ziegler (par ex. dans l'encadr\u00e9 \"Mon\u00e9tarisme ou droits de l'homme ?\" chez \"<a href=\"https:\/\/www.siegfriedhagl.com\/fr\/economie-et-social\/debut-du-21eme-siecle\/\">Le d\u00e9but du 21e si\u00e8cle\"<\/a> sous \"\u00c9conomie et social\"). Il est sociologue, homme politique, professeur \u00e9m\u00e9rite de l'Universit\u00e9 de Gen\u00e8ve, laur\u00e9at du Prix litt\u00e9raire pour les droits de l'homme. De 2000 \u00e0 2008, il a \u00e9t\u00e9 rapporteur sp\u00e9cial des Nations unies pour le droit \u00e0 l'alimentation.<\/p>\n<p>Dans son dernier livre, s&#039;appuyant sur sa propre longue exp\u00e9rience, il pointe du doigt la \u00ab haine de l&#039;Occident \u00bb que nous ne percevons pas suffisamment. Une haine qui n&#039;a pas seulement saisi les extr\u00e9mistes politiques ou les fanatiques religieux, mais est \u00e9galement partag\u00e9e par des personnalit\u00e9s instruites et qualifi\u00e9es des pays en d\u00e9veloppement.<\/p>\n<p>Bien que cette haine ait des racines historiques dans l&#039;\u00e8re coloniale, elle est sans cesse aliment\u00e9e par le pillage continu des pays sous-d\u00e9velopp\u00e9s. Les masses populaires des pays pauvres ne vivent l&#039;aide au d\u00e9veloppement ou les slogans &quot;d\u00e9mocratie&quot; et &quot;droits de l&#039;homme&quot; pr\u00f4n\u00e9s par les politiciens occidentaux que comme des pseudo-arguments cyniques pour dissimuler un syst\u00e8me d&#039;exploitation brutal et raciste dans lequel, apr\u00e8s l&#039;\u00e8re coloniale, seuls les dirigeants ont chang\u00e9 et les m\u00e9thodes de gouvernement ont \u00e9t\u00e9 affin\u00e9es. L&#039;oppression et le pillage des pauvres du monde n&#039;ont pas chang\u00e9 depuis la fin du colonialisme.<\/p>\n<p>L&#039;auteur bien voyag\u00e9 Ziegler utilise des exemples effrayants pour montrer comment les actions rigoureuses des soci\u00e9t\u00e9s capitalistes, soutenues par leurs gouvernements, en interaction avec les \u00e9lites corrompues des pays en d\u00e9veloppement, conduisent \u00e0 la pauvret\u00e9, aux difficult\u00e9s, \u00e0 la faim, aux maladies et aux catastrophes environnementales.<\/p>\n<p>Apr\u00e8s l&#039;effondrement du bloc de l&#039;Est, le capitalisme a conquis la Russie, la Chine, l&#039;Inde et de nombreux autres pays en d\u00e9veloppement et \u00e9mergents lors d&#039;une marche triomphale tr\u00e8s c\u00e9l\u00e9br\u00e9e. Cette \u00e9volution pr\u00e9tendument progressive vers la mondialisation, la d\u00e9r\u00e9glementation, l&#039;\u00e9conomie libre, n&#039;a pas apport\u00e9 aux pays du Sud des r\u00e9formes d\u00e9mocratiques, des gouvernements s\u00e9rieux, le respect des droits de l&#039;homme, ou une r\u00e9duction de la faim. Au lieu de cela, un syst\u00e8me d&#039;exploitation capitaliste pr\u00e9dateur a \u00e9merg\u00e9. Cette \u00e9conomie mondiale inhumaine est soutenue par des organisations onusiennes telles que la Banque mondiale ou le Fonds mon\u00e9taire international qui, selon leurs statuts, s&#039;engagent \u00e0 promouvoir les pays sous-d\u00e9velopp\u00e9s et \u00e0 \u00e9liminer la pauvret\u00e9. Pas \u00e9tonnant que certains pensent qu&#039;il s&#039;agit d&#039;une &quot;conspiration capitaliste mondiale&quot;.<\/p>\n<p>Le dernier livre de Jean Ziegler est une lecture obligatoire pour tous ceux qui veulent \u00eatre correctement inform\u00e9s sur l&#039;arri\u00e8re-plan de l&#039;\u00e9conomie mondiale et de la politique mondiale.<\/p>","protected":false},"excerpt":{"rendered":"<p>Wie sich die armen V\u00f6lker gegen den wirtschaftlichen Weltkrieg wehren Von Jean Ziegler, C. Bertelsmann, M\u00fcnchen, 2009, ISBN 978-3-570-01132-4, EUR 19,95 (Originalausgabe in franz\u00f6sischer Sprache \u201eLa Haine de l\u2019Occident\u201c, 2008). (Ver\u00f6ffentlicht in GralsWelt 56\/2010) In der GralsWelt haben wir den Sachbuchautor und Globalisierungskritiker Jean Ziegler schon mehrmals zitiert (z. B. in dem Kasten \u201eMonetarismus oder [&hellip;]<\/p>\n","protected":false},"author":2,"featured_media":0,"comment_status":"closed","ping_status":"open","sticky":false,"template":"","format":"standard","meta":{"footnotes":""},"categories":[5],"tags":[],"class_list":["post-1407","post","type-post","status-publish","format-standard","hentry","category-buch-und-filmbesprechungen"],"yoast_head":"<!-- This site is optimized with the Yoast SEO plugin v27.5 - https:\/\/yoast.com\/product\/yoast-seo-wordpress\/ -->\n<title>Der Ha\u00df auf den Westen &#8211; SiegfriedHagl.com<\/title>\n<meta name=\"robots\" content=\"index, follow, max-snippet:-1, max-image-preview:large, max-video-preview:-1\" \/>\n<link rel=\"canonical\" href=\"https:\/\/www.siegfriedhagl.com\/fr\/critiques-de-livres-et-de-films\/le-a-sur-l-ouest\/\" \/>\n<meta property=\"og:locale\" content=\"fr_FR\" \/>\n<meta property=\"og:type\" content=\"article\" \/>\n<meta property=\"og:title\" content=\"Der Ha\u00df auf den Westen &#8211; SiegfriedHagl.com\" \/>\n<meta property=\"og:description\" content=\"Wie sich die armen V\u00f6lker gegen den wirtschaftlichen Weltkrieg wehren Von Jean Ziegler, C. Bertelsmann, M\u00fcnchen, 2009, ISBN 978-3-570-01132-4, EUR 19,95 (Originalausgabe in franz\u00f6sischer Sprache \u201eLa Haine de l\u2019Occident\u201c, 2008). (Ver\u00f6ffentlicht in GralsWelt 56\/2010) In der GralsWelt haben wir den Sachbuchautor und Globalisierungskritiker Jean Ziegler schon mehrmals zitiert (z. B. in dem Kasten \u201eMonetarismus oder [&hellip;]\" \/>\n<meta property=\"og:url\" content=\"https:\/\/www.siegfriedhagl.com\/fr\/critiques-de-livres-et-de-films\/le-a-sur-l-ouest\/\" \/>\n<meta property=\"og:site_name\" content=\"SiegfriedHagl.com\" \/>\n<meta property=\"article:published_time\" content=\"2009-12-19T10:10:19+00:00\" \/>\n<meta property=\"article:modified_time\" content=\"2024-05-06T08:45:38+00:00\" \/>\n<meta name=\"author\" content=\"siegfriedhagl\" \/>\n<meta name=\"twitter:card\" content=\"summary_large_image\" \/>\n<meta name=\"twitter:label1\" content=\"\u00c9crit par\" \/>\n\t<meta name=\"twitter:data1\" content=\"siegfriedhagl\" \/>\n\t<meta name=\"twitter:label2\" content=\"Dur\u00e9e de lecture estim\u00e9e\" \/>\n\t<meta name=\"twitter:data2\" content=\"3 minutes\" \/>\n<script type=\"application\/ld+json\" class=\"yoast-schema-graph\">{\"@context\":\"https:\\\/\\\/schema.org\",\"@graph\":[{\"@type\":\"Article\",\"@id\":\"https:\\\/\\\/www.siegfriedhagl.com\\\/buch-und-filmbesprechungen\\\/der-has-auf-den-westen\\\/#article\",\"isPartOf\":{\"@id\":\"https:\\\/\\\/www.siegfriedhagl.com\\\/buch-und-filmbesprechungen\\\/der-has-auf-den-westen\\\/\"},\"author\":{\"name\":\"siegfriedhagl\",\"@id\":\"https:\\\/\\\/www.siegfriedhagl.com\\\/#\\\/schema\\\/person\\\/263c4a916fa13b3e7eda58f6c8c2695f\"},\"headline\":\"Der Ha\u00df auf den Westen\",\"datePublished\":\"2009-12-19T10:10:19+00:00\",\"dateModified\":\"2024-05-06T08:45:38+00:00\",\"mainEntityOfPage\":{\"@id\":\"https:\\\/\\\/www.siegfriedhagl.com\\\/buch-und-filmbesprechungen\\\/der-has-auf-den-westen\\\/\"},\"wordCount\":427,\"publisher\":{\"@id\":\"https:\\\/\\\/www.siegfriedhagl.com\\\/#\\\/schema\\\/person\\\/263c4a916fa13b3e7eda58f6c8c2695f\"},\"articleSection\":[\"Buch- und Filmbesprechungen\"],\"inLanguage\":\"fr-FR\"},{\"@type\":\"WebPage\",\"@id\":\"https:\\\/\\\/www.siegfriedhagl.com\\\/buch-und-filmbesprechungen\\\/der-has-auf-den-westen\\\/\",\"url\":\"https:\\\/\\\/www.siegfriedhagl.com\\\/buch-und-filmbesprechungen\\\/der-has-auf-den-westen\\\/\",\"name\":\"Der Ha\u00df auf den Westen &#8211; SiegfriedHagl.com\",\"isPartOf\":{\"@id\":\"https:\\\/\\\/www.siegfriedhagl.com\\\/#website\"},\"datePublished\":\"2009-12-19T10:10:19+00:00\",\"dateModified\":\"2024-05-06T08:45:38+00:00\",\"breadcrumb\":{\"@id\":\"https:\\\/\\\/www.siegfriedhagl.com\\\/buch-und-filmbesprechungen\\\/der-has-auf-den-westen\\\/#breadcrumb\"},\"inLanguage\":\"fr-FR\",\"potentialAction\":[{\"@type\":\"ReadAction\",\"target\":[\"https:\\\/\\\/www.siegfriedhagl.com\\\/buch-und-filmbesprechungen\\\/der-has-auf-den-westen\\\/\"]}]},{\"@type\":\"BreadcrumbList\",\"@id\":\"https:\\\/\\\/www.siegfriedhagl.com\\\/buch-und-filmbesprechungen\\\/der-has-auf-den-westen\\\/#breadcrumb\",\"itemListElement\":[{\"@type\":\"ListItem\",\"position\":1,\"name\":\"Startseite\",\"item\":\"https:\\\/\\\/www.siegfriedhagl.com\\\/\"},{\"@type\":\"ListItem\",\"position\":2,\"name\":\"Der Ha\u00df auf den Westen\"}]},{\"@type\":\"WebSite\",\"@id\":\"https:\\\/\\\/www.siegfriedhagl.com\\\/#website\",\"url\":\"https:\\\/\\\/www.siegfriedhagl.com\\\/\",\"name\":\"SiegfriedHagl.com\",\"description\":\"Artikel und Blog von Siegfried Hagl\",\"publisher\":{\"@id\":\"https:\\\/\\\/www.siegfriedhagl.com\\\/#\\\/schema\\\/person\\\/263c4a916fa13b3e7eda58f6c8c2695f\"},\"potentialAction\":[{\"@type\":\"SearchAction\",\"target\":{\"@type\":\"EntryPoint\",\"urlTemplate\":\"https:\\\/\\\/www.siegfriedhagl.com\\\/?s={search_term_string}\"},\"query-input\":{\"@type\":\"PropertyValueSpecification\",\"valueRequired\":true,\"valueName\":\"search_term_string\"}}],\"inLanguage\":\"fr-FR\"},{\"@type\":[\"Person\",\"Organization\"],\"@id\":\"https:\\\/\\\/www.siegfriedhagl.com\\\/#\\\/schema\\\/person\\\/263c4a916fa13b3e7eda58f6c8c2695f\",\"name\":\"siegfriedhagl\",\"image\":{\"@type\":\"ImageObject\",\"inLanguage\":\"fr-FR\",\"@id\":\"https:\\\/\\\/secure.gravatar.com\\\/avatar\\\/45b010d0734a07d6fa163753be02d78684ff4128f419d6ee0a0370de54233f1c?s=96&d=mm&r=g\",\"url\":\"https:\\\/\\\/secure.gravatar.com\\\/avatar\\\/45b010d0734a07d6fa163753be02d78684ff4128f419d6ee0a0370de54233f1c?s=96&d=mm&r=g\",\"contentUrl\":\"https:\\\/\\\/secure.gravatar.com\\\/avatar\\\/45b010d0734a07d6fa163753be02d78684ff4128f419d6ee0a0370de54233f1c?s=96&d=mm&r=g\",\"caption\":\"siegfriedhagl\"},\"logo\":{\"@id\":\"https:\\\/\\\/secure.gravatar.com\\\/avatar\\\/45b010d0734a07d6fa163753be02d78684ff4128f419d6ee0a0370de54233f1c?s=96&d=mm&r=g\"},\"sameAs\":[\"http:\\\/\\\/www.hagl.net\"]}]}<\/script>\n<!-- \/ Yoast SEO plugin. -->","yoast_head_json":{"title":"La haine de l'Occident - SiegfriedHagl.com","robots":{"index":"index","follow":"follow","max-snippet":"max-snippet:-1","max-image-preview":"max-image-preview:large","max-video-preview":"max-video-preview:-1"},"canonical":"https:\/\/www.siegfriedhagl.com\/fr\/critiques-de-livres-et-de-films\/le-a-sur-l-ouest\/","og_locale":"fr_FR","og_type":"article","og_title":"Der Ha\u00df auf den Westen &#8211; SiegfriedHagl.com","og_description":"Wie sich die armen V\u00f6lker gegen den wirtschaftlichen Weltkrieg wehren Von Jean Ziegler, C. Bertelsmann, M\u00fcnchen, 2009, ISBN 978-3-570-01132-4, EUR 19,95 (Originalausgabe in franz\u00f6sischer Sprache \u201eLa Haine de l\u2019Occident\u201c, 2008). (Ver\u00f6ffentlicht in GralsWelt 56\/2010) In der GralsWelt haben wir den Sachbuchautor und Globalisierungskritiker Jean Ziegler schon mehrmals zitiert (z. B. in dem Kasten \u201eMonetarismus oder [&hellip;]","og_url":"https:\/\/www.siegfriedhagl.com\/fr\/critiques-de-livres-et-de-films\/le-a-sur-l-ouest\/","og_site_name":"SiegfriedHagl.com","article_published_time":"2009-12-19T10:10:19+00:00","article_modified_time":"2024-05-06T08:45:38+00:00","author":"siegfriedhagl","twitter_card":"summary_large_image","twitter_misc":{"\u00c9crit par":"siegfriedhagl","Dur\u00e9e de lecture estim\u00e9e":"3 minutes"},"schema":{"@context":"https:\/\/schema.org","@graph":[{"@type":"Article","@id":"https:\/\/www.siegfriedhagl.com\/buch-und-filmbesprechungen\/der-has-auf-den-westen\/#article","isPartOf":{"@id":"https:\/\/www.siegfriedhagl.com\/buch-und-filmbesprechungen\/der-has-auf-den-westen\/"},"author":{"name":"siegfriedhagl","@id":"https:\/\/www.siegfriedhagl.com\/#\/schema\/person\/263c4a916fa13b3e7eda58f6c8c2695f"},"headline":"Der Ha\u00df auf den Westen","datePublished":"2009-12-19T10:10:19+00:00","dateModified":"2024-05-06T08:45:38+00:00","mainEntityOfPage":{"@id":"https:\/\/www.siegfriedhagl.com\/buch-und-filmbesprechungen\/der-has-auf-den-westen\/"},"wordCount":427,"publisher":{"@id":"https:\/\/www.siegfriedhagl.com\/#\/schema\/person\/263c4a916fa13b3e7eda58f6c8c2695f"},"articleSection":["Buch- und Filmbesprechungen"],"inLanguage":"fr-FR"},{"@type":"WebPage","@id":"https:\/\/www.siegfriedhagl.com\/buch-und-filmbesprechungen\/der-has-auf-den-westen\/","url":"https:\/\/www.siegfriedhagl.com\/buch-und-filmbesprechungen\/der-has-auf-den-westen\/","name":"La haine de l'Occident - SiegfriedHagl.com","isPartOf":{"@id":"https:\/\/www.siegfriedhagl.com\/#website"},"datePublished":"2009-12-19T10:10:19+00:00","dateModified":"2024-05-06T08:45:38+00:00","breadcrumb":{"@id":"https:\/\/www.siegfriedhagl.com\/buch-und-filmbesprechungen\/der-has-auf-den-westen\/#breadcrumb"},"inLanguage":"fr-FR","potentialAction":[{"@type":"ReadAction","target":["https:\/\/www.siegfriedhagl.com\/buch-und-filmbesprechungen\/der-has-auf-den-westen\/"]}]},{"@type":"BreadcrumbList","@id":"https:\/\/www.siegfriedhagl.com\/buch-und-filmbesprechungen\/der-has-auf-den-westen\/#breadcrumb","itemListElement":[{"@type":"ListItem","position":1,"name":"Startseite","item":"https:\/\/www.siegfriedhagl.com\/"},{"@type":"ListItem","position":2,"name":"Der Ha\u00df auf den Westen"}]},{"@type":"WebSite","@id":"https:\/\/www.siegfriedhagl.com\/#website","url":"https:\/\/www.siegfriedhagl.com\/","name":"SiegfriedHagl.com","description":"Article et blog de Siegfried Hagl","publisher":{"@id":"https:\/\/www.siegfriedhagl.com\/#\/schema\/person\/263c4a916fa13b3e7eda58f6c8c2695f"},"potentialAction":[{"@type":"SearchAction","target":{"@type":"EntryPoint","urlTemplate":"https:\/\/www.siegfriedhagl.com\/?s={search_term_string}"},"query-input":{"@type":"PropertyValueSpecification","valueRequired":true,"valueName":"search_term_string"}}],"inLanguage":"fr-FR"},{"@type":["Person","Organization"],"@id":"https:\/\/www.siegfriedhagl.com\/#\/schema\/person\/263c4a916fa13b3e7eda58f6c8c2695f","name":"siegfriedhagl","image":{"@type":"ImageObject","inLanguage":"fr-FR","@id":"https:\/\/secure.gravatar.com\/avatar\/45b010d0734a07d6fa163753be02d78684ff4128f419d6ee0a0370de54233f1c?s=96&d=mm&r=g","url":"https:\/\/secure.gravatar.com\/avatar\/45b010d0734a07d6fa163753be02d78684ff4128f419d6ee0a0370de54233f1c?s=96&d=mm&r=g","contentUrl":"https:\/\/secure.gravatar.com\/avatar\/45b010d0734a07d6fa163753be02d78684ff4128f419d6ee0a0370de54233f1c?s=96&d=mm&r=g","caption":"siegfriedhagl"},"logo":{"@id":"https:\/\/secure.gravatar.com\/avatar\/45b010d0734a07d6fa163753be02d78684ff4128f419d6ee0a0370de54233f1c?s=96&d=mm&r=g"},"sameAs":["http:\/\/www.hagl.net"]}]}},"_links":{"self":[{"href":"https:\/\/www.siegfriedhagl.com\/fr\/wp-json\/wp\/v2\/posts\/1407","targetHints":{"allow":["GET"]}}],"collection":[{"href":"https:\/\/www.siegfriedhagl.com\/fr\/wp-json\/wp\/v2\/posts"}],"about":[{"href":"https:\/\/www.siegfriedhagl.com\/fr\/wp-json\/wp\/v2\/types\/post"}],"author":[{"embeddable":true,"href":"https:\/\/www.siegfriedhagl.com\/fr\/wp-json\/wp\/v2\/users\/2"}],"replies":[{"embeddable":true,"href":"https:\/\/www.siegfriedhagl.com\/fr\/wp-json\/wp\/v2\/comments?post=1407"}],"version-history":[{"count":12,"href":"https:\/\/www.siegfriedhagl.com\/fr\/wp-json\/wp\/v2\/posts\/1407\/revisions"}],"predecessor-version":[{"id":10945,"href":"https:\/\/www.siegfriedhagl.com\/fr\/wp-json\/wp\/v2\/posts\/1407\/revisions\/10945"}],"wp:attachment":[{"href":"https:\/\/www.siegfriedhagl.com\/fr\/wp-json\/wp\/v2\/media?parent=1407"}],"wp:term":[{"taxonomy":"category","embeddable":true,"href":"https:\/\/www.siegfriedhagl.com\/fr\/wp-json\/wp\/v2\/categories?post=1407"},{"taxonomy":"post_tag","embeddable":true,"href":"https:\/\/www.siegfriedhagl.com\/fr\/wp-json\/wp\/v2\/tags?post=1407"}],"curies":[{"name":"wp","href":"https:\/\/api.w.org\/{rel}","templated":true}]}}