{"id":1100,"date":"2009-05-10T17:44:26","date_gmt":"2009-05-10T16:44:26","guid":{"rendered":"https:\/\/www.siegfriedhagl.com\/?page_id=1100"},"modified":"2024-06-26T12:09:16","modified_gmt":"2024-06-26T11:09:16","slug":"ein-welthistorischer-tag","status":"publish","type":"post","link":"https:\/\/www.siegfriedhagl.com\/fr\/jours-de-commemoration\/une-journee-historique-mondiale\/","title":{"rendered":"Une journ\u00e9e historique mondiale"},"content":{"rendered":"<blockquote><p><em>\u00a0(Publi\u00e9 dans GralsWelt 20\/2001)<\/em><\/p><\/blockquote>\n<h6>Le 6 d\u00e9cembre 1941, Abd-ru-shin (1875-1941) a quitt\u00e9 cette terre. Nous d\u00e9crivons ici ce qui s'est pass\u00e9 \u00e0 cette \u00e9poque dans l'histoire mondiale.<\/h6>\n<h5><strong><em>L&#039;Europe d\u00e9but d\u00e9cembre 1941<\/em>: <\/strong><\/h5>\n<p>La Seconde Guerre mondiale a atteint son premier pic sous la forme de la \u00ab guerre europ\u00e9enne \u00bb. Pendant deux ans, les troupes allemandes ont couru de victoire en victoire. Ils avaient introduit le nouveau slogan &quot;Blitzkrieg&quot; non seulement en allemand mais m\u00eame en anglais, et leur agressivit\u00e9 et leur punch ne semblaient jamais faiblir; les arm\u00e9es allemandes s&#039;\u00e9taient jusqu&#039;ici montr\u00e9es invincibles dans tous les cas.<\/p>\n<p>Un coup d&#039;\u0153il \u00e0 la carte devait le prouver :<\/p>\n<p>Les soldats allemands avaient d'abord envahi la Pologne \u00e0 partir de septembre 1939, puis conquis le Danemark, la Norv\u00e8ge, la Hollande, la Belgique et la France, et menac\u00e9 dangereusement l'Angleterre.<br \/>\nEn 1941, les conqu\u00eates de la Yougoslavie, de la Gr\u00e8ce, ainsi que de la Cr\u00e8te, l'envoi de troupes en Afrique pour sauver les Italiens, et enfin l'attaque de la Russie ont suivi.<\/p>\n<p>Dans les premiers jours de d\u00e9cembre 1941, les troupes allemandes se trouvent au Cap Nord comme dans le golfe de Gascogne. L'Afrikakorps assi\u00e8ge Tobrouk. Sur le front de l'Est, l'ancienne capitale russe Kiev a \u00e9t\u00e9 conquise depuis longtemps, Leningrad est encercl\u00e9e et Moscou est en vue ; selon les informations officielles, la r\u00e9sistance russe est consid\u00e9r\u00e9e comme bris\u00e9e depuis d\u00e9but octobre, et donc la guerre \u00e0 l'Est comme d\u00e9cid\u00e9e (c'est ce que m'a dit un oncle bien inform\u00e9 alors que j'avais dix ans). M\u00eame le gouvernement anglais \u00e9tait de cet avis.<\/p>\n<p>En Allemagne, on pense que le bolchevisme est mort et ils veulent utiliser les sources de mati\u00e8res premi\u00e8res des parties conquises de l&#039;ouest de l&#039;Union sovi\u00e9tique pour vaincre bient\u00f4t l&#039;ennemi de guerre restant - l&#039;Angleterre.<\/p>\n<p>La plupart des Allemands \u00e9taient fiers des r\u00e9alisations exceptionnelles de leur arm\u00e9e, qui \u00e9taient \u00e9galement reconnues \u00e0 l&#039;\u00e9tranger, m\u00eame par les opposants \u00e0 la guerre.<\/p>\n<blockquote><p><em>&quot;Les soldats allemands \u00e9taient les meilleurs du monde.&quot;<br \/>\n<\/em><span style=\"font-size: revert;\">John Colville (1915-1987), secr\u00e9taire priv\u00e9 de Churchill.<\/span><\/p><\/blockquote>\n<p>Telle est l'\u00e9valuation de la situation militaire, et pas seulement du point de vue de la propagande nationale-socialiste. M\u00eame les autorit\u00e9s militaires comp\u00e9tentes des pays occidentaux ne voient pas la situation d'un tr\u00e8s bon \u0153il, et m\u00eame le coriace Winston Churchill sait qu'il sera difficile d'arr\u00eater les Allemands en Afrique du Nord, de s\u00e9curiser le canal de Suez et de repousser l'invasion de l'Angleterre attendue apr\u00e8s une campagne de Russie victorieusement achev\u00e9e.<\/p>\n<p>Presque tout le monde sous-estime les probl\u00e8mes des arm\u00e9es allemandes. En effet, les forces des unit\u00e9s de combat allemandes sont tendues \u00e0 l'extr\u00eame. Le territoire \u00e0 contr\u00f4ler est beaucoup trop vaste, les troupes sont dispers\u00e9es et les voies de ravitaillement vers les fronts tr\u00e8s \u00e9loign\u00e9s les unes des autres sont trop longues.<\/p>\n<p>De plus, en M\u00e9diterran\u00e9e, les forces a\u00e9riennes et navales anglaises menacent les lignes d&#039;approvisionnement qui souffrent \u00e0 l&#039;est du mauvais \u00e9tat des routes, des voies ferr\u00e9es \u00e0 large voie, des conditions m\u00e9t\u00e9orologiques extr\u00eames et de l&#039;activit\u00e9 partisane. Du c\u00f4t\u00e9 allemand, cependant, seuls quelques \u00ab opposants \u00bb pr\u00eatent attention \u00e0 ces dangers.<\/p>\n<p>La plupart - m\u00eame les managers avertis - sont \u00e9blouis par l&#039;interminable s\u00e9rie de succ\u00e8s et pensent que la victoire est d\u00e9j\u00e0 entre leurs mains.<\/p>\n<p>Malheureusement, dans l&#039;euphorie des premi\u00e8res ann\u00e9es de la guerre, les gens ont souvent oubli\u00e9 ou supprim\u00e9 le fait qu&#039;Hitler avait d\u00e9clench\u00e9 la guerre de mani\u00e8re n\u00e9gligente et gratuite. Comme d\u00e9j\u00e0 annonc\u00e9 dans Mein Kampf, Hitler voulait cr\u00e9er \u00ab un espace pour les paysans allemands \u00bb \u00e0 l&#039;Est, ind\u00e9pendamment des personnes qui y vivaient. Ceux-ci ont \u00e9t\u00e9 rejet\u00e9s comme &quot;inf\u00e9rieurs&quot; afin qu&#039;ils puissent \u00eatre supprim\u00e9s ou - comme dans le cas des Juifs - m\u00eame extermin\u00e9s.<\/p>\n<p>Une guerre de brigandage impitoyable, contre toute l&#039;humanit\u00e9, sans \u00e9gard aux cat\u00e9gories morales et en m\u00e9connaissant le fait que tout historien conna\u00eet, que tout conqu\u00e9rant qui a ignor\u00e9 les droits de vie des vaincus a \u00e9chou\u00e9.<\/p>\n<p>Mais, comme d\u00e9j\u00e0 mentionn\u00e9, au d\u00e9but de d\u00e9cembre 1941, la s\u00e9quence allemande semblait toujours en cours, les conqu\u00eates \u00e9taient \u00e9crasantes et les troupes allemandes \u00e9taient consid\u00e9r\u00e9es comme invincibles.<\/p>\n<p>Mais la situation a chang\u00e9 en un \u00e9clair, presque en quelques heures :<\/p>\n<h5><strong><em>Afrique du Nord<\/em>:<\/strong><\/h5>\n<p>Les forces de l&#039;Afrika Korps allemand \u00e9taient \u00e9puis\u00e9es sur ce th\u00e9\u00e2tre de guerre secondaire, les ravitaillements n&#039;\u00e9taient pas suffisants, et le 6 d\u00e9cembre 1941 le commandant des troupes de chars, Manfred Rommel, dut d\u00e9cider de battre en retraite, ce qui commen\u00e7a le 7 d\u00e9cembre. \u00c0 la fin de 1941, la Cyr\u00e9na\u00efque avec l&#039;important port de Benghazi \u00e9tait de retour aux mains des Britanniques; les Allemands se sont repli\u00e9s sur la position de Marsa Brega \u00e0 l&#039;ouest d&#039;el Agheila sur la Grande Syrte.<\/p>\n<p>M\u00eame si les gains de terres dans la guerre du d\u00e9sert ne signifient pas grand-chose, un succ\u00e8s moral a \u00e9t\u00e9 obtenu pour les Britanniques.<\/p>\n<h5><strong><em>atlantique<\/em>:<\/strong><\/h5>\n<p>La \u00ab\u00a0bataille de l&#039;Atlantique\u00a0\u00bb, au cours de laquelle les sous-marins allemands sont cens\u00e9s couper l&#039;approvisionnement de l&#039;Angleterre, continue de faire rage.<\/p>\n<p>Il est vrai que les pertes des U-boot peuvent encore \u00eatre compens\u00e9es par de nouveaux b\u00e2timents issus des chantiers navals allemands, mais les forces sont fragment\u00e9es par le transfert des U-boot vers la M\u00e9diterran\u00e9e et l&#039;extension des zones op\u00e9rationnelles ; en d\u00e9cembre, seul un tiers de l&#039;espace maritime coul\u00e9 en mai 1941 est d\u00e9truit.<\/p>\n<h5><strong><em>front de l&#039;est<\/em>:<\/strong><\/h5>\n<p>Ici, le tournant dramatique se profile : alors qu&#039;en octobre et novembre on croyait d\u00e9j\u00e0 que l&#039;Arm\u00e9e rouge se d\u00e9sint\u00e9grait, les fers de lance de l&#039;attaque allemande s&#039;enlisent d\u00e9sormais devant Moscou dans le glacial hiver russe. Et : Une contre-attaque russe inattendue est imminente !<\/p>\n<p>Apr\u00e8s, entre autres indications, Staline a re\u00e7u la certitude d&#039;un espion - le c\u00e9l\u00e8bre agent double allemand Sorge *) - qu&#039;une attaque de secours japonaise contre la Russie en Extr\u00eame-Orient n&#039;\u00e9tait pas \u00e0 craindre, les troupes sib\u00e9riennes peuvent \u00eatre transf\u00e9r\u00e9es sur le front allemand. Le 6 d\u00e9cembre 1941, la contre-offensive russe commence. Les troupes d&#039;\u00e9lite habitu\u00e9es au froid en tenue d&#039;hiver affrontent les soldats allemands en tenue d&#039;\u00e9t\u00e9.<\/p>\n<p>Le front allemand mena\u00e7ait de s&#039;effondrer et l&#039;aura d&#039;invincibilit\u00e9 du soldat allemand \u00e9tait bris\u00e9e.<\/p>\n<p>Quiconque s&#039;interroge sur l&#039;heure qui a annonc\u00e9 la chute du Troisi\u00e8me Reich peut la trouver ce jour-l\u00e0 :<\/p>\n<p>Car lorsque, le 6 d\u00e9cembre 1941, le soleil rougeoyant a commenc\u00e9 \u00e0 se coucher derri\u00e8re l'horizon de la steppe russe, l'\u00e9tat-major allemand savait que la campagne de Russie ne pouvait pas \u00eatre gagn\u00e9e. Hitler avait d\u00e9pass\u00e9 les forces du Grand Reich allemand. Le temps travaillait d\u00e9sormais contre le national-socialisme et sa politique d'expansion.<\/p>\n<p>Quiconque pensait plus loin devait\u00a0<em>\u00e0 pr\u00e9sent <\/em>Appelez-le quitte!<\/p>\n<p>D\u00e9sormais, chaque jour de guerre n&#039;apportait que de nouvelles victimes dans une cha\u00eene de batailles d&#039;usure : l&#039;Allemagne ne pouvait que prolonger la guerre, diff\u00e9rer la fin in\u00e9vitable, mais ne pouvait plus s&#039;imposer la victoire sur les champs de bataille ; \u00e0 moins qu&#039;un miracle ne se produise.<\/p>\n<p>Mais Hitler n&#039;abandonne pas. Il parvient m\u00eame \u00e0 tenir le front de l&#039;Est. Le soir du Nouvel An 1941, il y a eu une dispute d\u00e9cisive entre lui et ses g\u00e9n\u00e9raux, au cours de laquelle Hitler s&#039;est affirm\u00e9 contre eux avec son slogan : &quot;Pas de retraite - pers\u00e9v\u00e9rez \u00e0 tout prix !&quot;<\/p>\n<p>Les historiens d&#039;aujourd&#039;hui sont \u00e0 peu pr\u00e8s d&#039;accord pour dire que c&#039;\u00e9tait la bonne d\u00e9cision pour le moment. Une retraite dans le froid glacial aurait signifi\u00e9 l&#039;effondrement total de l&#039;arm\u00e9e orientale allemande. Une fois de plus, probablement pour la derni\u00e8re fois, le &quot;plus grand commandant de tous les temps&quot; d\u00e9cide plus heureux que ses g\u00e9n\u00e9raux, qui doivent laisser le dilettante leur faire honte.<\/p>\n<p>Mais la campagne de Russie ne peut plus \u00eatre gagn\u00e9e. Les nouveaux gains de terrain de l&#039;\u00e9t\u00e9 1942 ne peuvent masquer ce fait et, \u00e0 l&#039;hiver 1942\/43, la d\u00e9faite de Stalingrad annonce sans \u00e9quivoque la chute du IIIe Reich.<\/p>\n<h5><em><strong>Pacifique:<\/strong><\/em><\/h5>\n<p>Hitler savait-il d\u00e9j\u00e0 ou du moins soup\u00e7onnait-il en d\u00e9cembre 1941 que tout serait perdu ? Voulait-il sombrer dans une gigantesque mer de flammes ? Sa d\u00e9claration de guerre aux \u00c9tats-Unis le sugg\u00e8re.<\/p>\n<p>Le dimanche 7 d\u00e9cembre 1941 \u00e0 7h30 heure locale, des avions japonais attaquent la base navale am\u00e9ricaine de Pearl Harbor \u00e0 Hawa\u00ef. Le Japon est en guerre avec les \u00c9tats-Unis.<\/p>\n<p>Un soulagement pour l'Allemagne ? L'attaque japonaise contre la Russie, souhait\u00e9e par l'Allemagne, serait pr\u00e9f\u00e9rable. Mais les Etats-Unis seront au moins d\u00e9tourn\u00e9s de l'Europe. Jusqu'\u00e0 pr\u00e9sent, les Etats-Unis avaient en effet soutenu plus ouvertement l'Angleterre et la Russie et s'\u00e9taient prononc\u00e9s plus clairement contre l'Allemagne que cela n'est habituel pour un pays neutre.<\/p>\n<p>Mais maintenant, Hitler prend l&#039;une de ses d\u00e9cisions les plus incompr\u00e9hensibles et les plus stupides : <em>Il d\u00e9clare la guerre aux USA le 11 d\u00e9cembre 1941 !<\/em><\/p>\n<p>Rien ne l&#039;oblige \u00e0 le faire. Le pacte tripartite Allemagne-Italie-Japon n&#039;oblige ces puissances de l&#039;Axe \u00e0 pr\u00eater assistance que si l&#039;une des parties contractantes<em> attaqu\u00e9 <\/em>le fera, pas s&#039;il s&#039;attaque lui-m\u00eame.<\/p>\n<p>Pourtant, d\u00e8s le 5 d\u00e9cembre, alors que la flotte d'attaque japonaise se dirige d\u00e9j\u00e0 vers Hawa\u00ef, Hitler promet son aide \u00e0 l'ambassadeur japonais en cas de guerre. Les raisons qui le poussent \u00e0 commettre cette effroyable b\u00eatise sont rest\u00e9es myst\u00e9rieuses jusqu'\u00e0 aujourd'hui ; outre son erreur de jugement sur les Etats-Unis, on ne peut supposer que des motivations irrationnelles**).<\/p>\n<p>En effet, l'Allemagne ne peut pas attaquer directement les \u00c9tats-Unis, elle n'a aucune chance de causer de s\u00e9rieux dommages aux \u00c9tats-Unis***). En revanche, les livraisons d'armes am\u00e9ricaines \u00e0 la Russie et \u00e0 l'Angleterre augmentent et se font de plus en plus sentir. En dernier lieu, les troupes am\u00e9ricaines contribueront largement \u00e0 la victoire des Alli\u00e9s en Europe.<\/p>\n<p>Ainsi, alors que les arm\u00e9es allemandes \u00e0 l&#039;Est essayaient d&#039;\u00e9viter une d\u00e9b\u00e2cle totale avec leurs derni\u00e8res forces, Hitler d\u00e9clara la guerre \u00e0 la plus grande puissance \u00e9conomique du monde. Il agit comme s&#039;il voulait transformer la d\u00e9faite imminente en une catastrophe in\u00e9vitable, afin de p\u00e9rir avec son parti et le peuple allemand, comme les Nibelungen, dans l&#039;Europe br\u00fblante.<\/p>\n<h5><em><strong>Cinq jours en d\u00e9cembre 1941\u00a0:<\/strong><\/em><\/h5>\n<p>Il est rare dans l&#039;histoire du monde que des d\u00e9cisions aussi graves aient \u00e9t\u00e9 prises en si peu de temps que dans les 5 jours du 6 au 11 d\u00e9cembre 1941.<\/p>\n<ul class=\"unIndentedList\">\n<li><strong>La guerre europ\u00e9enne \u00e9tait devenue une guerre mondiale.<\/strong><\/li>\n<li><strong>Le destin avait <em>contre <\/em>L&#039;Allemagne a d\u00e9cid\u00e9.<\/strong><\/li>\n<li><strong>Le Japon a n\u00e9gligemment d\u00e9clench\u00e9 un conflit qu&#039;il devait perdre.<\/strong><\/li>\n<li><strong>Le r\u00eave d&#039;un espace de vie allemand \u00e0 l&#039;Est \u00e9tait termin\u00e9, et le Japon risquait beaucoup trop dans sa qu\u00eate pour devenir une grande puissance. L&#039;in\u00e9vitable revers devait \u00eatre catastrophique pour les deux nations.<\/strong><\/li>\n<\/ul>\n<p>Alors seulement 5 jours de d\u00e9cembre 1941 ont chang\u00e9 le destin du monde : la tyrannie nationale-socialiste avait atteint les limites de ses possibilit\u00e9s et devait d\u00e9sormais reculer inexorablement, jusqu&#039;au bout.<\/p>\n<p>Le d\u00e9clin in\u00e9luctable du national-socialisme s&#039;est accompagn\u00e9 des pires horreurs qui d\u00e9shonorent encore aujourd&#039;hui le nom \u00ab Allemagne \u00bb et la germanit\u00e9. Le 20 janvier 1942, la &quot;solution finale \u00e0 la question juive&quot; fut d\u00e9cid\u00e9e lors de la fameuse &quot;Conf\u00e9rence de Wannsee&quot;, l&#039;extermination des Juifs. Le meurtre syst\u00e9matique de millions de personnes de valeur (qui, m\u00eame strat\u00e9giquement, auraient pu rendre des services incommensurables \u00e0 l&#039;empire en guerre) a commenc\u00e9.<\/p>\n<p>Il est impossible de comprendre l&#039;illusion qui a donn\u00e9 la priorit\u00e9 au meurtre de masse d&#039;innocents plut\u00f4t qu&#039;\u00e0 l&#039;approvisionnement de fronts fragiles en fournitures essentielles. Quiconque pense et agit ainsi ne peut que p\u00e9rir.<\/p>\n<p>L'expansionnisme japonais a \u00e9galement d\u00e9pass\u00e9 ses possibilit\u00e9s. Il a commenc\u00e9 ses conqu\u00eates - \u00e0 l'instar des Allemands - par des victoires incroyables, puis a d\u00fb se r\u00e9signer \u00e0 subir d\u00e9faite sur d\u00e9faite, jusqu'\u00e0 la capitulation sans condition.<\/p>\n<h5>La carte du monde a chang\u00e9 :<\/h5>\n<p>L&#039;\u00e8re coloniale a pris fin avec la fin de la Seconde Guerre mondiale. La moiti\u00e9 du monde est tomb\u00e9e sous le r\u00e9gime communiste, et de nombreuses valeurs traditionnelles de l&#039;Occident (par exemple, l&#039;\u00c9tat de droit, la d\u00e9mocratie, la libert\u00e9 individuelle, la conscience religieuse, l&#039;individualit\u00e9 de l&#039;homme, etc.) semblaient remises en question, voire menac\u00e9es d&#039;extinction. .<\/p>\n<p>Et la guerre ne s'est pas termin\u00e9e avec la fin du conflit : la guerre contre l'Allemagne et le Japon a \u00e9t\u00e9 suivie par la confrontation entre l'Est et l'Ouest, entre le socialisme et le capitalisme, qui n'a pas d\u00e9g\u00e9n\u00e9r\u00e9 de la \"guerre froide\" \u00e0 la \"guerre de tir\" uniquement parce qu'aucun des hommes d'\u00c9tat - \u00e0 l'exception de Mao Tse Tung****) - ne voulait provoquer l'utilisation d'armes nucl\u00e9aires.<\/p>\n<p>Quel que soit le regard que l'on porte sur l'histoire de la Seconde Guerre mondiale et des d\u00e9cennies qui ont suivi, les journ\u00e9es du 6 au 11 d\u00e9cembre 1941 ont chang\u00e9 le monde, elles ont amorc\u00e9 des \u00e9volutions irr\u00e9versibles. Rien n'est redevenu comme avant et le monde ne sera plus jamais - en bien comme en mal - comme il l'\u00e9tait avant le 6 d\u00e9cembre 1941.<\/p>\n<p><strong>Notes de fin\u00a0:<\/strong><\/p>\n<p>*) Le correspondant \u00e9tranger des journaux allemands en Asie de l&#039;Est, Richard Sorge (1895-1944) \u00e9tait un communiste secret. Il espionnait non seulement pour la d\u00e9fense allemande, mais surtout pour Moscou. En 1941, il est arr\u00eat\u00e9 au Japon et pendu en octobre 1944 avec un ami japonais.<br \/>\n**) Dans \"F\u00fcnf Tage im Dezember 1941\u2033 de Brendan Simms et Charlie Lederman, DVA, 2021, on suppose qu'Hitler a voulu anticiper une d\u00e9claration de guerre des \u00c9tats-Unis qu'il attendait en lan\u00e7ant une guerre pr\u00e9ventive.<br \/>\n***) Les sous-marins allemands peuvent certes couler quelques navires dans le Golfe du Mexique, malgr\u00e9 leur long trajet, mais ils ne peuvent pas causer de graves dommages aux Etats-Unis.<br \/>\n****) Cf. Raymond Cartier \"Apr\u00e8s la Seconde Guerre mondiale\", 3e \u00e9d. p. 764, Piper, Munich, 1980.<\/p>\n<p><strong>R\u00e9f\u00e9rence:<\/strong><\/p>\n<p>Le lecteur int\u00e9ress\u00e9 trouvera une description d\u00e9taill\u00e9e des \u00e9v\u00e9nements historiques et une analyse des racines \u00e9sot\u00e9riques-occultes d&#039;Adolf Hitler dans : &quot;Der okkulte Kanzler&quot;, Siegfried Hagl, Gr\u00e4felfing, 2000, ISBN 3-89811-828-2. Disponible en Autriche aupr\u00e8s du service m\u00e9dia GralsWelt, r\u00e9f. 2660. \u00c9galement disponible en livre \u00e9lectronique.<\/p>","protected":false},"excerpt":{"rendered":"<p>\u00a0(Ver\u00f6ffentlicht in GralsWelt 20\/2001) Am 6. Dezembers 1941 verlie\u00df Abd-ru-shin (1875-1941) diese Erde. Hier wird beschrieben, was sich zu dieser Zeit welthistorisch ereignete. Europa Anfang Dezember 1941: Der Zweite Weltkrieg hat in der Form des \u201eeurop\u00e4ischen Krieges&#8220; einen ersten H\u00f6hepunkt erreicht. Zwei Jahre lang waren deutsche Truppen von Sieg zu Sieg geeilt. Sie hatten das [&hellip;]<\/p>\n","protected":false},"author":2,"featured_media":0,"comment_status":"closed","ping_status":"open","sticky":false,"template":"","format":"standard","meta":{"footnotes":""},"categories":[7],"tags":[],"class_list":["post-1100","post","type-post","status-publish","format-standard","hentry","category-gedenktage"],"yoast_head":"<!-- This site is optimized with the Yoast SEO plugin v27.5 - https:\/\/yoast.com\/product\/yoast-seo-wordpress\/ -->\n<title>Ein welthistorischer Tag &#8211; SiegfriedHagl.com<\/title>\n<meta name=\"robots\" content=\"index, follow, max-snippet:-1, max-image-preview:large, max-video-preview:-1\" \/>\n<link rel=\"canonical\" href=\"https:\/\/www.siegfriedhagl.com\/fr\/jours-de-commemoration\/une-journee-historique-mondiale\/\" \/>\n<meta property=\"og:locale\" content=\"fr_FR\" \/>\n<meta property=\"og:type\" content=\"article\" \/>\n<meta property=\"og:title\" content=\"Ein welthistorischer Tag &#8211; SiegfriedHagl.com\" \/>\n<meta property=\"og:description\" content=\"\u00a0(Ver\u00f6ffentlicht in GralsWelt 20\/2001) Am 6. Dezembers 1941 verlie\u00df Abd-ru-shin (1875-1941) diese Erde. Hier wird beschrieben, was sich zu dieser Zeit welthistorisch ereignete. Europa Anfang Dezember 1941: Der Zweite Weltkrieg hat in der Form des \u201eeurop\u00e4ischen Krieges&#8220; einen ersten H\u00f6hepunkt erreicht. Zwei Jahre lang waren deutsche Truppen von Sieg zu Sieg geeilt. Sie hatten das [&hellip;]\" \/>\n<meta property=\"og:url\" content=\"https:\/\/www.siegfriedhagl.com\/fr\/jours-de-commemoration\/une-journee-historique-mondiale\/\" \/>\n<meta property=\"og:site_name\" content=\"SiegfriedHagl.com\" \/>\n<meta property=\"article:published_time\" content=\"2009-05-10T16:44:26+00:00\" \/>\n<meta property=\"article:modified_time\" content=\"2024-06-26T11:09:16+00:00\" \/>\n<meta name=\"author\" content=\"siegfriedhagl\" \/>\n<meta name=\"twitter:card\" content=\"summary_large_image\" \/>\n<meta name=\"twitter:label1\" content=\"\u00c9crit par\" \/>\n\t<meta name=\"twitter:data1\" content=\"siegfriedhagl\" \/>\n\t<meta name=\"twitter:label2\" content=\"Dur\u00e9e de lecture estim\u00e9e\" \/>\n\t<meta name=\"twitter:data2\" content=\"11 minutes\" \/>\n<script type=\"application\/ld+json\" class=\"yoast-schema-graph\">{\"@context\":\"https:\\\/\\\/schema.org\",\"@graph\":[{\"@type\":\"Article\",\"@id\":\"https:\\\/\\\/www.siegfriedhagl.com\\\/gedenktage\\\/ein-welthistorischer-tag\\\/#article\",\"isPartOf\":{\"@id\":\"https:\\\/\\\/www.siegfriedhagl.com\\\/gedenktage\\\/ein-welthistorischer-tag\\\/\"},\"author\":{\"name\":\"siegfriedhagl\",\"@id\":\"https:\\\/\\\/www.siegfriedhagl.com\\\/#\\\/schema\\\/person\\\/263c4a916fa13b3e7eda58f6c8c2695f\"},\"headline\":\"Ein welthistorischer Tag\",\"datePublished\":\"2009-05-10T16:44:26+00:00\",\"dateModified\":\"2024-06-26T11:09:16+00:00\",\"mainEntityOfPage\":{\"@id\":\"https:\\\/\\\/www.siegfriedhagl.com\\\/gedenktage\\\/ein-welthistorischer-tag\\\/\"},\"wordCount\":2056,\"publisher\":{\"@id\":\"https:\\\/\\\/www.siegfriedhagl.com\\\/#\\\/schema\\\/person\\\/263c4a916fa13b3e7eda58f6c8c2695f\"},\"articleSection\":[\"Gedenktage\"],\"inLanguage\":\"fr-FR\"},{\"@type\":\"WebPage\",\"@id\":\"https:\\\/\\\/www.siegfriedhagl.com\\\/gedenktage\\\/ein-welthistorischer-tag\\\/\",\"url\":\"https:\\\/\\\/www.siegfriedhagl.com\\\/gedenktage\\\/ein-welthistorischer-tag\\\/\",\"name\":\"Ein welthistorischer Tag &#8211; SiegfriedHagl.com\",\"isPartOf\":{\"@id\":\"https:\\\/\\\/www.siegfriedhagl.com\\\/#website\"},\"datePublished\":\"2009-05-10T16:44:26+00:00\",\"dateModified\":\"2024-06-26T11:09:16+00:00\",\"breadcrumb\":{\"@id\":\"https:\\\/\\\/www.siegfriedhagl.com\\\/gedenktage\\\/ein-welthistorischer-tag\\\/#breadcrumb\"},\"inLanguage\":\"fr-FR\",\"potentialAction\":[{\"@type\":\"ReadAction\",\"target\":[\"https:\\\/\\\/www.siegfriedhagl.com\\\/gedenktage\\\/ein-welthistorischer-tag\\\/\"]}]},{\"@type\":\"BreadcrumbList\",\"@id\":\"https:\\\/\\\/www.siegfriedhagl.com\\\/gedenktage\\\/ein-welthistorischer-tag\\\/#breadcrumb\",\"itemListElement\":[{\"@type\":\"ListItem\",\"position\":1,\"name\":\"Startseite\",\"item\":\"https:\\\/\\\/www.siegfriedhagl.com\\\/\"},{\"@type\":\"ListItem\",\"position\":2,\"name\":\"Ein welthistorischer Tag\"}]},{\"@type\":\"WebSite\",\"@id\":\"https:\\\/\\\/www.siegfriedhagl.com\\\/#website\",\"url\":\"https:\\\/\\\/www.siegfriedhagl.com\\\/\",\"name\":\"SiegfriedHagl.com\",\"description\":\"Artikel und Blog von Siegfried Hagl\",\"publisher\":{\"@id\":\"https:\\\/\\\/www.siegfriedhagl.com\\\/#\\\/schema\\\/person\\\/263c4a916fa13b3e7eda58f6c8c2695f\"},\"potentialAction\":[{\"@type\":\"SearchAction\",\"target\":{\"@type\":\"EntryPoint\",\"urlTemplate\":\"https:\\\/\\\/www.siegfriedhagl.com\\\/?s={search_term_string}\"},\"query-input\":{\"@type\":\"PropertyValueSpecification\",\"valueRequired\":true,\"valueName\":\"search_term_string\"}}],\"inLanguage\":\"fr-FR\"},{\"@type\":[\"Person\",\"Organization\"],\"@id\":\"https:\\\/\\\/www.siegfriedhagl.com\\\/#\\\/schema\\\/person\\\/263c4a916fa13b3e7eda58f6c8c2695f\",\"name\":\"siegfriedhagl\",\"image\":{\"@type\":\"ImageObject\",\"inLanguage\":\"fr-FR\",\"@id\":\"https:\\\/\\\/secure.gravatar.com\\\/avatar\\\/45b010d0734a07d6fa163753be02d78684ff4128f419d6ee0a0370de54233f1c?s=96&d=mm&r=g\",\"url\":\"https:\\\/\\\/secure.gravatar.com\\\/avatar\\\/45b010d0734a07d6fa163753be02d78684ff4128f419d6ee0a0370de54233f1c?s=96&d=mm&r=g\",\"contentUrl\":\"https:\\\/\\\/secure.gravatar.com\\\/avatar\\\/45b010d0734a07d6fa163753be02d78684ff4128f419d6ee0a0370de54233f1c?s=96&d=mm&r=g\",\"caption\":\"siegfriedhagl\"},\"logo\":{\"@id\":\"https:\\\/\\\/secure.gravatar.com\\\/avatar\\\/45b010d0734a07d6fa163753be02d78684ff4128f419d6ee0a0370de54233f1c?s=96&d=mm&r=g\"},\"sameAs\":[\"http:\\\/\\\/www.hagl.net\"]}]}<\/script>\n<!-- \/ Yoast SEO plugin. -->","yoast_head_json":{"title":"Une journ\u00e9e historique mondiale - SiegfriedHagl.com","robots":{"index":"index","follow":"follow","max-snippet":"max-snippet:-1","max-image-preview":"max-image-preview:large","max-video-preview":"max-video-preview:-1"},"canonical":"https:\/\/www.siegfriedhagl.com\/fr\/jours-de-commemoration\/une-journee-historique-mondiale\/","og_locale":"fr_FR","og_type":"article","og_title":"Ein welthistorischer Tag &#8211; SiegfriedHagl.com","og_description":"\u00a0(Ver\u00f6ffentlicht in GralsWelt 20\/2001) Am 6. Dezembers 1941 verlie\u00df Abd-ru-shin (1875-1941) diese Erde. Hier wird beschrieben, was sich zu dieser Zeit welthistorisch ereignete. Europa Anfang Dezember 1941: Der Zweite Weltkrieg hat in der Form des \u201eeurop\u00e4ischen Krieges&#8220; einen ersten H\u00f6hepunkt erreicht. Zwei Jahre lang waren deutsche Truppen von Sieg zu Sieg geeilt. Sie hatten das [&hellip;]","og_url":"https:\/\/www.siegfriedhagl.com\/fr\/jours-de-commemoration\/une-journee-historique-mondiale\/","og_site_name":"SiegfriedHagl.com","article_published_time":"2009-05-10T16:44:26+00:00","article_modified_time":"2024-06-26T11:09:16+00:00","author":"siegfriedhagl","twitter_card":"summary_large_image","twitter_misc":{"\u00c9crit par":"siegfriedhagl","Dur\u00e9e de lecture estim\u00e9e":"11 minutes"},"schema":{"@context":"https:\/\/schema.org","@graph":[{"@type":"Article","@id":"https:\/\/www.siegfriedhagl.com\/gedenktage\/ein-welthistorischer-tag\/#article","isPartOf":{"@id":"https:\/\/www.siegfriedhagl.com\/gedenktage\/ein-welthistorischer-tag\/"},"author":{"name":"siegfriedhagl","@id":"https:\/\/www.siegfriedhagl.com\/#\/schema\/person\/263c4a916fa13b3e7eda58f6c8c2695f"},"headline":"Ein welthistorischer Tag","datePublished":"2009-05-10T16:44:26+00:00","dateModified":"2024-06-26T11:09:16+00:00","mainEntityOfPage":{"@id":"https:\/\/www.siegfriedhagl.com\/gedenktage\/ein-welthistorischer-tag\/"},"wordCount":2056,"publisher":{"@id":"https:\/\/www.siegfriedhagl.com\/#\/schema\/person\/263c4a916fa13b3e7eda58f6c8c2695f"},"articleSection":["Gedenktage"],"inLanguage":"fr-FR"},{"@type":"WebPage","@id":"https:\/\/www.siegfriedhagl.com\/gedenktage\/ein-welthistorischer-tag\/","url":"https:\/\/www.siegfriedhagl.com\/gedenktage\/ein-welthistorischer-tag\/","name":"Une journ\u00e9e historique mondiale - SiegfriedHagl.com","isPartOf":{"@id":"https:\/\/www.siegfriedhagl.com\/#website"},"datePublished":"2009-05-10T16:44:26+00:00","dateModified":"2024-06-26T11:09:16+00:00","breadcrumb":{"@id":"https:\/\/www.siegfriedhagl.com\/gedenktage\/ein-welthistorischer-tag\/#breadcrumb"},"inLanguage":"fr-FR","potentialAction":[{"@type":"ReadAction","target":["https:\/\/www.siegfriedhagl.com\/gedenktage\/ein-welthistorischer-tag\/"]}]},{"@type":"BreadcrumbList","@id":"https:\/\/www.siegfriedhagl.com\/gedenktage\/ein-welthistorischer-tag\/#breadcrumb","itemListElement":[{"@type":"ListItem","position":1,"name":"Startseite","item":"https:\/\/www.siegfriedhagl.com\/"},{"@type":"ListItem","position":2,"name":"Ein welthistorischer Tag"}]},{"@type":"WebSite","@id":"https:\/\/www.siegfriedhagl.com\/#website","url":"https:\/\/www.siegfriedhagl.com\/","name":"SiegfriedHagl.com","description":"Article et blog de Siegfried Hagl","publisher":{"@id":"https:\/\/www.siegfriedhagl.com\/#\/schema\/person\/263c4a916fa13b3e7eda58f6c8c2695f"},"potentialAction":[{"@type":"SearchAction","target":{"@type":"EntryPoint","urlTemplate":"https:\/\/www.siegfriedhagl.com\/?s={search_term_string}"},"query-input":{"@type":"PropertyValueSpecification","valueRequired":true,"valueName":"search_term_string"}}],"inLanguage":"fr-FR"},{"@type":["Person","Organization"],"@id":"https:\/\/www.siegfriedhagl.com\/#\/schema\/person\/263c4a916fa13b3e7eda58f6c8c2695f","name":"siegfriedhagl","image":{"@type":"ImageObject","inLanguage":"fr-FR","@id":"https:\/\/secure.gravatar.com\/avatar\/45b010d0734a07d6fa163753be02d78684ff4128f419d6ee0a0370de54233f1c?s=96&d=mm&r=g","url":"https:\/\/secure.gravatar.com\/avatar\/45b010d0734a07d6fa163753be02d78684ff4128f419d6ee0a0370de54233f1c?s=96&d=mm&r=g","contentUrl":"https:\/\/secure.gravatar.com\/avatar\/45b010d0734a07d6fa163753be02d78684ff4128f419d6ee0a0370de54233f1c?s=96&d=mm&r=g","caption":"siegfriedhagl"},"logo":{"@id":"https:\/\/secure.gravatar.com\/avatar\/45b010d0734a07d6fa163753be02d78684ff4128f419d6ee0a0370de54233f1c?s=96&d=mm&r=g"},"sameAs":["http:\/\/www.hagl.net"]}]}},"_links":{"self":[{"href":"https:\/\/www.siegfriedhagl.com\/fr\/wp-json\/wp\/v2\/posts\/1100","targetHints":{"allow":["GET"]}}],"collection":[{"href":"https:\/\/www.siegfriedhagl.com\/fr\/wp-json\/wp\/v2\/posts"}],"about":[{"href":"https:\/\/www.siegfriedhagl.com\/fr\/wp-json\/wp\/v2\/types\/post"}],"author":[{"embeddable":true,"href":"https:\/\/www.siegfriedhagl.com\/fr\/wp-json\/wp\/v2\/users\/2"}],"replies":[{"embeddable":true,"href":"https:\/\/www.siegfriedhagl.com\/fr\/wp-json\/wp\/v2\/comments?post=1100"}],"version-history":[{"count":39,"href":"https:\/\/www.siegfriedhagl.com\/fr\/wp-json\/wp\/v2\/posts\/1100\/revisions"}],"predecessor-version":[{"id":11021,"href":"https:\/\/www.siegfriedhagl.com\/fr\/wp-json\/wp\/v2\/posts\/1100\/revisions\/11021"}],"wp:attachment":[{"href":"https:\/\/www.siegfriedhagl.com\/fr\/wp-json\/wp\/v2\/media?parent=1100"}],"wp:term":[{"taxonomy":"category","embeddable":true,"href":"https:\/\/www.siegfriedhagl.com\/fr\/wp-json\/wp\/v2\/categories?post=1100"},{"taxonomy":"post_tag","embeddable":true,"href":"https:\/\/www.siegfriedhagl.com\/fr\/wp-json\/wp\/v2\/tags?post=1100"}],"curies":[{"name":"wp","href":"https:\/\/api.w.org\/{rel}","templated":true}]}}