{"id":1098,"date":"2009-05-10T17:34:59","date_gmt":"2009-05-10T16:34:59","guid":{"rendered":"https:\/\/www.siegfriedhagl.com\/?page_id=1098"},"modified":"2021-12-21T15:25:32","modified_gmt":"2021-12-21T14:25:32","slug":"fruhe-jahre-eines-genius","status":"publish","type":"post","link":"https:\/\/www.siegfriedhagl.com\/fr\/histoires-etranges\/les-premieres-annees-dun-genie\/","title":{"rendered":"Les premi\u00e8res ann\u00e9es d&#039;un g\u00e9nie"},"content":{"rendered":"<blockquote><p>(Publi\u00e9 dans GralsWelt 19\/2001)<\/p><\/blockquote>\n<p><strong><em>L&#039;un des \u00e9v\u00e9nements les plus passionnants de l&#039;histoire est l&#039;observation de la fa\u00e7on dont les g\u00e9nies pr\u00e9valent, m\u00eame dans des conditions de d\u00e9part d\u00e9favorables, et comment ils trouvent leur t\u00e2che, leur vocation. Ils b\u00e9n\u00e9ficient souvent du soutien de personnes qui reconnaissent leur talent et les aident de mani\u00e8re d\u00e9sint\u00e9ress\u00e9e. Les exemples sont nombreux, souvent \u00e9mouvants ; En voici une dans le cadre de la s\u00e9rie Strange Stories, une contribution qui rend \u00e9galement hommage \u00e0 un g\u00e9nie musical de renomm\u00e9e mondiale dont on a r\u00e9cemment comm\u00e9mor\u00e9 le 100e anniversaire.\u00a0<\/em><\/strong><\/p>\n<p><strong>Un enfant de pauvres<\/strong><\/p>\n<p>Le p\u00e8re de notre g\u00e9nie s&#039;appelait Carlo Giuseppe. Il vivait avec sa femme Luigia Uttini \u00e0 Le Roncole, un village pr\u00e8s de Busseto dans le duch\u00e9 de Parme. Ils poss\u00e9daient une petite ferme et exploitaient un magasin g\u00e9n\u00e9ral avec une auberge. C&#039;\u00e9tait la guerre et la vie \u00e9tait dure. Les deux parents \u00e9taient analphab\u00e8tes et la scolarit\u00e9 de leur fils dou\u00e9 se situait initialement au niveau d&#039;une \u00e9cole secondaire rurale. Ses cours n&#039;\u00e9taient gu\u00e8re r\u00e9guliers ; interrompu encore et encore par les exigences de la vie quotidienne et les souhaits de l&#039;\u00e9glise : notre h\u00e9ros devait accompagner son p\u00e8re pour faire les courses \u00e0 Busseto, aider \u00e0 la boutique et au jardinage et servir d&#039;enfant de ch\u0153ur. Le nom du gar\u00e7on \u00e9tait d&#039;ailleurs <strong>Fortune Giuseppe Francesco Verdi<\/strong>, n\u00e9 le 10 octobre 1813 \u00e0 Le Roncole, d\u00e9c\u00e9d\u00e9 le 27 janvier 1901 \u00e0 Milan.<\/p>\n<p><strong>Un g\u00e9nie trouve des sponsors<\/strong><\/p>\n<p>Quelque temps avant l&#039;\u00e2ge de huit ans, peut-\u00eatre comme cadeau d&#039;anniversaire ou de f\u00eate, Giuseppe a re\u00e7u un cadeau inhabituel pour son statut : une \u00e9pinette de table ou un petit clavecin. C&#039;\u00e9tait un clavecin debout dont les cordes \u00e9taient pinc\u00e9es par de petits boutons de cuir sur le m\u00e9canisme \u00e0 cl\u00e9.<\/p>\n<p>A cet \u00e2ge, Mozart (1756-1791), qui avait de meilleures conditions de star, donnait d\u00e9j\u00e0 des concerts et composait.<\/p>\n<p>On se demande si Carlo, l&#039;\u00e9picier et le fermier, pouvait se permettre un tel cadeau, m\u00eame apr\u00e8s que les mauvaises ann\u00e9es de guerre se soient \u00e9coul\u00e9es et que la vie s&#039;am\u00e9liorait lentement. Cependant, l&#039;\u00e9pinette et le clavecin \u00e9taient pass\u00e9s de mode vers 1820 et avaient \u00e9t\u00e9 remplac\u00e9s par le piano, qui peut \u00eatre jou\u00e9 doucement (piano) et fort (forte); d&#039;o\u00f9 le nom &quot;pianoforte&quot;. Les clavecins mis au rebut \u00e9taient relativement bon march\u00e9 et Carlo Verdi a pu acqu\u00e9rir un cadeau aussi extraordinaire pour son fils; la post\u00e9rit\u00e9 doit le remercier !<\/p>\n<p>Cependant, l&#039;instrument \u00e9tait vieux et ray\u00e9, les p\u00e9dales manquaient et la m\u00e9canique \u00e9tait d\u00e9fectueuse. Puis le m\u00e9c\u00e8ne suivant du jeune et talentueux Verdi est apparu, un artisan qualifi\u00e9 qui a document\u00e9 son travail sur un autocollant trouv\u00e9 des ann\u00e9es plus tard dans l&#039;instrument, de sorte que son nom ne peut manquer dans aucune biographie de Verdi :<br \/>\n<em>\u00ab Ces marteaux ont \u00e9t\u00e9 renouvel\u00e9s et recouverts de cuir par moi, Stefano Cavaletti. J&#039;ai mont\u00e9 des p\u00e9dales et j&#039;ai tout donn\u00e9 en cadeau. J&#039;ai \u00e9galement r\u00e9par\u00e9 gratuitement les marteaux mentionn\u00e9s, car voir la grande habilet\u00e9 dont le jeune Verdi fait preuve pour apprendre \u00e0 jouer de cet instrument est la plus grande r\u00e9compense pour moi.<\/em><\/p>\n<p>Ce petit vieux clavecin a ouvert la voie au g\u00e9nie du jeune Giuseppe ; son talent a pu faire ses preuves. D&#039;autres sponsors ont reconnu son talent et l&#039;ont soutenu.<\/p>\n<p>Mais il devait d&#039;abord survivre, car ce n&#039;\u00e9tait pas loin et il n&#039;aurait pas v\u00e9cu jusqu&#039;\u00e0 deux ans.<\/p>\n<p><strong>La guerre atteint Le Roncole<\/strong><\/p>\n<p>Lorsque Giuseppe Verdi est n\u00e9, la guerre entre l&#039;Autriche et la France battait son plein. L&#039;Italie du Nord fut l&#039;un des champs de bataille de ce conflit sanglant. En 1814, les Fran\u00e7ais durent battre en retraite devant l&#039;avanc\u00e9e des Autrichiens et des Russes. Les troupes russes ont poursuivi les soldats fran\u00e7ais en fuite \u00e0 travers le lieu de naissance de Verdi, o\u00f9 les cosaques ont assassin\u00e9 et pill\u00e9. Effray\u00e9e par les Cosaques, qui avaient la r\u00e9putation de manger des b\u00e9b\u00e9s vivants, Luigia Verdi, serrant contre son sein son enfant d&#039;un an, escalada la tour de l&#039;\u00e9glise du Roncole et se cacha dans le beffroi. Le plus grand musicien italien, l&#039;un des plus grands compositeurs du monde, n&#039;a peut-\u00eatre \u00e9chapp\u00e9 \u00e0 une fin pr\u00e9matur\u00e9e et cruelle que gr\u00e2ce au courage d\u00e9sesp\u00e9r\u00e9 de sa m\u00e8re, et l&#039;humanit\u00e9 serait plus pauvre sans la d\u00e9termination farouche de cette femme profond\u00e9ment effray\u00e9e.<\/p>\n<p>On peut tenir cette histoire touchante pour acquise, car bien plus tard, Verdi, alors \u00e2g\u00e9 de soixante-dix ans, a guid\u00e9 un visiteur allemand \u00e0 travers son lieu de naissance (Verdi). Verdi d\u00e9signa le vieux clocher et dit :<br \/>\n<em>\u00ab L\u00e0-haut, avec moi dans ses bras, ma m\u00e8re s&#039;est r\u00e9fugi\u00e9e contre les Russes en 1814, dont les pillages ont effray\u00e9 les habitants de Roncole pendant vingt-quatre heures. Elle se cachait tout le temps dans le beffroi, qui n&#039;\u00e9tait accessible que par une \u00e9chelle, terrifi\u00e9e \u00e0 l&#039;id\u00e9e que je trahisse notre cachette en pleurant. Heureusement, j&#039;ai dormi presque sans arr\u00eat et je me suis r\u00e9veill\u00e9 en riant avec une grande satisfaction.\u00a0<\/em><\/p>\n<p><strong>Litt\u00e9rature:<br \/>\n<\/strong><em>E\u00f6sze, L\u00e4szl\u00f3 : &quot;Si Verdi avait tenu un journal&quot;, auto-\u00e9dition, 1990, ISBN 963 13 2995 X.<br \/>\n<\/em><em>Martin, George: &quot;Verdi, sa musique, sa vie et son \u00e9poque&quot;, Dood, Mead &amp; Co., New York, 1983.<br \/>\n<\/em><em>Osborne, Charles : &quot;Verdi&quot;, Alfred A. Knopf, New York, 1987.\u00a0<\/em><\/p>","protected":false},"excerpt":{"rendered":"<p>(Ver\u00f6ffentlicht in\u00a0 GralsWelt 19\/2001) Zu den spannendsten Ereignissen der Geschichte geh\u00f6rt die Beobachtung, wie sich Genies auch unter ung\u00fcnstigen Startbe\u00addingungen durchsetzen und zu ihrer Aufgabe, ihrer Berufung finden. H\u00e4ufig erfahren sie dabei Unterst\u00fctzung von Menschen, welche die Begabung erkennen und selbstlos helfen. Es gibt viele, nicht selten bewegende Beispiele; hier eines im Rahmen der Serie [&hellip;]<\/p>\n","protected":false},"author":2,"featured_media":0,"comment_status":"closed","ping_status":"open","sticky":false,"template":"","format":"standard","meta":{"footnotes":""},"categories":[9],"tags":[],"class_list":["post-1098","post","type-post","status-publish","format-standard","hentry","category-merkwuerdige-geschichten"],"yoast_head":"<!-- This site is optimized with the Yoast SEO plugin v27.5 - https:\/\/yoast.com\/product\/yoast-seo-wordpress\/ -->\n<title>Fr\u00fche Jahre eines Genius &#8211; SiegfriedHagl.com<\/title>\n<meta name=\"robots\" content=\"index, follow, max-snippet:-1, max-image-preview:large, max-video-preview:-1\" \/>\n<link rel=\"canonical\" href=\"https:\/\/www.siegfriedhagl.com\/fr\/histoires-etranges\/les-premieres-annees-dun-genie\/\" \/>\n<meta property=\"og:locale\" content=\"fr_FR\" \/>\n<meta property=\"og:type\" content=\"article\" \/>\n<meta property=\"og:title\" content=\"Fr\u00fche Jahre eines Genius &#8211; SiegfriedHagl.com\" \/>\n<meta property=\"og:description\" content=\"(Ver\u00f6ffentlicht in\u00a0 GralsWelt 19\/2001) Zu den spannendsten Ereignissen der Geschichte geh\u00f6rt die Beobachtung, wie sich Genies auch unter ung\u00fcnstigen Startbe\u00addingungen durchsetzen und zu ihrer Aufgabe, ihrer Berufung finden. H\u00e4ufig erfahren sie dabei Unterst\u00fctzung von Menschen, welche die Begabung erkennen und selbstlos helfen. Es gibt viele, nicht selten bewegende Beispiele; hier eines im Rahmen der Serie [&hellip;]\" \/>\n<meta property=\"og:url\" content=\"https:\/\/www.siegfriedhagl.com\/fr\/histoires-etranges\/les-premieres-annees-dun-genie\/\" \/>\n<meta property=\"og:site_name\" content=\"SiegfriedHagl.com\" \/>\n<meta property=\"article:published_time\" content=\"2009-05-10T16:34:59+00:00\" \/>\n<meta property=\"article:modified_time\" content=\"2021-12-21T14:25:32+00:00\" \/>\n<meta name=\"author\" content=\"siegfriedhagl\" \/>\n<meta name=\"twitter:card\" content=\"summary_large_image\" \/>\n<meta name=\"twitter:label1\" content=\"\u00c9crit par\" \/>\n\t<meta name=\"twitter:data1\" content=\"siegfriedhagl\" \/>\n\t<meta name=\"twitter:label2\" content=\"Dur\u00e9e de lecture estim\u00e9e\" \/>\n\t<meta name=\"twitter:data2\" content=\"5 minutes\" \/>\n<script type=\"application\/ld+json\" class=\"yoast-schema-graph\">{\"@context\":\"https:\\\/\\\/schema.org\",\"@graph\":[{\"@type\":\"Article\",\"@id\":\"https:\\\/\\\/www.siegfriedhagl.com\\\/merkwuerdige-geschichten\\\/fruhe-jahre-eines-genius\\\/#article\",\"isPartOf\":{\"@id\":\"https:\\\/\\\/www.siegfriedhagl.com\\\/merkwuerdige-geschichten\\\/fruhe-jahre-eines-genius\\\/\"},\"author\":{\"name\":\"siegfriedhagl\",\"@id\":\"https:\\\/\\\/www.siegfriedhagl.com\\\/#\\\/schema\\\/person\\\/263c4a916fa13b3e7eda58f6c8c2695f\"},\"headline\":\"Fr\u00fche Jahre eines Genius\",\"datePublished\":\"2009-05-10T16:34:59+00:00\",\"dateModified\":\"2021-12-21T14:25:32+00:00\",\"mainEntityOfPage\":{\"@id\":\"https:\\\/\\\/www.siegfriedhagl.com\\\/merkwuerdige-geschichten\\\/fruhe-jahre-eines-genius\\\/\"},\"wordCount\":843,\"publisher\":{\"@id\":\"https:\\\/\\\/www.siegfriedhagl.com\\\/#\\\/schema\\\/person\\\/263c4a916fa13b3e7eda58f6c8c2695f\"},\"articleSection\":[\"Merkw\u00fcrdige Geschichten\"],\"inLanguage\":\"fr-FR\"},{\"@type\":\"WebPage\",\"@id\":\"https:\\\/\\\/www.siegfriedhagl.com\\\/merkwuerdige-geschichten\\\/fruhe-jahre-eines-genius\\\/\",\"url\":\"https:\\\/\\\/www.siegfriedhagl.com\\\/merkwuerdige-geschichten\\\/fruhe-jahre-eines-genius\\\/\",\"name\":\"Fr\u00fche Jahre eines Genius &#8211; SiegfriedHagl.com\",\"isPartOf\":{\"@id\":\"https:\\\/\\\/www.siegfriedhagl.com\\\/#website\"},\"datePublished\":\"2009-05-10T16:34:59+00:00\",\"dateModified\":\"2021-12-21T14:25:32+00:00\",\"breadcrumb\":{\"@id\":\"https:\\\/\\\/www.siegfriedhagl.com\\\/merkwuerdige-geschichten\\\/fruhe-jahre-eines-genius\\\/#breadcrumb\"},\"inLanguage\":\"fr-FR\",\"potentialAction\":[{\"@type\":\"ReadAction\",\"target\":[\"https:\\\/\\\/www.siegfriedhagl.com\\\/merkwuerdige-geschichten\\\/fruhe-jahre-eines-genius\\\/\"]}]},{\"@type\":\"BreadcrumbList\",\"@id\":\"https:\\\/\\\/www.siegfriedhagl.com\\\/merkwuerdige-geschichten\\\/fruhe-jahre-eines-genius\\\/#breadcrumb\",\"itemListElement\":[{\"@type\":\"ListItem\",\"position\":1,\"name\":\"Startseite\",\"item\":\"https:\\\/\\\/www.siegfriedhagl.com\\\/\"},{\"@type\":\"ListItem\",\"position\":2,\"name\":\"Fr\u00fche Jahre eines Genius\"}]},{\"@type\":\"WebSite\",\"@id\":\"https:\\\/\\\/www.siegfriedhagl.com\\\/#website\",\"url\":\"https:\\\/\\\/www.siegfriedhagl.com\\\/\",\"name\":\"SiegfriedHagl.com\",\"description\":\"Artikel und Blog von Siegfried Hagl\",\"publisher\":{\"@id\":\"https:\\\/\\\/www.siegfriedhagl.com\\\/#\\\/schema\\\/person\\\/263c4a916fa13b3e7eda58f6c8c2695f\"},\"potentialAction\":[{\"@type\":\"SearchAction\",\"target\":{\"@type\":\"EntryPoint\",\"urlTemplate\":\"https:\\\/\\\/www.siegfriedhagl.com\\\/?s={search_term_string}\"},\"query-input\":{\"@type\":\"PropertyValueSpecification\",\"valueRequired\":true,\"valueName\":\"search_term_string\"}}],\"inLanguage\":\"fr-FR\"},{\"@type\":[\"Person\",\"Organization\"],\"@id\":\"https:\\\/\\\/www.siegfriedhagl.com\\\/#\\\/schema\\\/person\\\/263c4a916fa13b3e7eda58f6c8c2695f\",\"name\":\"siegfriedhagl\",\"image\":{\"@type\":\"ImageObject\",\"inLanguage\":\"fr-FR\",\"@id\":\"https:\\\/\\\/secure.gravatar.com\\\/avatar\\\/45b010d0734a07d6fa163753be02d78684ff4128f419d6ee0a0370de54233f1c?s=96&d=mm&r=g\",\"url\":\"https:\\\/\\\/secure.gravatar.com\\\/avatar\\\/45b010d0734a07d6fa163753be02d78684ff4128f419d6ee0a0370de54233f1c?s=96&d=mm&r=g\",\"contentUrl\":\"https:\\\/\\\/secure.gravatar.com\\\/avatar\\\/45b010d0734a07d6fa163753be02d78684ff4128f419d6ee0a0370de54233f1c?s=96&d=mm&r=g\",\"caption\":\"siegfriedhagl\"},\"logo\":{\"@id\":\"https:\\\/\\\/secure.gravatar.com\\\/avatar\\\/45b010d0734a07d6fa163753be02d78684ff4128f419d6ee0a0370de54233f1c?s=96&d=mm&r=g\"},\"sameAs\":[\"http:\\\/\\\/www.hagl.net\"]}]}<\/script>\n<!-- \/ Yoast SEO plugin. -->","yoast_head_json":{"title":"Les premi\u00e8res ann\u00e9es d'un g\u00e9nie - SiegfriedHagl.com","robots":{"index":"index","follow":"follow","max-snippet":"max-snippet:-1","max-image-preview":"max-image-preview:large","max-video-preview":"max-video-preview:-1"},"canonical":"https:\/\/www.siegfriedhagl.com\/fr\/histoires-etranges\/les-premieres-annees-dun-genie\/","og_locale":"fr_FR","og_type":"article","og_title":"Fr\u00fche Jahre eines Genius &#8211; SiegfriedHagl.com","og_description":"(Ver\u00f6ffentlicht in\u00a0 GralsWelt 19\/2001) Zu den spannendsten Ereignissen der Geschichte geh\u00f6rt die Beobachtung, wie sich Genies auch unter ung\u00fcnstigen Startbe\u00addingungen durchsetzen und zu ihrer Aufgabe, ihrer Berufung finden. H\u00e4ufig erfahren sie dabei Unterst\u00fctzung von Menschen, welche die Begabung erkennen und selbstlos helfen. Es gibt viele, nicht selten bewegende Beispiele; hier eines im Rahmen der Serie [&hellip;]","og_url":"https:\/\/www.siegfriedhagl.com\/fr\/histoires-etranges\/les-premieres-annees-dun-genie\/","og_site_name":"SiegfriedHagl.com","article_published_time":"2009-05-10T16:34:59+00:00","article_modified_time":"2021-12-21T14:25:32+00:00","author":"siegfriedhagl","twitter_card":"summary_large_image","twitter_misc":{"\u00c9crit par":"siegfriedhagl","Dur\u00e9e de lecture estim\u00e9e":"5 minutes"},"schema":{"@context":"https:\/\/schema.org","@graph":[{"@type":"Article","@id":"https:\/\/www.siegfriedhagl.com\/merkwuerdige-geschichten\/fruhe-jahre-eines-genius\/#article","isPartOf":{"@id":"https:\/\/www.siegfriedhagl.com\/merkwuerdige-geschichten\/fruhe-jahre-eines-genius\/"},"author":{"name":"siegfriedhagl","@id":"https:\/\/www.siegfriedhagl.com\/#\/schema\/person\/263c4a916fa13b3e7eda58f6c8c2695f"},"headline":"Fr\u00fche Jahre eines Genius","datePublished":"2009-05-10T16:34:59+00:00","dateModified":"2021-12-21T14:25:32+00:00","mainEntityOfPage":{"@id":"https:\/\/www.siegfriedhagl.com\/merkwuerdige-geschichten\/fruhe-jahre-eines-genius\/"},"wordCount":843,"publisher":{"@id":"https:\/\/www.siegfriedhagl.com\/#\/schema\/person\/263c4a916fa13b3e7eda58f6c8c2695f"},"articleSection":["Merkw\u00fcrdige Geschichten"],"inLanguage":"fr-FR"},{"@type":"WebPage","@id":"https:\/\/www.siegfriedhagl.com\/merkwuerdige-geschichten\/fruhe-jahre-eines-genius\/","url":"https:\/\/www.siegfriedhagl.com\/merkwuerdige-geschichten\/fruhe-jahre-eines-genius\/","name":"Les premi\u00e8res ann\u00e9es d'un g\u00e9nie - SiegfriedHagl.com","isPartOf":{"@id":"https:\/\/www.siegfriedhagl.com\/#website"},"datePublished":"2009-05-10T16:34:59+00:00","dateModified":"2021-12-21T14:25:32+00:00","breadcrumb":{"@id":"https:\/\/www.siegfriedhagl.com\/merkwuerdige-geschichten\/fruhe-jahre-eines-genius\/#breadcrumb"},"inLanguage":"fr-FR","potentialAction":[{"@type":"ReadAction","target":["https:\/\/www.siegfriedhagl.com\/merkwuerdige-geschichten\/fruhe-jahre-eines-genius\/"]}]},{"@type":"BreadcrumbList","@id":"https:\/\/www.siegfriedhagl.com\/merkwuerdige-geschichten\/fruhe-jahre-eines-genius\/#breadcrumb","itemListElement":[{"@type":"ListItem","position":1,"name":"Startseite","item":"https:\/\/www.siegfriedhagl.com\/"},{"@type":"ListItem","position":2,"name":"Fr\u00fche Jahre eines Genius"}]},{"@type":"WebSite","@id":"https:\/\/www.siegfriedhagl.com\/#website","url":"https:\/\/www.siegfriedhagl.com\/","name":"SiegfriedHagl.com","description":"Article et blog de Siegfried Hagl","publisher":{"@id":"https:\/\/www.siegfriedhagl.com\/#\/schema\/person\/263c4a916fa13b3e7eda58f6c8c2695f"},"potentialAction":[{"@type":"SearchAction","target":{"@type":"EntryPoint","urlTemplate":"https:\/\/www.siegfriedhagl.com\/?s={search_term_string}"},"query-input":{"@type":"PropertyValueSpecification","valueRequired":true,"valueName":"search_term_string"}}],"inLanguage":"fr-FR"},{"@type":["Person","Organization"],"@id":"https:\/\/www.siegfriedhagl.com\/#\/schema\/person\/263c4a916fa13b3e7eda58f6c8c2695f","name":"siegfriedhagl","image":{"@type":"ImageObject","inLanguage":"fr-FR","@id":"https:\/\/secure.gravatar.com\/avatar\/45b010d0734a07d6fa163753be02d78684ff4128f419d6ee0a0370de54233f1c?s=96&d=mm&r=g","url":"https:\/\/secure.gravatar.com\/avatar\/45b010d0734a07d6fa163753be02d78684ff4128f419d6ee0a0370de54233f1c?s=96&d=mm&r=g","contentUrl":"https:\/\/secure.gravatar.com\/avatar\/45b010d0734a07d6fa163753be02d78684ff4128f419d6ee0a0370de54233f1c?s=96&d=mm&r=g","caption":"siegfriedhagl"},"logo":{"@id":"https:\/\/secure.gravatar.com\/avatar\/45b010d0734a07d6fa163753be02d78684ff4128f419d6ee0a0370de54233f1c?s=96&d=mm&r=g"},"sameAs":["http:\/\/www.hagl.net"]}]}},"_links":{"self":[{"href":"https:\/\/www.siegfriedhagl.com\/fr\/wp-json\/wp\/v2\/posts\/1098","targetHints":{"allow":["GET"]}}],"collection":[{"href":"https:\/\/www.siegfriedhagl.com\/fr\/wp-json\/wp\/v2\/posts"}],"about":[{"href":"https:\/\/www.siegfriedhagl.com\/fr\/wp-json\/wp\/v2\/types\/post"}],"author":[{"embeddable":true,"href":"https:\/\/www.siegfriedhagl.com\/fr\/wp-json\/wp\/v2\/users\/2"}],"replies":[{"embeddable":true,"href":"https:\/\/www.siegfriedhagl.com\/fr\/wp-json\/wp\/v2\/comments?post=1098"}],"version-history":[{"count":5,"href":"https:\/\/www.siegfriedhagl.com\/fr\/wp-json\/wp\/v2\/posts\/1098\/revisions"}],"predecessor-version":[{"id":8306,"href":"https:\/\/www.siegfriedhagl.com\/fr\/wp-json\/wp\/v2\/posts\/1098\/revisions\/8306"}],"wp:attachment":[{"href":"https:\/\/www.siegfriedhagl.com\/fr\/wp-json\/wp\/v2\/media?parent=1098"}],"wp:term":[{"taxonomy":"category","embeddable":true,"href":"https:\/\/www.siegfriedhagl.com\/fr\/wp-json\/wp\/v2\/categories?post=1098"},{"taxonomy":"post_tag","embeddable":true,"href":"https:\/\/www.siegfriedhagl.com\/fr\/wp-json\/wp\/v2\/tags?post=1098"}],"curies":[{"name":"wp","href":"https:\/\/api.w.org\/{rel}","templated":true}]}}