{"id":10565,"date":"2024-01-14T15:35:51","date_gmt":"2024-01-14T14:35:51","guid":{"rendered":"https:\/\/www.siegfriedhagl.com\/?p=10565"},"modified":"2024-06-24T10:44:57","modified_gmt":"2024-06-24T09:44:57","slug":"zwischen-erde-und-himmel","status":"publish","type":"post","link":"https:\/\/www.siegfriedhagl.com\/fr\/critiques-de-livres-et-de-films\/entre-terre-et-ciel\/","title":{"rendered":"Entre terre et ciel"},"content":{"rendered":"\n<p><strong>Rowohlt, Berlin, 1980, ISBN 978-3-7371-0089-4<\/strong> <\/p>\n\n\n\n<p>Dieses Buch bietet eine Art <strong>\u201e\u00d6kologische Gesamtgeschichte\u201c <\/strong>und ist eine Pflichtlekt\u00fcre f\u00fcr Jeden, der ernsthaft an \u00f6kologischen Problemen interessiert ist.<br>Anders, als in den \u00fcblichen historischen Schriften, steht hier die \u00d6kologie, stehen die vielfachen Wechselwirkungen zwischen Natur und menschlichem Handeln, aber auch die Abh\u00e4ngigkeit des Menschen von seiner Umwelt, im Mittelpunkt.<br>Dieses Werk beginnt in der Vorzeit und f\u00fchrt uns dann durch die Geschichte der menschlichen Zivilisationen auf allen bewohnten Kontinenten. Dabei zeigt sich, dass fast \u00fcberall, wo Menschen siedeln, seit Urzeiten in \u00e4hnlicher, gleichg\u00fctiger und r\u00fccksichtsloser Weise mit der Natur umgegangen wird. Ausnahmen finden sich nur vereinzelt bei wenigen Naturv\u00f6lkern.<br>&nbsp;Allerdings gibt es seit der Antike auch warnende Rufe vor der \u00dcbernutzung der nat\u00fcrlichen Ressourcen, die bis in die Gegenwart regelm\u00e4\u00dfig ungeh\u00f6rt verhallen.<br><strong>Naturkatastrophen<\/strong> (Epidemien, Erdbeben, Krankheiten, Seuchen, Sonnenaktivit\u00e4t, Tsunamis, Vulkanausbr\u00fcche, Wirbelst\u00fcrme), <strong>Klima<a id=\"_ednref1\" href=\"#_edn1\"><strong>[i]<\/strong><\/a><\/strong> (D\u00fcrre, Hitze, K\u00e4lte, Wassermangel) und <strong>Wetter<\/strong> (Niederschl\u00e4ge, St\u00fcrme, Trockenheit, \u00dcberschwemmungen, Unwetter, Wetterkapriolen), haben Entwicklungen entscheidend beeinflusst und z. B. den Aufstieg gro\u00dfer Reiche in g\u00fcnstigen Zeiten gef\u00f6rdert, oder in Katastrophenzeiten deren Zusammenbruch eingeleitet.<br>Dabei sind <strong>\u00f6kologische Katastrophen<\/strong> zum Teil auf <strong>menschliche Eingriffe<\/strong> (Bev\u00f6lkerungsexplosion<a id=\"_ednref2\" href=\"#_edn2\">[ii]<\/a>, Bodenversiegelung, Entwaldung, Flussbegradigungen, \u00dcbernutzung der Ackerfl\u00e4chen, Umweltverschmutzung und Zerst\u00f6rung, Versalzung usw.) zur\u00fcckzuf\u00fchren.<br><strong>W\u00e4rmere Epochen<\/strong> (wie die \u201eR\u00f6mische Warmzeit\u201c) mit ausreichend Regen, waren meist gl\u00fccklichere Zeiten. <strong>K\u00e4ltere<\/strong> <strong>Perioden<\/strong> (wie die \u201eKleine Eiszeit\u201c) brachten Missernten und Hungersnot, die regelm\u00e4\u00dfig auch die politischen Verh\u00e4ltnisse destabilisierten.<br>Das Ungl\u00fcck der einen Zivilisation bot dann nicht selten Chancen&nbsp; f\u00fcr Andere. <br>Nicht zu vergessen die <strong>Torheit der Regierenden<\/strong>, die k\u00fcnstliche Umweltkatastrophen geschaffen hat, z. B. in China oder der UDSSR. <\/p>\n\n\n\n<p>Heute machen wir uns meist noch immer zu wenig bewusst, dass alles h\u00f6here Leben auf unserer Erde von den lebensfreundlichen Bedingungen abh\u00e4ngt, die unser Planet seit vielen Millionen von Jahren bietet. Menschen belasten seit Jahrtausenden die lebenserhaltenden nat\u00fcrlichen Kreisl\u00e4ufe, die nun durch die nach wie vor exponentiell steigenden Lasten dem Zusammenbruch nahe kommen.<br>Sollten Naturkreisl\u00e4ufe<a id=\"_ednref3\" href=\"#_edn3\">[iii]<\/a> durch menschliche Unvernunft tats\u00e4chlich zusammenbrechen, wird es schwierig bis unm\u00f6glich sein, in absehbarer Zeit durch technische Ma\u00dfnahmen wieder ertr\u00e4gliche Verh\u00e4ltnisse herzustellen. <br>Oder muss die Natur selbst daf\u00fcr sorgen, dass der gef\u00e4hrlichste aller Parasiten (weitgehend) verschwindet?<\/p>\n\n\n\n<p>Das <strong>Fazi<\/strong>t des Buchverfassers lautet:<br>\u201eDie Arbeit an diesem Buch hat mich zahlreiche Lektionen gelehrt, wenn es darum ging, wie wir die Welt um uns herum in Begriffe fassen. Sie hat mich aber auch zu der Erkenntnis gebracht, dass der tiefere Grund, warum wir uns heute in einer so gef\u00e4hrlichen Lage befinden, verfestigte Trends sind, die tief in der Vergangenheit wurzeln. So weit unsere schriftlichen Quellen zur\u00fcckreichen, haben sich die Menschen stets um den richtigen Umgang mit der Natur gesorgt. Und sie haben auf die Gefahren einer \u00fcberm\u00e4\u00dfigen Ressourcenausbeutung und langfristige Umweltsch\u00e4den hingewiesen. Es k\u00f6nnte durchaus sein, dass wir jetzt an dem Punkt angekommen sind, wo wir endg\u00fcltig Opfer unseres eigenen Erfolgs als Spezies werden. Wom\u00f6glich hat der Dauerstress, in den wir unsere \u00d6kosysteme durch unser Verhalten versetzt haben, uns an den Kipppunkt \u2013 oder sogar schon dar\u00fcber hinaus \u2013 gebracht. Was wir allerdings nicht sagen k\u00f6nnen, ist, dass wir nicht gewarnt worden w\u00e4ren.\u201c<br>(Seite 47).<\/p>\n\n\n\n<p><strong>Lesen Sie dazu auch:<\/strong><br>Unter \u201eMerkw\u00fcrdige Geschichten\u201c:<br>\u201e<a href=\"https:\/\/www.siegfriedhagl.com\/merkwuerdige-geschichten\/als-krankheiten-geschichte-schrieben\/\">Als Krankheiten Geschichte schrieben<\/a>\u201c<br>Unter \u201e\u00d6kologie\u201c:<br>\u201e<a href=\"https:\/\/www.siegfriedhagl.com\/okologie\/der-kampf-um-das-blaue-lebenselixier\/\">Der Kampf um das blaue Lebenselixier<\/a>\u201c<br>\u201e<a href=\"https:\/\/www.siegfriedhagl.com\/okologie\/stolpern-wir-in-die-bevolkerungsfalle\/\">Warum wir in die Bev\u00f6lkerungsfall<\/a>e stolpern\u201c<br>\u201e<a href=\"https:\/\/www.siegfriedhagl.com\/okologie\/kommt-die-apokalypse-der-religionen\/\">Welche Apokalypse kommt?<\/a>\u201c<br>\u201e<a href=\"https:\/\/www.siegfriedhagl.com\/okologie\/wie-sehr-wir-unsere-erde-uberlasten-2\/\">Wie sehr wir unsere Erde \u00fcberlasten<\/a>\u201c<\/p>\n\n\n\n<p>In \u201eKurz, knapp, kurios\u201c:<br>Seite 110: \u201eWie das Klima Geschichte schreibt\u201c<br>Seite 232: \u201eWie ein Vulkan dem Fahrrad auf die Spr\u00fcnge half\u201c.<\/p>\n\n\n\n<hr class=\"wp-block-separator has-alpha-channel-opacity\"\/>\n\n\n\n<p><strong>Endnoten:<\/strong> <br><a id=\"_edn1\" href=\"#_ednref1\">[i]<\/a> <strong>\u201e<\/strong>Der Begriff <strong>Klima <\/strong>bezeichnet die Gesamtheit aller Wetterereignisse, die \u00fcber einen l\u00e4ngeren Zeitraum (Jahre oder Jahrzehnte) in einem gr\u00f6\u00dferen Gebiet stattfinden.\u201c (Wikipedia).<br>\u00c4ltere Definitionen sehen Im Klima \u201eDas durchschnittliche Wetter in einem Zeitraum von mindestens drei Jahrzehnten\u201c.<br><a id=\"_edn2\" href=\"#_ednref2\">[ii]<\/a> Die wichtigste Ursache \u2013 die allgemein verdr\u00e4ngt wird \u2013 f\u00fcr \u00f6kologische, \u00f6konomische und politische Katastrophen ist die l\u00e4ngst \u00fcber alle tragbaren Grenzen angewachsene \u00dcberv\u00f6lkerung. (Vgl. \u201e<a href=\"https:\/\/www.siegfriedhagl.com\/okologie\/eine-neue-wissenschaft\/\">Wie viel Mensch vertr\u00e4gt die Erde?<\/a>\u201c unter \u201e\u00d6kologie\u201c).<br>[iii] Kreislauf des Wassers, Sauerstoff-Kohlenstoffdioxid Kreislauf, N\u00e4hrstoffkreislauf in einem \u00d6kosystem usw.<\/p>\n\n\n\n<p><a href=\"#_ednref3\" id=\"_edn3\"><\/a>&nbsp;<\/p>\n","protected":false},"excerpt":{"rendered":"<p>Rowohlt, Berlin, 1980, ISBN 978-3-7371-0089-4 Dieses Buch bietet eine Art \u201e\u00d6kologische Gesamtgeschichte\u201c und ist eine Pflichtlekt\u00fcre f\u00fcr Jeden, der ernsthaft an \u00f6kologischen Problemen interessiert ist.Anders, als in den \u00fcblichen historischen Schriften, steht hier die \u00d6kologie, stehen die vielfachen Wechselwirkungen zwischen Natur und menschlichem Handeln, aber auch die Abh\u00e4ngigkeit des Menschen von seiner Umwelt, im Mittelpunkt.Dieses [&hellip;]<\/p>\n","protected":false},"author":2,"featured_media":0,"comment_status":"closed","ping_status":"open","sticky":false,"template":"templates\/template-full-width.php","format":"standard","meta":{"footnotes":""},"categories":[5],"tags":[],"class_list":["post-10565","post","type-post","status-publish","format-standard","hentry","category-buch-und-filmbesprechungen"],"yoast_head":"<!-- This site is optimized with the Yoast SEO plugin v27.5 - https:\/\/yoast.com\/product\/yoast-seo-wordpress\/ -->\n<title>Zwischen Erde und Himmel &#8211; SiegfriedHagl.com<\/title>\n<meta name=\"robots\" content=\"index, follow, max-snippet:-1, max-image-preview:large, max-video-preview:-1\" \/>\n<link rel=\"canonical\" href=\"https:\/\/www.siegfriedhagl.com\/fr\/critiques-de-livres-et-de-films\/entre-terre-et-ciel\/\" \/>\n<meta property=\"og:locale\" content=\"fr_FR\" \/>\n<meta property=\"og:type\" content=\"article\" \/>\n<meta property=\"og:title\" content=\"Zwischen Erde und Himmel &#8211; SiegfriedHagl.com\" \/>\n<meta property=\"og:description\" content=\"Rowohlt, Berlin, 1980, ISBN 978-3-7371-0089-4 Dieses Buch bietet eine Art \u201e\u00d6kologische Gesamtgeschichte\u201c und ist eine Pflichtlekt\u00fcre f\u00fcr Jeden, der ernsthaft an \u00f6kologischen Problemen interessiert ist.Anders, als in den \u00fcblichen historischen Schriften, steht hier die \u00d6kologie, stehen die vielfachen Wechselwirkungen zwischen Natur und menschlichem Handeln, aber auch die Abh\u00e4ngigkeit des Menschen von seiner Umwelt, im Mittelpunkt.Dieses [&hellip;]\" \/>\n<meta property=\"og:url\" content=\"https:\/\/www.siegfriedhagl.com\/fr\/critiques-de-livres-et-de-films\/entre-terre-et-ciel\/\" \/>\n<meta property=\"og:site_name\" content=\"SiegfriedHagl.com\" \/>\n<meta property=\"article:published_time\" content=\"2024-01-14T14:35:51+00:00\" \/>\n<meta property=\"article:modified_time\" content=\"2024-06-24T09:44:57+00:00\" \/>\n<meta name=\"author\" content=\"siegfriedhagl\" \/>\n<meta name=\"twitter:card\" content=\"summary_large_image\" \/>\n<meta name=\"twitter:label1\" content=\"\u00c9crit par\" \/>\n\t<meta name=\"twitter:data1\" content=\"siegfriedhagl\" \/>\n\t<meta name=\"twitter:label2\" content=\"Dur\u00e9e de lecture estim\u00e9e\" \/>\n\t<meta name=\"twitter:data2\" content=\"4 minutes\" \/>\n<script type=\"application\/ld+json\" class=\"yoast-schema-graph\">{\"@context\":\"https:\\\/\\\/schema.org\",\"@graph\":[{\"@type\":\"Article\",\"@id\":\"https:\\\/\\\/www.siegfriedhagl.com\\\/buch-und-filmbesprechungen\\\/zwischen-erde-und-himmel\\\/#article\",\"isPartOf\":{\"@id\":\"https:\\\/\\\/www.siegfriedhagl.com\\\/buch-und-filmbesprechungen\\\/zwischen-erde-und-himmel\\\/\"},\"author\":{\"name\":\"siegfriedhagl\",\"@id\":\"https:\\\/\\\/www.siegfriedhagl.com\\\/#\\\/schema\\\/person\\\/263c4a916fa13b3e7eda58f6c8c2695f\"},\"headline\":\"Zwischen Erde und Himmel\",\"datePublished\":\"2024-01-14T14:35:51+00:00\",\"dateModified\":\"2024-06-24T09:44:57+00:00\",\"mainEntityOfPage\":{\"@id\":\"https:\\\/\\\/www.siegfriedhagl.com\\\/buch-und-filmbesprechungen\\\/zwischen-erde-und-himmel\\\/\"},\"wordCount\":713,\"publisher\":{\"@id\":\"https:\\\/\\\/www.siegfriedhagl.com\\\/#\\\/schema\\\/person\\\/263c4a916fa13b3e7eda58f6c8c2695f\"},\"articleSection\":[\"Buch- und Filmbesprechungen\"],\"inLanguage\":\"fr-FR\"},{\"@type\":\"WebPage\",\"@id\":\"https:\\\/\\\/www.siegfriedhagl.com\\\/buch-und-filmbesprechungen\\\/zwischen-erde-und-himmel\\\/\",\"url\":\"https:\\\/\\\/www.siegfriedhagl.com\\\/buch-und-filmbesprechungen\\\/zwischen-erde-und-himmel\\\/\",\"name\":\"Zwischen Erde und Himmel &#8211; SiegfriedHagl.com\",\"isPartOf\":{\"@id\":\"https:\\\/\\\/www.siegfriedhagl.com\\\/#website\"},\"datePublished\":\"2024-01-14T14:35:51+00:00\",\"dateModified\":\"2024-06-24T09:44:57+00:00\",\"breadcrumb\":{\"@id\":\"https:\\\/\\\/www.siegfriedhagl.com\\\/buch-und-filmbesprechungen\\\/zwischen-erde-und-himmel\\\/#breadcrumb\"},\"inLanguage\":\"fr-FR\",\"potentialAction\":[{\"@type\":\"ReadAction\",\"target\":[\"https:\\\/\\\/www.siegfriedhagl.com\\\/buch-und-filmbesprechungen\\\/zwischen-erde-und-himmel\\\/\"]}]},{\"@type\":\"BreadcrumbList\",\"@id\":\"https:\\\/\\\/www.siegfriedhagl.com\\\/buch-und-filmbesprechungen\\\/zwischen-erde-und-himmel\\\/#breadcrumb\",\"itemListElement\":[{\"@type\":\"ListItem\",\"position\":1,\"name\":\"Startseite\",\"item\":\"https:\\\/\\\/www.siegfriedhagl.com\\\/\"},{\"@type\":\"ListItem\",\"position\":2,\"name\":\"Zwischen Erde und Himmel\"}]},{\"@type\":\"WebSite\",\"@id\":\"https:\\\/\\\/www.siegfriedhagl.com\\\/#website\",\"url\":\"https:\\\/\\\/www.siegfriedhagl.com\\\/\",\"name\":\"SiegfriedHagl.com\",\"description\":\"Artikel und Blog von Siegfried Hagl\",\"publisher\":{\"@id\":\"https:\\\/\\\/www.siegfriedhagl.com\\\/#\\\/schema\\\/person\\\/263c4a916fa13b3e7eda58f6c8c2695f\"},\"potentialAction\":[{\"@type\":\"SearchAction\",\"target\":{\"@type\":\"EntryPoint\",\"urlTemplate\":\"https:\\\/\\\/www.siegfriedhagl.com\\\/?s={search_term_string}\"},\"query-input\":{\"@type\":\"PropertyValueSpecification\",\"valueRequired\":true,\"valueName\":\"search_term_string\"}}],\"inLanguage\":\"fr-FR\"},{\"@type\":[\"Person\",\"Organization\"],\"@id\":\"https:\\\/\\\/www.siegfriedhagl.com\\\/#\\\/schema\\\/person\\\/263c4a916fa13b3e7eda58f6c8c2695f\",\"name\":\"siegfriedhagl\",\"image\":{\"@type\":\"ImageObject\",\"inLanguage\":\"fr-FR\",\"@id\":\"https:\\\/\\\/secure.gravatar.com\\\/avatar\\\/45b010d0734a07d6fa163753be02d78684ff4128f419d6ee0a0370de54233f1c?s=96&d=mm&r=g\",\"url\":\"https:\\\/\\\/secure.gravatar.com\\\/avatar\\\/45b010d0734a07d6fa163753be02d78684ff4128f419d6ee0a0370de54233f1c?s=96&d=mm&r=g\",\"contentUrl\":\"https:\\\/\\\/secure.gravatar.com\\\/avatar\\\/45b010d0734a07d6fa163753be02d78684ff4128f419d6ee0a0370de54233f1c?s=96&d=mm&r=g\",\"caption\":\"siegfriedhagl\"},\"logo\":{\"@id\":\"https:\\\/\\\/secure.gravatar.com\\\/avatar\\\/45b010d0734a07d6fa163753be02d78684ff4128f419d6ee0a0370de54233f1c?s=96&d=mm&r=g\"},\"sameAs\":[\"http:\\\/\\\/www.hagl.net\"]}]}<\/script>\n<!-- \/ Yoast SEO plugin. -->","yoast_head_json":{"title":"Entre terre et ciel - SiegfriedHagl.com","robots":{"index":"index","follow":"follow","max-snippet":"max-snippet:-1","max-image-preview":"max-image-preview:large","max-video-preview":"max-video-preview:-1"},"canonical":"https:\/\/www.siegfriedhagl.com\/fr\/critiques-de-livres-et-de-films\/entre-terre-et-ciel\/","og_locale":"fr_FR","og_type":"article","og_title":"Zwischen Erde und Himmel &#8211; SiegfriedHagl.com","og_description":"Rowohlt, Berlin, 1980, ISBN 978-3-7371-0089-4 Dieses Buch bietet eine Art \u201e\u00d6kologische Gesamtgeschichte\u201c und ist eine Pflichtlekt\u00fcre f\u00fcr Jeden, der ernsthaft an \u00f6kologischen Problemen interessiert ist.Anders, als in den \u00fcblichen historischen Schriften, steht hier die \u00d6kologie, stehen die vielfachen Wechselwirkungen zwischen Natur und menschlichem Handeln, aber auch die Abh\u00e4ngigkeit des Menschen von seiner Umwelt, im Mittelpunkt.Dieses [&hellip;]","og_url":"https:\/\/www.siegfriedhagl.com\/fr\/critiques-de-livres-et-de-films\/entre-terre-et-ciel\/","og_site_name":"SiegfriedHagl.com","article_published_time":"2024-01-14T14:35:51+00:00","article_modified_time":"2024-06-24T09:44:57+00:00","author":"siegfriedhagl","twitter_card":"summary_large_image","twitter_misc":{"\u00c9crit par":"siegfriedhagl","Dur\u00e9e de lecture estim\u00e9e":"4 minutes"},"schema":{"@context":"https:\/\/schema.org","@graph":[{"@type":"Article","@id":"https:\/\/www.siegfriedhagl.com\/buch-und-filmbesprechungen\/zwischen-erde-und-himmel\/#article","isPartOf":{"@id":"https:\/\/www.siegfriedhagl.com\/buch-und-filmbesprechungen\/zwischen-erde-und-himmel\/"},"author":{"name":"siegfriedhagl","@id":"https:\/\/www.siegfriedhagl.com\/#\/schema\/person\/263c4a916fa13b3e7eda58f6c8c2695f"},"headline":"Zwischen Erde und Himmel","datePublished":"2024-01-14T14:35:51+00:00","dateModified":"2024-06-24T09:44:57+00:00","mainEntityOfPage":{"@id":"https:\/\/www.siegfriedhagl.com\/buch-und-filmbesprechungen\/zwischen-erde-und-himmel\/"},"wordCount":713,"publisher":{"@id":"https:\/\/www.siegfriedhagl.com\/#\/schema\/person\/263c4a916fa13b3e7eda58f6c8c2695f"},"articleSection":["Buch- und Filmbesprechungen"],"inLanguage":"fr-FR"},{"@type":"WebPage","@id":"https:\/\/www.siegfriedhagl.com\/buch-und-filmbesprechungen\/zwischen-erde-und-himmel\/","url":"https:\/\/www.siegfriedhagl.com\/buch-und-filmbesprechungen\/zwischen-erde-und-himmel\/","name":"Entre terre et ciel - SiegfriedHagl.com","isPartOf":{"@id":"https:\/\/www.siegfriedhagl.com\/#website"},"datePublished":"2024-01-14T14:35:51+00:00","dateModified":"2024-06-24T09:44:57+00:00","breadcrumb":{"@id":"https:\/\/www.siegfriedhagl.com\/buch-und-filmbesprechungen\/zwischen-erde-und-himmel\/#breadcrumb"},"inLanguage":"fr-FR","potentialAction":[{"@type":"ReadAction","target":["https:\/\/www.siegfriedhagl.com\/buch-und-filmbesprechungen\/zwischen-erde-und-himmel\/"]}]},{"@type":"BreadcrumbList","@id":"https:\/\/www.siegfriedhagl.com\/buch-und-filmbesprechungen\/zwischen-erde-und-himmel\/#breadcrumb","itemListElement":[{"@type":"ListItem","position":1,"name":"Startseite","item":"https:\/\/www.siegfriedhagl.com\/"},{"@type":"ListItem","position":2,"name":"Zwischen Erde und Himmel"}]},{"@type":"WebSite","@id":"https:\/\/www.siegfriedhagl.com\/#website","url":"https:\/\/www.siegfriedhagl.com\/","name":"SiegfriedHagl.com","description":"Article et blog de Siegfried Hagl","publisher":{"@id":"https:\/\/www.siegfriedhagl.com\/#\/schema\/person\/263c4a916fa13b3e7eda58f6c8c2695f"},"potentialAction":[{"@type":"SearchAction","target":{"@type":"EntryPoint","urlTemplate":"https:\/\/www.siegfriedhagl.com\/?s={search_term_string}"},"query-input":{"@type":"PropertyValueSpecification","valueRequired":true,"valueName":"search_term_string"}}],"inLanguage":"fr-FR"},{"@type":["Person","Organization"],"@id":"https:\/\/www.siegfriedhagl.com\/#\/schema\/person\/263c4a916fa13b3e7eda58f6c8c2695f","name":"siegfriedhagl","image":{"@type":"ImageObject","inLanguage":"fr-FR","@id":"https:\/\/secure.gravatar.com\/avatar\/45b010d0734a07d6fa163753be02d78684ff4128f419d6ee0a0370de54233f1c?s=96&d=mm&r=g","url":"https:\/\/secure.gravatar.com\/avatar\/45b010d0734a07d6fa163753be02d78684ff4128f419d6ee0a0370de54233f1c?s=96&d=mm&r=g","contentUrl":"https:\/\/secure.gravatar.com\/avatar\/45b010d0734a07d6fa163753be02d78684ff4128f419d6ee0a0370de54233f1c?s=96&d=mm&r=g","caption":"siegfriedhagl"},"logo":{"@id":"https:\/\/secure.gravatar.com\/avatar\/45b010d0734a07d6fa163753be02d78684ff4128f419d6ee0a0370de54233f1c?s=96&d=mm&r=g"},"sameAs":["http:\/\/www.hagl.net"]}]}},"_links":{"self":[{"href":"https:\/\/www.siegfriedhagl.com\/fr\/wp-json\/wp\/v2\/posts\/10565","targetHints":{"allow":["GET"]}}],"collection":[{"href":"https:\/\/www.siegfriedhagl.com\/fr\/wp-json\/wp\/v2\/posts"}],"about":[{"href":"https:\/\/www.siegfriedhagl.com\/fr\/wp-json\/wp\/v2\/types\/post"}],"author":[{"embeddable":true,"href":"https:\/\/www.siegfriedhagl.com\/fr\/wp-json\/wp\/v2\/users\/2"}],"replies":[{"embeddable":true,"href":"https:\/\/www.siegfriedhagl.com\/fr\/wp-json\/wp\/v2\/comments?post=10565"}],"version-history":[{"count":15,"href":"https:\/\/www.siegfriedhagl.com\/fr\/wp-json\/wp\/v2\/posts\/10565\/revisions"}],"predecessor-version":[{"id":10839,"href":"https:\/\/www.siegfriedhagl.com\/fr\/wp-json\/wp\/v2\/posts\/10565\/revisions\/10839"}],"wp:attachment":[{"href":"https:\/\/www.siegfriedhagl.com\/fr\/wp-json\/wp\/v2\/media?parent=10565"}],"wp:term":[{"taxonomy":"category","embeddable":true,"href":"https:\/\/www.siegfriedhagl.com\/fr\/wp-json\/wp\/v2\/categories?post=10565"},{"taxonomy":"post_tag","embeddable":true,"href":"https:\/\/www.siegfriedhagl.com\/fr\/wp-json\/wp\/v2\/tags?post=10565"}],"curies":[{"name":"wp","href":"https:\/\/api.w.org\/{rel}","templated":true}]}}