{"id":9874,"date":"2023-03-06T09:52:09","date_gmt":"2023-03-06T08:52:09","guid":{"rendered":"https:\/\/www.siegfriedhagl.com\/?p=9874"},"modified":"2026-03-08T12:36:28","modified_gmt":"2026-03-08T11:36:28","slug":"die-ersten-schritte-in-der-anderswelt","status":"publish","type":"post","link":"https:\/\/www.siegfriedhagl.com\/es\/historia-religiosa\/los-primeros-pasos-en-el-otro-mundo\/","title":{"rendered":"<strong><u>Los primeros pasos en el Otro Mundo<\/u><\/strong>"},"content":{"rendered":"<p>En <a href=\"https:\/\/www.siegfriedhagl.com\/es\/economia-y-social\/todo-era-mejor-antes\/\">&quot;Todo era mejor antes&quot;<\/a> Bajo el t\u00edtulo \"No s\u00f3lo de pan vive el hombre\", se aborda brevemente el camino del esp\u00edritu humano en la postcreaci\u00f3n.<br>Ahora, siguiendo el Mensaje del Grial \"A la Luz de la Verdad\" de Abd-ru-shin (1), veamos los primeros pasos que da una persona tras fallecer. <\/p>\n\n\n\n<p><strong>Un ser humano est\u00e1 muriendo...<\/strong> <\/p>\n\n\n\n<p>Debe permit\u00edrsele fallecer en paz, sin interferencias de familiares que lloren en voz alta. En las culturas antiguas, no se deb\u00eda tocar el cuerpo del moribundo en las \u00faltimas horas.<\/p>\n\n\n\n<p>Cuando el coraz\u00f3n deja de latir y el cerebro cesa su actividad, comienza el desprendimiento del \"alma\" (nos ce\u00f1imos a este t\u00e9rmino familiar) del cuerpo terrenal. Pues la muerte terrenal no es otra cosa que el desprendimiento de las envolturas exteriores.<br>Dependiendo de la convicci\u00f3n interior de la persona, esta soluci\u00f3n puede llevar m\u00e1s o menos tiempo. Quienes est\u00e1n en sinton\u00eda con el m\u00e1s all\u00e1 y una vida continuada tras la muerte en la Tierra pueden necesitar s\u00f3lo horas. Las personas que han rechazado todo lo trascendente y se han centrado por completo en lo terrenal pueden necesitar d\u00edas o semanas hasta que puedan desapegarse y llegar lentamente a la conciencia de que, aunque hayan muerto terrenalmente, siguen vivas. <\/p>\n\n\n\n<p>Wenn sich die Seele von dem Erdenk\u00f6rper (der H\u00fclle der Groben Grobstofflichkeit) l\u00f6st, wird eine H\u00fclle der Mittleren Grobstofflichkeit (Esoteriker sprechen vom \u201eAstralk\u00f6rper\u201c oder auch vom &#8222;Schatten&#8220;) mit herausgezogen, aber nicht sehr weit mitgenommen. Diese H\u00fclle zerf\u00e4llt, und ihr folgt der Zerfall des Erdenk\u00f6rpers, mit dem sie eng verbunden war.<br>En un principio, el alma y el cuerpo siguen unidos por el \"cord\u00f3n de plata\" (ya conocido en la Biblia; Eclesiast\u00e9s 12:6), una banda de radiaci\u00f3n muy el\u00e1stica. Si este cord\u00f3n de conexi\u00f3n se rompe, deja de haber conexi\u00f3n entre el alma y el cuerpo terrenal. S\u00f3lo entonces el alma ya no siente nada del cuerpo, y una recuperaci\u00f3n, una reanimaci\u00f3n, ya no es posible tras la ruptura del cord\u00f3n de plata, ni siquiera con poder divino (como lo tuvo Jes\u00fas).<\/p>\n\n\n\n<p>En las primeras horas despu\u00e9s de la muerte, casi todas las almas humanas siguen sintiendo, de forma atenuada, lo que le ocurre a su cuerpo. Cuando un m\u00e9dico de trasplantes extrae \u00f3rganos, esto puede seguir siendo doloroso para el difunto, que con suerte no se arrepiente de haber dado su consentimiento a la extracci\u00f3n de \u00f3rganos en su ignorante voluntad de ayudar. La cremaci\u00f3n tambi\u00e9n puede ser desagradable para los materialistas convencidos que siguen apegados a su cuerpo terrenal durante mucho tiempo.<\/p>\n\n\n\n<p><strong>El alma vaga...<\/strong><\/p>\n\n\n\n<p>Despu\u00e9s de la disoluci\u00f3n, el alma todav\u00eda lleva inicialmente cinco envolturas, como la envoltura m\u00e1s externa una envoltura de materialidad fina gruesa, que debe desechar antes de poder entrar en la materialidad fina.<\/p>\n\n\n\n<p>Ahora tenemos que ver qu\u00e9 cargas est\u00e1n unidas al alma:<br>Durante su vida, sus <strong>Act\u00faa<\/strong> se manifestaban principalmente terrenales. Pero los hechos iban acompa\u00f1ados de palabras, pensamientos y sensaciones que tomaban forma en el espacio trascendente.<br><strong>palabras<\/strong> formado en el Medio, el <strong>Pensamientos<\/strong> en la materialidad fina gruesa, y la <strong>Sensaciones<\/strong> en la sutileza.<\/p>\n\n\n\n<p>Las palabras y los pensamientos forman los lugares y los planos del Medio y de la Materia Gruesa Fina en los que el alma debe moverse antes de poder entrar en la Materia Fina.<br>Puede que el alma necesite tiempo para vivir libremente, es decir, para darse cuenta de que todas esas cosas terrenales no tienen el valor ni la importancia que les ha atribuido. <br>A cambio, tiene que darse cuenta -a veces dolorosamente- de que ha pasado por alto o incluso no se ha dado cuenta de muchas cosas realmente importantes. <br>\u00bfCon qu\u00e9 frecuencia, durante su vida terrenal, pensaba en el m\u00e1s all\u00e1 y se preguntaba qu\u00e9 ocurrir\u00eda tras su muerte en la Tierra? \u00bfSe preparaba interiormente para la inevitable entrada en el otro mundo? <br>\u00bfSe ha despertado ya en su existencia terrenal el esp\u00edritu, el ser humano real que puede alcanzar la existencia eterna, y ha podido superar las ataduras intelectuales a la materia bruta?<br>Ahora el alma probablemente tenga que ponerse al d\u00eda antes de poder seguir adelante. <br>S\u00f3lo cuando -siguiendo la ley del equilibrio- se sueltan todos los hilos inhibidores del destino que encadenan el alma a la materia gruesa, el alma puede desprenderse de la envoltura de materia gruesa fina y entrar en la materia fina.<\/p>\n\n\n\n<p>Manche, besonders \u00fcberzeugte Materialisten, also wohl die Mehrzahl der Seelen, bleiben \u201eerdgebunden\u201c &#8211; also an die Grobstofflichkeit gebunden &#8211; und werden vielleicht bald wieder auf der Erde inkarniert.<\/p>\n\n\n\n<p>En el mejor de los casos, un clarividente o \"investigador de esp\u00edritus\" tambi\u00e9n puede llegar a este punto por s\u00ed mismo. Los que est\u00e1n dotados para ello s\u00f3lo pueden enterarse de los niveles superiores a trav\u00e9s de anuncios especiales, a menos que un esp\u00edritu humano se haya desarrollado hasta tal punto que pueda recibir visi\u00f3n espiritual.<\/p>\n\n\n\n<p><strong>Por \u00faltimo, en el sutil<\/strong><\/p>\n\n\n\n<p>Aqu\u00ed se han condensado formas de sensaci\u00f3n m\u00e1s poderosas que las correspondientes condensaciones en la materia bruta.<\/p>\n\n\n\n<p>El camino del alma conduce ahora a trav\u00e9s de los niveles con los que est\u00e1 conectada y por los que debe pasar: Amistoso y no amistoso.<br>&nbsp;Paso a paso, o nivel a nivel, el alma - espoleada por el anhelo de su esp\u00edritu por su hogar de luz, el reino espiritual - debe progresar hacia arriba de ahora en adelante. Al hacerlo, debe experimentar lo que ha querido en sus sentimientos. Es de esperar que predominen las sensaciones de luz que conducen hacia arriba.<\/p>\n\n\n\n<p>S\u00f3lo unas pocas almas son tan puras que pueden atravesar niveles l\u00fagubres, apagados u oscuros completamente libres de cargas y entrar inmediatamente en niveles m\u00e1s luminosos, que en la antig\u00fcedad se llamaban, por ejemplo, \"El\u00edseo\". (El \"reino espiritual\", nuestro verdadero hogar, no se conoc\u00eda en la antig\u00fcedad). Desgraciadamente, los sacerdotes monote\u00edstas suprimieron estos antiguos conocimientos y no quieren saber nada de los inmensos mundos que hay entre Dios y la burda creaci\u00f3n material en la que nos encontramos. En su lugar, amenazan a sus creyentes con el infierno, que parece estar m\u00e1s cerca de esos sacerdotes ignorantes que los niveles m\u00e1s brillantes de la otra vida.<\/p>\n\n\n\n<p>Dos leyes de la creaci\u00f3n en particular tienen efecto sobre las envolturas materiales de las almas, tanto en la materialidad gruesa como en la fina:<\/p>\n\n\n\n<p><strong><em>La ley de la gravedad<\/em><\/strong><em>:<\/em><br>Esto es especialmente eficaz en la materialidad. Seg\u00fan su naturaleza, el alma flota hacia arriba, hacia zonas algo m\u00e1s luminosas, o se hunde hacia abajo, hacia niveles oscuros. Las almas de la misma gravedad aterrizan en planos de la misma altura o densidad.<br>Por \"pesadez\" se entiende la condici\u00f3n del alma. \u00bfEst\u00e1 rodeada de sensaciones oscuras, \"pesadas\", o de sensaciones claras, \"ligeras\", o cargada de karma o de colgaduras que hay que quitar?<br>En una representaci\u00f3n simb\u00f3lica, los antiguos egipcios ten\u00edan el \"coraz\u00f3n\" del difunto acunado por deidades. No estaban del todo equivocados. Porque por \"coraz\u00f3n\" probablemente entend\u00edan el plexo solar, a trav\u00e9s del cual nos habla la sensaci\u00f3n del esp\u00edritu y, por tanto, en \u00faltima instancia, la vida interior, que es lo que importa en primer lugar. Y las \"deidades\" de los egipcios representaban el funcionamiento de las leyes de la creaci\u00f3n. <\/p>\n\n\n\n<p><strong><em>La ley de atracci\u00f3n de los semejantes<\/em>:<br><\/strong>Al mismo tiempo, esta ley tambi\u00e9n funciona y re\u00fane a las almas semejantes en los niveles correspondientes.<br>Sobre todo, las pendientes tambi\u00e9n tienen un efecto de atracci\u00f3n: alcoh\u00f3licos, fan\u00e1ticos, gourmets, avaros, violentos, odiadores, fumadores, drogadictos, man\u00edacos sexuales, lud\u00f3patas, aficionados al deporte, gente enfadada, etc. se juntan y se hacen las cosas m\u00e1s o menos dif\u00edciles.<br>En niveles m\u00e1s profundos, las cosas pueden ponerse muy desagradables. Aqu\u00ed, por ejemplo, unos matones salvajes se encuentran y luchan hasta caer exhaustos, para volver a empezar tras una pausa de recuperaci\u00f3n.<br>Las almas de las oscuras tierras bajas pueden tardar en darse cuenta de que no han aterrizado en el para\u00edso prometido por las iglesias.<\/p>\n\n\n\n<p>El intelecto, al que hemos hecho caso casi exclusivamente en la Tierra, con \u00e9l el sentimiento y sus conocimientos aprendidos, se han ido con el cerebro. Ahora faltan algunas inhibiciones de la mente, as\u00ed como sus an\u00e1lisis de situaci\u00f3n.<\/p>\n\n\n\n<p>Las almas vibran completamente en las sensaciones descuidadas en la tierra y viven sus sensaciones desinhibidamente. Si un alma se deja embargar por sensaciones negativas, cae en un nivel m\u00e1s profundo - seg\u00fan la pesadez correspondiente y su clase. En el proceso, su horizonte tambi\u00e9n se estrecha. El camino de vuelta puede entonces costar fuerza y tiempo. Incluso existe el peligro de que siga descendiendo.<\/p>\n\n\n\n<p>Si un alma despierta la realizaci\u00f3n, el profundo deseo de mejora y reparaci\u00f3n, y la humilde petici\u00f3n de ayuda, esta alma tambi\u00e9n puede ser conducida fuera de un nivel oscuro. Entonces entra en un entorno algo m\u00e1s ligero en el que puede seguir aprendiendo y reparando para reencarnarse finalmente en la Tierra. Este puede ser un camino largo y dif\u00edcil y el tiempo puede ser corto. Contrariamente a lo que ense\u00f1an los budistas, no disponemos del infinito, sino de un tiempo limitado, que ya se ha vuelto escaso.<\/p>\n\n\n\n<p>El karma no surge para las almas cuando viven sus inclinaciones en planos inferiores. Pues s\u00f3lo da\u00f1an a los de su misma clase, se dejan experimentar el mal de su voluntad inferior para llegar a una mejor comprensi\u00f3n.<\/p>\n\n\n\n<p>Un nivel amplio podr\u00eda ser el futbol\u00edstico, donde jugadores y aficionados dan rienda suelta a su pasi\u00f3n sin restricciones. Si no est\u00e1n muy cargados de karma, pueden encontrarlo todo bastante entretenido. Al fin y al cabo, no saben que s\u00f3lo est\u00e1n perdiendo un tiempo que, con suerte, no echar\u00e1n de menos en el futuro.<br>En las materialidades m\u00e1s m\u00f3viles y finas, muchas cosas suceden m\u00e1s deprisa que en la Tierra, y los equipos de f\u00fatbol de all\u00ed vencer\u00edan f\u00e1cilmente a los campeones del mundo terrestres, si ambos mundos pudieran encontrarse.<\/p>\n\n\n\n<p>Personalmente, no me librar\u00e9 de tener que pasar por el nivel de esgrimista. No puedo permitir que me retengan ah\u00ed. Ni siquiera cuando me re\u00fano con viejos amigos y compa\u00f1eros y la esgrima es m\u00e1s r\u00e1pida y elegante de lo que jam\u00e1s he experimentado en la tierra.<\/p>\n\n\n\n<p>Pero tambi\u00e9n las almas de luz que se esfuerzan se encuentran en los niveles que corresponden a su voluntad y a su especie. Se animan y se ayudan mutuamente a trabajar en las purificaciones que a\u00fan les quedan por hacer.<\/p>\n\n\n\n<p>Estos niveles trascendentales de materia gruesa y sutil consisten en paisajes:<br>Monta\u00f1as, r\u00edos, mares, lagos, valles, bosques, praderas, etc.; pero tambi\u00e9n pueblos y ciudades de diversa \u00edndole. Brillantes y amistosos en las llanuras m\u00e1s claras, repulsivos y feos en las oscuras tierras bajas a las que uno espera no verse arrastrado.<br>En niveles inferiores, puedes acabar en desiertos de arena o roca medio oscuros o completamente oscuros. Entonces a\u00fan est\u00e1s mejor que las almas que est\u00e1n hasta el pecho de barro que ha surgido de feas formas de pensamiento o sentimiento creadas por ellos mismos y otros como ellos. Trabajar para salir de ah\u00ed abajo puede llevar tiempo, puede ser dif\u00edcil y el tiempo puede ser corto.<br>Por no hablar del destino de los esp\u00edritus humanos que han contra\u00eddo una deuda especialmente pesada, han perjudicado gravemente a muchos otros y, en consecuencia, tienen mucho que compensar.<\/p>\n\n\n\n<p>Muchos se dan cuenta demasiado tarde del significado de la palabra de Abd-ru-shin:<br><em>\"Mant\u00e9n puros el coraz\u00f3n de tu voluntad y tus pensamientos. Crear\u00e1s paz y ser\u00e1s feliz\".<\/em><\/p>\n\n\n\n<p>La educaci\u00f3n terrenal, los t\u00edtulos, los m\u00e9ritos, los reconocimientos y los premios, al igual que los dogmas de las religiones o denominaciones terrenales, han perdido en gran medida su significado en el m\u00e1s all\u00e1. Ninguna comunidad religiosa reconocida resuena plenamente con la voluntad de Dios y puede garantizar a sus profesores un ascenso seguro en el m\u00e1s all\u00e1.<br>Sin embargo, las ideas err\u00f3neas materialistas profundamente interiorizadas y las herej\u00edas esot\u00e9ricas o religiosas en la Tierra pueden seguir pesando sobre el alma en la otra vida y dificultar mucho su ascensi\u00f3n.<br>Muy pocos predicadores y sacerdotes parecen darse cuenta de la responsabilidad que asumen cuando transmiten herej\u00edas milenarias de generaci\u00f3n en generaci\u00f3n.<\/p>\n\n\n\n<p>Como ya se ha dicho, lo que cuenta all\u00ed es lo verdadero, s\u00f3lo la cualidad interior, que se revela inevitablemente en el tejido de las leyes de la creaci\u00f3n. Y las fuerzas creadoras todopoderosas se encargan del equilibrio legal. Cada alma encuentra su interacci\u00f3n m\u00e1s finamente pesada seg\u00fan su verdadera voluntad y sus actos - ya aqu\u00ed en la tierra, en la fina materialidad gruesa, o en el fino mundo material.<\/p>\n\n\n\n<p><strong>El camino del esp\u00edritu humano a trav\u00e9s del m\u00e1s all\u00e1<\/strong><\/p>\n\n\n\n<p>Como ya se indic\u00f3 en \"Todo sol\u00eda ser mejor\", el germen espiritual inconsciente que emana del reino espiritual debe viajar a trav\u00e9s de la postcreaci\u00f3n (materia fina y gruesa) para desarrollarse en un esp\u00edritu maduro y plenamente consciente. De acuerdo con las leyes de la creaci\u00f3n, debe experimentar la creaci\u00f3n material para comprenderla. De este modo, pasa de lo inconsciente a lo consciente y autoconsciente.<br>Durante esta migraci\u00f3n mundial, el esp\u00edritu, es decir, el ser humano real, lleva un total de siete caparazones en la Tierra, que tuvo que ponerse uno tras otro como medio para alcanzar un fin. Cada una de estas envolturas equivale a un cuerpo. Cada caparaz\u00f3n ofrece al alma (el esp\u00edritu con caparaz\u00f3n) protecci\u00f3n en los respectivos niveles de postcreaci\u00f3n y le permite trabajar hacia el exterior. A medida que asciende, el alma se desprende de estas envolturas una a una.<\/p>\n\n\n\n<p>Originalmente, se supon\u00eda que era una caminata variada y alegre con impresiones constantemente nuevas: Comenzando como un germen espiritual inconsciente en el anillo de esencia, luego a trav\u00e9s de la materia fina, media y gruesa fina, as\u00ed como la materia fina y media gruesa hasta la luz de materia gruesa gruesa de nuestra tierra como punto final y de inflexi\u00f3n.<\/p>\n\n\n\n<p><strong><em>La tierra es algo especial:<\/em><\/strong><br>En nuestra burda tierra material -protegida por el cuerpo terrestre como la m\u00e1s externa y densa de las siete envolturas- pueden encontrarse esp\u00edritus humanos de grados de madurez muy diferentes, que en otros planos tendr\u00edan que permanecer estrictamente separados por las leyes de la gravedad y la uniformidad.\u00a0<br>As\u00ed, seres creados o primordiales de planos superiores, incluso hijos de Dios, tambi\u00e9n pueden encarnarse para ofrecer ejemplo y ayuda a los esp\u00edritus humanos en evoluci\u00f3n como pathfinders, profetas o emisarios de luz.<br>Estas diferencias en el esp\u00edritu de las personas terrenales deben aportar una experiencia especial con fuertes impulsos de desarrollo para el ascenso. El alma debe volver de la tierra, como punto m\u00e1s bajo del viaje del alma, al reino espiritual. <br>Die Erdenmenschen sind also sehr verschieden und alle Versuche k\u00fcnstlicher Gleichmacherei m\u00fcssen an Sch\u00f6pfungstatschaden scheitern.<\/p>\n\n\n\n<p>Dunklere Ebenen, landl\u00e4ufig als \u201eFegefeuer\u201c oder \u201eH\u00f6lle\u201c bezeichnet, die tiefer liegen als unser Erdenplan, muss ein Menschengeist zu seiner Reifung nicht kennen lernen. Da hinein geraten kann man schnell, z. B. durch hartn\u00e4ckige&nbsp;B\u00f6swilligkeit. Der Weg zur\u00fcck,&nbsp;der entsprechend dem Gesetz des Ausgleichs Gutmachung fordert, wird aber zeitraubend und m\u00fchsam werden.<\/p>\n\n\n\n<p>Um gleich einem verbreiteten Missverst\u00e4ndnis vorzubeugen: <strong><em>Alles \u00dcble, auch die H\u00f6lle, ist ein Werk der Menschen. Von Gott geht nur Gutes aus; Liebe und F\u00f6rderung.<\/em><\/strong><\/p>\n\n\n\n<p><strong><em>El fracaso de la humanidad:<\/em><br><\/strong>Desgraciadamente, se ha producido una cat\u00e1strofe en el camino del desarrollo destinado al esp\u00edritu humano:<br>En la Tierra, la gente descubri\u00f3 las posibilidades de la mente terrenal para penetrar en lo puramente terrenal. Se dejaron fascinar por sus posibilidades y se volvieron vanidosos, egoc\u00e9ntricos y materialistas. Olvidaron que son espirituales en esencia y que deben escuchar sus sentimientos.<br>As\u00ed, en el transcurso de milenios, se convirtieron finalmente en \"primates\" en su autoimagen con cerebros especialmente desarrollados, que destacan del resto de la naturaleza por su capacidad superior de pensamiento, y se autodenominan con orgullo \"hombres de raz\u00f3n\" y \"materialistas\". <br>En otras palabras, un error fundamental de apreciaci\u00f3n de la naturaleza del hombre como nada m\u00e1s que un \"simio inteligente\", del que dif\u00edcilmente se puede esperar altruismo, empat\u00eda, confianza en Dios, humanidad, esfuerzo espiritual, religiosidad.<\/p>\n\n\n\n<p>Wer sich selbst zum Gehirntier stempelt, sich von Begier und D\u00fcnkelhaftigkeit leiten l\u00e4sst, sagt allem echten Menschentum ab, das nur in Vergeistigung liegen kann. Denn der Geist ist der eigentliche Mensch. Nur der Geist mit seinem Empfinden (dem &#8222;spirituellen Erleben&#8220;, nicht dem Bauchgef\u00fchl) kann Kontakte zu h\u00f6heren Kr\u00e4ften kn\u00fcpfen, zu \u00fcbergeordneten Einsichten gelangen, oder gar Gott erkennen.<br>En otras palabras, un aterrador descenso espiritual de la humanidad terrenal y una ofensa contra el orden fundamental de la creaci\u00f3n, que no puede quedar sin dr\u00e1sticas repercusiones; en la tierra y en el mundo del m\u00e1s all\u00e1.<\/p>\n\n\n\n<p>&nbsp;Un error tan dram\u00e1tico y profundo impresiona tambi\u00e9n la vida interior; se lo llevan las almas al otro mundo tras su paso y las ata a la materia bruta, de la que, al fin y al cabo, procede la mente.<\/p>\n\n\n\n<p>Las consecuencias de esta sobrevaloraci\u00f3n total de la mente tienen efectos -en este mundo y en el m\u00e1s all\u00e1- de formas inimaginables para nosotros. <\/p>\n\n\n\n<p>Bajo el dominio de la mente, lo incre\u00edble se convierte en realidad.<br>La gente se pregunta: \"\u00bfPor qu\u00e9 Dios permite todo esto?\", en lugar de darse cuenta de que son ellos mismos los que crean todos los males que tienen que sufrir, aqu\u00ed en la Tierra y m\u00e1s a\u00fan despu\u00e9s de su muerte en el m\u00e1s all\u00e1.<\/p>\n\n\n\n<p>La mejora sostenible requiere <strong>despertar espiritual<\/strong>!<br>Por muy bienintencionados que sean, los planteamientos racionales no pueden conducir a soluciones duraderas.<br>Porque s\u00f3lo las obras que resuenan en armon\u00eda con las leyes omnicomprensivas de la creaci\u00f3n, inaccesibles al pensamiento puramente intelectual, pueden tener \u00e9xito y perdurar.<\/p>\n\n\n\n<p>Exploramos lo m\u00e1s burdo y denso, la parte terrenal de estas leyes de la naturaleza o de la creaci\u00f3n en el marco de las ciencias naturales y nos fascinan. Pero en nuestro entusiasmo por la validez universal de estas leyes de la naturaleza en el universo visible, pasamos por alto que las leyes correspondientes tambi\u00e9n regulan los acontecimientos en los planos ocultos a nuestros ojos. Estas leyes \"espirituales\" determinan la vida, nuestro destino, tanto en este mundo como en el m\u00e1s all\u00e1.<br>Estas leyes \"superiores\" son ajenas a la mente terrenal. Una persona racional que crea en la ciencia debe sacudir la cabeza y rechazar todo lo que \"no est\u00e9 cient\u00edficamente probado\": las percepciones superiores, la existencia de mundos del m\u00e1s all\u00e1, la vida despu\u00e9s de la muerte, las m\u00faltiples vidas en la Tierra (reencarnaci\u00f3n), la inevitable interacci\u00f3n del karma y el destino, la libertad de elecci\u00f3n y la responsabilidad, etc.<\/p>\n\n\n\n<p>A estos esc\u00e9pticos de la ciencia y acr\u00f3batas del cerebro les espera una desagradable experiencia tras su muerte terrenal. <br>Esperemos que pronto sean m\u00e1s realistas. <\/p>\n\n\n\n<p><strong>Sobre la grandeza de la creaci\u00f3n, la importancia del ser humano<\/strong> <strong>y la ayuda de Dios<\/strong><\/p>\n\n\n\n<p>Como los humanos tenemos tendencia a sobrevalorarnos, unas palabras sobre la grandeza de la creaci\u00f3n, la importancia del hombre y la ayuda de Dios. <\/p>\n\n\n\n<p>Nuestra postcreaci\u00f3n es la parte m\u00e1s peque\u00f1a e inferior de la creaci\u00f3n. La parte material bruta de esta postcreaci\u00f3n, con la peque\u00f1a tierra, consiste en <em>siete<\/em> Partes del mundo desde las que <em>a<\/em> es nuestro inmenso universo. Las partes de la creaci\u00f3n que est\u00e1n por encima de \u00e9l son todas significativamente mayores que la materialidad bruta.<\/p>\n\n\n\n<p>Si se quiere estimar la importancia de un esp\u00edritu humano en comparaci\u00f3n con el todo, el ser humano individual no es mucho m\u00e1s que un \u00e1tomo en comparaci\u00f3n con el universo. Esto sin tener en cuenta que un \u00e1tomo est\u00e1 formado por la misma materia que el universo. El esp\u00edritu humano, por otra parte, es de una clase diferente y m\u00e1s d\u00e9bil que las entidades de los planos superiores a su punto de partida.<\/p>\n\n\n\n<p>Las personas que a\u00fan hoy creen en Dios a menudo tienen una idea equivocada sobre la ayuda de Dios. Piensan que Dios debe escuchar sus oraciones cuando est\u00e1n atascados en problemas de su propia creaci\u00f3n y piden ayuda. <br>En este contexto, las oraciones basadas en el intelecto -sin sentimientos profundos- son in\u00fatiles desde el principio. <br>Pocas personas son conscientes de que los propios seres humanos tambi\u00e9n tenemos deberes que cumplir y no debemos dejarnos llevar por la imprudencia.<br>Sin embargo, una persona se mete en dificultades sobre todo cuando basa su voluntad y sus acciones \u00fanicamente en consideraciones terrenales y hace caso omiso de las leyes inmutables de la creaci\u00f3n. Entonces tiene que soportar las inevitables repercusiones y aprender de ellas. &nbsp;<br>Pues el esp\u00edritu humano es una criatura dependiente de Dios, que tiene el deber de captar correctamente las leyes de Dios y vivir de acuerdo con ellas. <br>La ayuda s\u00f3lo puede llegarle despu\u00e9s de que haya reconocido sus debilidades y haya cambiado interiormente. <\/p>\n\n\n\n<p><strong>Literatura:<br><\/strong>(1) Abd-ru-shin, \"A la luz de la verdad\", Mensaje del Grial. Editorial de la Fundaci\u00f3n del Mensaje del Grial, Stuttgart.  (<a href=\"https:\/\/www.siegfriedhagl.com\/es\/resenas-de-libros-y-peliculas\/a-la-luz-de-la-verdad\/\" target=\"_blank\" rel=\"noreferrer noopener nofollow\">rese\u00f1a del libro<\/a>).<br>(2) Thanatos TV. (Sobre el tema<strong> &quot;<\/strong>Experiencia extracorp\u00f3rea\"). <\/p>\n\n\n\n<p><strong>Ap\u00e9ndice:<\/strong><br>Tambi\u00e9n hay novelas que ofrecen una visi\u00f3n algo v\u00edvida de la vida despu\u00e9s de la muerte. Sin embargo, hay que tener en cuenta que cada esp\u00edritu humano experimenta todo individualmente seg\u00fan su personalidad, y las descripciones son correspondientemente diferentes. Tambi\u00e9n pueden aparecer malentendidos y ambig\u00fcedades en las grabaciones del m\u00e1s all\u00e1 realizadas por videntes terrenales.<br>Tres <strong>Recomendaciones<\/strong> ser\u00eda:<br>(I) Franchezzo: \"Ein Wanderer im Lande der Geister\", Turm-Verlag, Bietigheim, 1961.<br>(II) Manfred Kyber: \"Nachruhm\". De \"Gesammelte Tiergeschichten\" Christian Wegner Verlag, Hamburgo. Aqu\u00ed, en el ap\u00e9ndice de \"<a href=\"https:\/\/www.siegfriedhagl.com\/es\/ecologia\/haz-tu-la-tierra-apagada\/\">Subyugar la tierra<\/a>&#8222;. <br>(III) Estelle Stead, \"Die blaue Insel\", G. E. Schroeder, Garmisch-Partenkirchen, 1961.<\/p>\n\n\n\n<p>Tambi\u00e9n lea sobre esto <a href=\"https:\/\/www.siegfriedhagl.com\/es\/historia\/el-hombre-violento-victima-de-su-desarrollo\/\" rel=\"sponsored nofollow\">\"El ser humano violento, \u00bfv\u00edctima de su desarrollo?\"<\/a> y \"<a href=\"https:\/\/www.siegfriedhagl.com\/es\/historia-religiosa\/porque-ultimo-gaott-el-todo-cerrado\/\" target=\"_blank\" rel=\"noreferrer noopener\">\u00bfPor qu\u00e9 Dios permite todo esto?<\/a>&#8222;.<\/p>","protected":false},"excerpt":{"rendered":"<p>In \u201eFr\u00fcher war alles besser\u201c wird unter der \u00dcberschrift \u201eDer Mensch lebt nicht vom Brot allein\u201c kurz auf den Weg des Menschengeistigen in der Nachsch\u00f6pfung eingegangen.Nun wollen wir uns, in Anlehnung an die Gralsbotschaft &#8222;Im Lichte der Wahrheit&#8220; von Abd-ru-shin (1), die ersten Schritte eines Menschen nach seinem Ableben ansehen. Ein Mensch liegt im Sterben\u2026 [&hellip;]<\/p>\n","protected":false},"author":2,"featured_media":0,"comment_status":"closed","ping_status":"open","sticky":false,"template":"templates\/template-full-width.php","format":"standard","meta":{"footnotes":""},"categories":[11],"tags":[],"class_list":["post-9874","post","type-post","status-publish","format-standard","hentry","category-religionsgeschichte"],"yoast_head":"<!-- This site is optimized with the Yoast SEO plugin v27.5 - https:\/\/yoast.com\/product\/yoast-seo-wordpress\/ -->\n<title>Die ersten Schritte in der Anderswelt &#8211; SiegfriedHagl.com<\/title>\n<meta name=\"robots\" content=\"index, follow, max-snippet:-1, max-image-preview:large, max-video-preview:-1\" \/>\n<link rel=\"canonical\" href=\"https:\/\/www.siegfriedhagl.com\/es\/historia-religiosa\/los-primeros-pasos-en-el-otro-mundo\/\" \/>\n<meta property=\"og:locale\" content=\"es_ES\" \/>\n<meta property=\"og:type\" content=\"article\" \/>\n<meta property=\"og:title\" content=\"Die ersten Schritte in der Anderswelt &#8211; SiegfriedHagl.com\" \/>\n<meta property=\"og:description\" content=\"In \u201eFr\u00fcher war alles besser\u201c wird unter der \u00dcberschrift \u201eDer Mensch lebt nicht vom Brot allein\u201c kurz auf den Weg des Menschengeistigen in der Nachsch\u00f6pfung eingegangen.Nun wollen wir uns, in Anlehnung an die Gralsbotschaft &#8222;Im Lichte der Wahrheit&#8220; von Abd-ru-shin (1), die ersten Schritte eines Menschen nach seinem Ableben ansehen. Ein Mensch liegt im Sterben\u2026 [&hellip;]\" \/>\n<meta property=\"og:url\" content=\"https:\/\/www.siegfriedhagl.com\/es\/historia-religiosa\/los-primeros-pasos-en-el-otro-mundo\/\" \/>\n<meta property=\"og:site_name\" content=\"SiegfriedHagl.com\" \/>\n<meta property=\"article:published_time\" content=\"2023-03-06T08:52:09+00:00\" \/>\n<meta property=\"article:modified_time\" content=\"2026-03-08T11:36:28+00:00\" \/>\n<meta name=\"author\" content=\"siegfriedhagl\" \/>\n<meta name=\"twitter:card\" content=\"summary_large_image\" \/>\n<meta name=\"twitter:label1\" content=\"Escrito por\" \/>\n\t<meta name=\"twitter:data1\" content=\"siegfriedhagl\" \/>\n\t<meta name=\"twitter:label2\" content=\"Tiempo de lectura\" \/>\n\t<meta name=\"twitter:data2\" content=\"17 minutos\" \/>\n<script type=\"application\/ld+json\" class=\"yoast-schema-graph\">{\"@context\":\"https:\\\/\\\/schema.org\",\"@graph\":[{\"@type\":\"Article\",\"@id\":\"https:\\\/\\\/www.siegfriedhagl.com\\\/religionsgeschichte\\\/die-ersten-schritte-in-der-anderswelt\\\/#article\",\"isPartOf\":{\"@id\":\"https:\\\/\\\/www.siegfriedhagl.com\\\/religionsgeschichte\\\/die-ersten-schritte-in-der-anderswelt\\\/\"},\"author\":{\"name\":\"siegfriedhagl\",\"@id\":\"https:\\\/\\\/www.siegfriedhagl.com\\\/#\\\/schema\\\/person\\\/263c4a916fa13b3e7eda58f6c8c2695f\"},\"headline\":\"Die ersten Schritte in der Anderswelt\",\"datePublished\":\"2023-03-06T08:52:09+00:00\",\"dateModified\":\"2026-03-08T11:36:28+00:00\",\"mainEntityOfPage\":{\"@id\":\"https:\\\/\\\/www.siegfriedhagl.com\\\/religionsgeschichte\\\/die-ersten-schritte-in-der-anderswelt\\\/\"},\"wordCount\":3363,\"publisher\":{\"@id\":\"https:\\\/\\\/www.siegfriedhagl.com\\\/#\\\/schema\\\/person\\\/263c4a916fa13b3e7eda58f6c8c2695f\"},\"articleSection\":[\"Religionsgeschichte\"],\"inLanguage\":\"es\"},{\"@type\":\"WebPage\",\"@id\":\"https:\\\/\\\/www.siegfriedhagl.com\\\/religionsgeschichte\\\/die-ersten-schritte-in-der-anderswelt\\\/\",\"url\":\"https:\\\/\\\/www.siegfriedhagl.com\\\/religionsgeschichte\\\/die-ersten-schritte-in-der-anderswelt\\\/\",\"name\":\"Die ersten Schritte in der Anderswelt &#8211; SiegfriedHagl.com\",\"isPartOf\":{\"@id\":\"https:\\\/\\\/www.siegfriedhagl.com\\\/#website\"},\"datePublished\":\"2023-03-06T08:52:09+00:00\",\"dateModified\":\"2026-03-08T11:36:28+00:00\",\"breadcrumb\":{\"@id\":\"https:\\\/\\\/www.siegfriedhagl.com\\\/religionsgeschichte\\\/die-ersten-schritte-in-der-anderswelt\\\/#breadcrumb\"},\"inLanguage\":\"es\",\"potentialAction\":[{\"@type\":\"ReadAction\",\"target\":[\"https:\\\/\\\/www.siegfriedhagl.com\\\/religionsgeschichte\\\/die-ersten-schritte-in-der-anderswelt\\\/\"]}]},{\"@type\":\"BreadcrumbList\",\"@id\":\"https:\\\/\\\/www.siegfriedhagl.com\\\/religionsgeschichte\\\/die-ersten-schritte-in-der-anderswelt\\\/#breadcrumb\",\"itemListElement\":[{\"@type\":\"ListItem\",\"position\":1,\"name\":\"Startseite\",\"item\":\"https:\\\/\\\/www.siegfriedhagl.com\\\/\"},{\"@type\":\"ListItem\",\"position\":2,\"name\":\"Die ersten Schritte in der Anderswelt\"}]},{\"@type\":\"WebSite\",\"@id\":\"https:\\\/\\\/www.siegfriedhagl.com\\\/#website\",\"url\":\"https:\\\/\\\/www.siegfriedhagl.com\\\/\",\"name\":\"SiegfriedHagl.com\",\"description\":\"Artikel und Blog von Siegfried Hagl\",\"publisher\":{\"@id\":\"https:\\\/\\\/www.siegfriedhagl.com\\\/#\\\/schema\\\/person\\\/263c4a916fa13b3e7eda58f6c8c2695f\"},\"potentialAction\":[{\"@type\":\"SearchAction\",\"target\":{\"@type\":\"EntryPoint\",\"urlTemplate\":\"https:\\\/\\\/www.siegfriedhagl.com\\\/?s={search_term_string}\"},\"query-input\":{\"@type\":\"PropertyValueSpecification\",\"valueRequired\":true,\"valueName\":\"search_term_string\"}}],\"inLanguage\":\"es\"},{\"@type\":[\"Person\",\"Organization\"],\"@id\":\"https:\\\/\\\/www.siegfriedhagl.com\\\/#\\\/schema\\\/person\\\/263c4a916fa13b3e7eda58f6c8c2695f\",\"name\":\"siegfriedhagl\",\"image\":{\"@type\":\"ImageObject\",\"inLanguage\":\"es\",\"@id\":\"https:\\\/\\\/secure.gravatar.com\\\/avatar\\\/45b010d0734a07d6fa163753be02d78684ff4128f419d6ee0a0370de54233f1c?s=96&d=mm&r=g\",\"url\":\"https:\\\/\\\/secure.gravatar.com\\\/avatar\\\/45b010d0734a07d6fa163753be02d78684ff4128f419d6ee0a0370de54233f1c?s=96&d=mm&r=g\",\"contentUrl\":\"https:\\\/\\\/secure.gravatar.com\\\/avatar\\\/45b010d0734a07d6fa163753be02d78684ff4128f419d6ee0a0370de54233f1c?s=96&d=mm&r=g\",\"caption\":\"siegfriedhagl\"},\"logo\":{\"@id\":\"https:\\\/\\\/secure.gravatar.com\\\/avatar\\\/45b010d0734a07d6fa163753be02d78684ff4128f419d6ee0a0370de54233f1c?s=96&d=mm&r=g\"},\"sameAs\":[\"http:\\\/\\\/www.hagl.net\"]}]}<\/script>\n<!-- \/ Yoast SEO plugin. -->","yoast_head_json":{"title":"Los primeros pasos en el Otro Mundo - SiegfriedHagl.com","robots":{"index":"index","follow":"follow","max-snippet":"max-snippet:-1","max-image-preview":"max-image-preview:large","max-video-preview":"max-video-preview:-1"},"canonical":"https:\/\/www.siegfriedhagl.com\/es\/historia-religiosa\/los-primeros-pasos-en-el-otro-mundo\/","og_locale":"es_ES","og_type":"article","og_title":"Die ersten Schritte in der Anderswelt &#8211; SiegfriedHagl.com","og_description":"In \u201eFr\u00fcher war alles besser\u201c wird unter der \u00dcberschrift \u201eDer Mensch lebt nicht vom Brot allein\u201c kurz auf den Weg des Menschengeistigen in der Nachsch\u00f6pfung eingegangen.Nun wollen wir uns, in Anlehnung an die Gralsbotschaft &#8222;Im Lichte der Wahrheit&#8220; von Abd-ru-shin (1), die ersten Schritte eines Menschen nach seinem Ableben ansehen. Ein Mensch liegt im Sterben\u2026 [&hellip;]","og_url":"https:\/\/www.siegfriedhagl.com\/es\/historia-religiosa\/los-primeros-pasos-en-el-otro-mundo\/","og_site_name":"SiegfriedHagl.com","article_published_time":"2023-03-06T08:52:09+00:00","article_modified_time":"2026-03-08T11:36:28+00:00","author":"siegfriedhagl","twitter_card":"summary_large_image","twitter_misc":{"Escrito por":"siegfriedhagl","Tiempo de lectura":"17 minutos"},"schema":{"@context":"https:\/\/schema.org","@graph":[{"@type":"Article","@id":"https:\/\/www.siegfriedhagl.com\/religionsgeschichte\/die-ersten-schritte-in-der-anderswelt\/#article","isPartOf":{"@id":"https:\/\/www.siegfriedhagl.com\/religionsgeschichte\/die-ersten-schritte-in-der-anderswelt\/"},"author":{"name":"siegfriedhagl","@id":"https:\/\/www.siegfriedhagl.com\/#\/schema\/person\/263c4a916fa13b3e7eda58f6c8c2695f"},"headline":"Die ersten Schritte in der Anderswelt","datePublished":"2023-03-06T08:52:09+00:00","dateModified":"2026-03-08T11:36:28+00:00","mainEntityOfPage":{"@id":"https:\/\/www.siegfriedhagl.com\/religionsgeschichte\/die-ersten-schritte-in-der-anderswelt\/"},"wordCount":3363,"publisher":{"@id":"https:\/\/www.siegfriedhagl.com\/#\/schema\/person\/263c4a916fa13b3e7eda58f6c8c2695f"},"articleSection":["Religionsgeschichte"],"inLanguage":"es"},{"@type":"WebPage","@id":"https:\/\/www.siegfriedhagl.com\/religionsgeschichte\/die-ersten-schritte-in-der-anderswelt\/","url":"https:\/\/www.siegfriedhagl.com\/religionsgeschichte\/die-ersten-schritte-in-der-anderswelt\/","name":"Los primeros pasos en el Otro Mundo - SiegfriedHagl.com","isPartOf":{"@id":"https:\/\/www.siegfriedhagl.com\/#website"},"datePublished":"2023-03-06T08:52:09+00:00","dateModified":"2026-03-08T11:36:28+00:00","breadcrumb":{"@id":"https:\/\/www.siegfriedhagl.com\/religionsgeschichte\/die-ersten-schritte-in-der-anderswelt\/#breadcrumb"},"inLanguage":"es","potentialAction":[{"@type":"ReadAction","target":["https:\/\/www.siegfriedhagl.com\/religionsgeschichte\/die-ersten-schritte-in-der-anderswelt\/"]}]},{"@type":"BreadcrumbList","@id":"https:\/\/www.siegfriedhagl.com\/religionsgeschichte\/die-ersten-schritte-in-der-anderswelt\/#breadcrumb","itemListElement":[{"@type":"ListItem","position":1,"name":"Startseite","item":"https:\/\/www.siegfriedhagl.com\/"},{"@type":"ListItem","position":2,"name":"Die ersten Schritte in der Anderswelt"}]},{"@type":"WebSite","@id":"https:\/\/www.siegfriedhagl.com\/#website","url":"https:\/\/www.siegfriedhagl.com\/","name":"SiegfriedHagl.com","description":"Art\u00edculo y blog de Siegfried Hagl","publisher":{"@id":"https:\/\/www.siegfriedhagl.com\/#\/schema\/person\/263c4a916fa13b3e7eda58f6c8c2695f"},"potentialAction":[{"@type":"SearchAction","target":{"@type":"EntryPoint","urlTemplate":"https:\/\/www.siegfriedhagl.com\/?s={search_term_string}"},"query-input":{"@type":"PropertyValueSpecification","valueRequired":true,"valueName":"search_term_string"}}],"inLanguage":"es"},{"@type":["Person","Organization"],"@id":"https:\/\/www.siegfriedhagl.com\/#\/schema\/person\/263c4a916fa13b3e7eda58f6c8c2695f","name":"siegfriedhagl","image":{"@type":"ImageObject","inLanguage":"es","@id":"https:\/\/secure.gravatar.com\/avatar\/45b010d0734a07d6fa163753be02d78684ff4128f419d6ee0a0370de54233f1c?s=96&d=mm&r=g","url":"https:\/\/secure.gravatar.com\/avatar\/45b010d0734a07d6fa163753be02d78684ff4128f419d6ee0a0370de54233f1c?s=96&d=mm&r=g","contentUrl":"https:\/\/secure.gravatar.com\/avatar\/45b010d0734a07d6fa163753be02d78684ff4128f419d6ee0a0370de54233f1c?s=96&d=mm&r=g","caption":"siegfriedhagl"},"logo":{"@id":"https:\/\/secure.gravatar.com\/avatar\/45b010d0734a07d6fa163753be02d78684ff4128f419d6ee0a0370de54233f1c?s=96&d=mm&r=g"},"sameAs":["http:\/\/www.hagl.net"]}]}},"_links":{"self":[{"href":"https:\/\/www.siegfriedhagl.com\/es\/wp-json\/wp\/v2\/posts\/9874","targetHints":{"allow":["GET"]}}],"collection":[{"href":"https:\/\/www.siegfriedhagl.com\/es\/wp-json\/wp\/v2\/posts"}],"about":[{"href":"https:\/\/www.siegfriedhagl.com\/es\/wp-json\/wp\/v2\/types\/post"}],"author":[{"embeddable":true,"href":"https:\/\/www.siegfriedhagl.com\/es\/wp-json\/wp\/v2\/users\/2"}],"replies":[{"embeddable":true,"href":"https:\/\/www.siegfriedhagl.com\/es\/wp-json\/wp\/v2\/comments?post=9874"}],"version-history":[{"count":102,"href":"https:\/\/www.siegfriedhagl.com\/es\/wp-json\/wp\/v2\/posts\/9874\/revisions"}],"predecessor-version":[{"id":12199,"href":"https:\/\/www.siegfriedhagl.com\/es\/wp-json\/wp\/v2\/posts\/9874\/revisions\/12199"}],"wp:attachment":[{"href":"https:\/\/www.siegfriedhagl.com\/es\/wp-json\/wp\/v2\/media?parent=9874"}],"wp:term":[{"taxonomy":"category","embeddable":true,"href":"https:\/\/www.siegfriedhagl.com\/es\/wp-json\/wp\/v2\/categories?post=9874"},{"taxonomy":"post_tag","embeddable":true,"href":"https:\/\/www.siegfriedhagl.com\/es\/wp-json\/wp\/v2\/tags?post=9874"}],"curies":[{"name":"wp","href":"https:\/\/api.w.org\/{rel}","templated":true}]}}