{"id":742,"date":"2009-04-22T15:00:12","date_gmt":"2009-04-22T14:00:12","guid":{"rendered":"https:\/\/www.siegfriedhagl.com\/?page_id=742"},"modified":"2021-11-25T13:08:36","modified_gmt":"2021-11-25T12:08:36","slug":"das-globale-desaster","status":"publish","type":"post","link":"https:\/\/www.siegfriedhagl.com\/es\/resenas-de-libros-y-peliculas\/el-desastre-global\/","title":{"rendered":"El desastre mundial"},"content":{"rendered":"<p>desde <strong>walter wittmann<\/strong><\/p>\n<p>Langen-M\u00fcller\/Herbig, M\u00fanich 1995<\/p>\n<blockquote><p>(Publicado en GralsWelt 6\/1997)<\/p><\/blockquote>\n<p>Cuando se trata de cuestiones econ\u00f3micas, actualmente se habla de los acuerdos de Maastricht, la pr\u00f3xima introducci\u00f3n del &quot;euro&quot; y la aparentemente imparable globalizaci\u00f3n de la econom\u00eda mundial.<br \/>\nEsto pasa por alto el hecho de que todas estas innovaciones esperadas, buenas o malas, pueden verse superadas por la cada vez m\u00e1s peligrosa crisis de la deuda en casi todos los pa\u00edses.<\/p>\n<p>Mientras los optimistas profesionales de los negocios, la pol\u00edtica y la banca nos hacen creer que todo va bien y que el futuro es color de rosa, voces cr\u00edticas, como la de Paul C. Martin, que lleva muchos a\u00f1os advirtiendo de la inminente bancarrota nacional, se desvanecen. lejos.<\/p>\n<p>Despu\u00e9s de que estados que se consideraban s\u00f3lidos, como la Rep\u00fablica Federal de Alemania e incluso Suiza, hayan abandonado el &quot;camino de la virtud&quot; fiscal en los \u00faltimos a\u00f1os, es hora de ocuparse de las consideraciones igualmente plausibles e impactantes del profesor de finanzas p\u00fablicas. en la Universidad de Friburgo (Suiza), el dr. Walter Wittmann, para familiarizarse. En su libro &quot;El desastre global&quot; advierte enf\u00e1ticamente contra las ruinosas pol\u00edticas financieras de casi todos los estados, tanto democr\u00e1ticos como autoritarios, cuyos l\u00edderes responsables no han aprendido nada de la historia y no quieren aprender nada.<\/p>\n<p>Si no quiere quedarse atrapado un d\u00eda en la incredulidad de un caos financiero que le tom\u00f3 por sorpresa, debe leer este libro, que tambi\u00e9n ofrece consejos pr\u00e1cticos para inversores.<\/p>\n<p><strong>SOBRE EL TEMA DE LA DEUDA DEL GOBIERNO<\/strong> (MUESTRA)<\/p>\n<p>&#8222;<em>El problema central de los pa\u00edses industrializados es el estado del bienestar. Utiliza la creciente deuda para financiar sus desenfrenados subsidios y gasto social. Es t\u00edpico para \u00e9l no molestar a sus votantes con impuestos adicionales, para trasladar la carga financiera a las generaciones posteriores. La intenci\u00f3n detr\u00e1s de esto es explotar a las clases ricas y de ingresos altos, expropiarlas con frialdad. Los comunistas siempre han declarado que la deuda nacional es &quot;nula y sin valor&quot;, limpiando cuando tomaron el poder. Los socialistas democr\u00e1ticos inflan la deuda, destruyen el valor monetario o se declaran en bancarrota de antemano. Los propietarios de viviendas tampoco est\u00e1n saliendo impunes. Por un lado, dif\u00edcilmente pueden vender sus bienes inmuebles en &quot;malos tiempos&quot;, por otro lado, los alquileres son pr\u00e1cticamente inexistentes y, en tercer lugar, las autoridades fiscales se quedan con la mayor parte de los beneficios. Despu\u00e9s de la reforma monetaria habitual, los propietarios est\u00e1n llamados a igualar la carga y tienen que endeudarse para ello.<\/em><\/p>\n<p><em>Desde la antig\u00fcedad, el estado de bienestar, la burocracia y el endeudamiento han sido siempre la antesala de la posterior quiebra, decadencia y desaparici\u00f3n de las naciones. La econom\u00eda monetaria est\u00e1 arruinada, la econom\u00eda natural y sumergida florece. El proteccionismo que todo lo domina impide e impide el comercio mundial, provocando su colapso. La econom\u00eda mundial cae en una profunda crisis, la depresi\u00f3n se extiende. La libre circulaci\u00f3n de capitales se interrumpe, los inversores quedan sin piedad a merced de su estado. La pobreza se propaga sin trabas, la seguridad social falla. En el curso del malestar social y pol\u00edtico, se est\u00e1 perdiendo la seguridad interna. El caos a menudo termina con dictaduras de izquierda o derecha. La democracia est\u00e1 en bancarrota, tanto financiera como existencialmente\u201d.<\/em><\/p>","protected":false},"excerpt":{"rendered":"<p>Von Walter Wittman Langen-M\u00fcller\/Herbig, M\u00fcnchen 1995 (Ver\u00f6ffentlich in GralsWelt 6\/1997) Wenn es um wirtschaftliche Fragen geht, spricht man derzeit besonders von den Vertr\u00e4gen von Maastricht, der bevorstehenden Einf\u00fchrung des \u201eEuro&#8220; und der scheinbar unaufhaltsamen Globalisierung der Weltwirtschaft. Dabei wird \u00fcbersehen, dass alle diese erwarteten &#8211; guten oder schlechten &#8211; Neuerungen von der immer gef\u00e4hrlicher werdenden [&hellip;]<\/p>\n","protected":false},"author":2,"featured_media":0,"comment_status":"closed","ping_status":"open","sticky":false,"template":"","format":"standard","meta":{"footnotes":""},"categories":[5],"tags":[],"class_list":["post-742","post","type-post","status-publish","format-standard","hentry","category-buch-und-filmbesprechungen"],"yoast_head":"<!-- This site is optimized with the Yoast SEO plugin v27.5 - https:\/\/yoast.com\/product\/yoast-seo-wordpress\/ -->\n<title>Das globale Desaster &#8211; SiegfriedHagl.com<\/title>\n<meta name=\"robots\" content=\"index, follow, max-snippet:-1, max-image-preview:large, max-video-preview:-1\" \/>\n<link rel=\"canonical\" href=\"https:\/\/www.siegfriedhagl.com\/es\/resenas-de-libros-y-peliculas\/el-desastre-global\/\" \/>\n<meta property=\"og:locale\" content=\"es_ES\" \/>\n<meta property=\"og:type\" content=\"article\" \/>\n<meta property=\"og:title\" content=\"Das globale Desaster &#8211; SiegfriedHagl.com\" \/>\n<meta property=\"og:description\" content=\"Von Walter Wittman Langen-M\u00fcller\/Herbig, M\u00fcnchen 1995 (Ver\u00f6ffentlich in GralsWelt 6\/1997) Wenn es um wirtschaftliche Fragen geht, spricht man derzeit besonders von den Vertr\u00e4gen von Maastricht, der bevorstehenden Einf\u00fchrung des \u201eEuro&#8220; und der scheinbar unaufhaltsamen Globalisierung der Weltwirtschaft. Dabei wird \u00fcbersehen, dass alle diese erwarteten &#8211; guten oder schlechten &#8211; Neuerungen von der immer gef\u00e4hrlicher werdenden [&hellip;]\" \/>\n<meta property=\"og:url\" content=\"https:\/\/www.siegfriedhagl.com\/es\/resenas-de-libros-y-peliculas\/el-desastre-global\/\" \/>\n<meta property=\"og:site_name\" content=\"SiegfriedHagl.com\" \/>\n<meta property=\"article:published_time\" content=\"2009-04-22T14:00:12+00:00\" \/>\n<meta property=\"article:modified_time\" content=\"2021-11-25T12:08:36+00:00\" \/>\n<meta name=\"author\" content=\"siegfriedhagl\" \/>\n<meta name=\"twitter:card\" content=\"summary_large_image\" \/>\n<meta name=\"twitter:label1\" content=\"Escrito por\" \/>\n\t<meta name=\"twitter:data1\" content=\"siegfriedhagl\" \/>\n\t<meta name=\"twitter:label2\" content=\"Tiempo de lectura\" \/>\n\t<meta name=\"twitter:data2\" content=\"3 minutos\" \/>\n<script type=\"application\/ld+json\" class=\"yoast-schema-graph\">{\"@context\":\"https:\\\/\\\/schema.org\",\"@graph\":[{\"@type\":\"Article\",\"@id\":\"https:\\\/\\\/www.siegfriedhagl.com\\\/buch-und-filmbesprechungen\\\/das-globale-desaster\\\/#article\",\"isPartOf\":{\"@id\":\"https:\\\/\\\/www.siegfriedhagl.com\\\/buch-und-filmbesprechungen\\\/das-globale-desaster\\\/\"},\"author\":{\"name\":\"siegfriedhagl\",\"@id\":\"https:\\\/\\\/www.siegfriedhagl.com\\\/#\\\/schema\\\/person\\\/263c4a916fa13b3e7eda58f6c8c2695f\"},\"headline\":\"Das globale Desaster\",\"datePublished\":\"2009-04-22T14:00:12+00:00\",\"dateModified\":\"2021-11-25T12:08:36+00:00\",\"mainEntityOfPage\":{\"@id\":\"https:\\\/\\\/www.siegfriedhagl.com\\\/buch-und-filmbesprechungen\\\/das-globale-desaster\\\/\"},\"wordCount\":505,\"publisher\":{\"@id\":\"https:\\\/\\\/www.siegfriedhagl.com\\\/#\\\/schema\\\/person\\\/263c4a916fa13b3e7eda58f6c8c2695f\"},\"articleSection\":[\"Buch- und Filmbesprechungen\"],\"inLanguage\":\"es\"},{\"@type\":\"WebPage\",\"@id\":\"https:\\\/\\\/www.siegfriedhagl.com\\\/buch-und-filmbesprechungen\\\/das-globale-desaster\\\/\",\"url\":\"https:\\\/\\\/www.siegfriedhagl.com\\\/buch-und-filmbesprechungen\\\/das-globale-desaster\\\/\",\"name\":\"Das globale Desaster &#8211; SiegfriedHagl.com\",\"isPartOf\":{\"@id\":\"https:\\\/\\\/www.siegfriedhagl.com\\\/#website\"},\"datePublished\":\"2009-04-22T14:00:12+00:00\",\"dateModified\":\"2021-11-25T12:08:36+00:00\",\"breadcrumb\":{\"@id\":\"https:\\\/\\\/www.siegfriedhagl.com\\\/buch-und-filmbesprechungen\\\/das-globale-desaster\\\/#breadcrumb\"},\"inLanguage\":\"es\",\"potentialAction\":[{\"@type\":\"ReadAction\",\"target\":[\"https:\\\/\\\/www.siegfriedhagl.com\\\/buch-und-filmbesprechungen\\\/das-globale-desaster\\\/\"]}]},{\"@type\":\"BreadcrumbList\",\"@id\":\"https:\\\/\\\/www.siegfriedhagl.com\\\/buch-und-filmbesprechungen\\\/das-globale-desaster\\\/#breadcrumb\",\"itemListElement\":[{\"@type\":\"ListItem\",\"position\":1,\"name\":\"Startseite\",\"item\":\"https:\\\/\\\/www.siegfriedhagl.com\\\/\"},{\"@type\":\"ListItem\",\"position\":2,\"name\":\"Das globale Desaster\"}]},{\"@type\":\"WebSite\",\"@id\":\"https:\\\/\\\/www.siegfriedhagl.com\\\/#website\",\"url\":\"https:\\\/\\\/www.siegfriedhagl.com\\\/\",\"name\":\"SiegfriedHagl.com\",\"description\":\"Artikel und Blog von Siegfried Hagl\",\"publisher\":{\"@id\":\"https:\\\/\\\/www.siegfriedhagl.com\\\/#\\\/schema\\\/person\\\/263c4a916fa13b3e7eda58f6c8c2695f\"},\"potentialAction\":[{\"@type\":\"SearchAction\",\"target\":{\"@type\":\"EntryPoint\",\"urlTemplate\":\"https:\\\/\\\/www.siegfriedhagl.com\\\/?s={search_term_string}\"},\"query-input\":{\"@type\":\"PropertyValueSpecification\",\"valueRequired\":true,\"valueName\":\"search_term_string\"}}],\"inLanguage\":\"es\"},{\"@type\":[\"Person\",\"Organization\"],\"@id\":\"https:\\\/\\\/www.siegfriedhagl.com\\\/#\\\/schema\\\/person\\\/263c4a916fa13b3e7eda58f6c8c2695f\",\"name\":\"siegfriedhagl\",\"image\":{\"@type\":\"ImageObject\",\"inLanguage\":\"es\",\"@id\":\"https:\\\/\\\/secure.gravatar.com\\\/avatar\\\/45b010d0734a07d6fa163753be02d78684ff4128f419d6ee0a0370de54233f1c?s=96&d=mm&r=g\",\"url\":\"https:\\\/\\\/secure.gravatar.com\\\/avatar\\\/45b010d0734a07d6fa163753be02d78684ff4128f419d6ee0a0370de54233f1c?s=96&d=mm&r=g\",\"contentUrl\":\"https:\\\/\\\/secure.gravatar.com\\\/avatar\\\/45b010d0734a07d6fa163753be02d78684ff4128f419d6ee0a0370de54233f1c?s=96&d=mm&r=g\",\"caption\":\"siegfriedhagl\"},\"logo\":{\"@id\":\"https:\\\/\\\/secure.gravatar.com\\\/avatar\\\/45b010d0734a07d6fa163753be02d78684ff4128f419d6ee0a0370de54233f1c?s=96&d=mm&r=g\"},\"sameAs\":[\"http:\\\/\\\/www.hagl.net\"]}]}<\/script>\n<!-- \/ Yoast SEO plugin. -->","yoast_head_json":{"title":"El desastre global - SiegfriedHagl.com","robots":{"index":"index","follow":"follow","max-snippet":"max-snippet:-1","max-image-preview":"max-image-preview:large","max-video-preview":"max-video-preview:-1"},"canonical":"https:\/\/www.siegfriedhagl.com\/es\/resenas-de-libros-y-peliculas\/el-desastre-global\/","og_locale":"es_ES","og_type":"article","og_title":"Das globale Desaster &#8211; SiegfriedHagl.com","og_description":"Von Walter Wittman Langen-M\u00fcller\/Herbig, M\u00fcnchen 1995 (Ver\u00f6ffentlich in GralsWelt 6\/1997) Wenn es um wirtschaftliche Fragen geht, spricht man derzeit besonders von den Vertr\u00e4gen von Maastricht, der bevorstehenden Einf\u00fchrung des \u201eEuro&#8220; und der scheinbar unaufhaltsamen Globalisierung der Weltwirtschaft. Dabei wird \u00fcbersehen, dass alle diese erwarteten &#8211; guten oder schlechten &#8211; Neuerungen von der immer gef\u00e4hrlicher werdenden [&hellip;]","og_url":"https:\/\/www.siegfriedhagl.com\/es\/resenas-de-libros-y-peliculas\/el-desastre-global\/","og_site_name":"SiegfriedHagl.com","article_published_time":"2009-04-22T14:00:12+00:00","article_modified_time":"2021-11-25T12:08:36+00:00","author":"siegfriedhagl","twitter_card":"summary_large_image","twitter_misc":{"Escrito por":"siegfriedhagl","Tiempo de lectura":"3 minutos"},"schema":{"@context":"https:\/\/schema.org","@graph":[{"@type":"Article","@id":"https:\/\/www.siegfriedhagl.com\/buch-und-filmbesprechungen\/das-globale-desaster\/#article","isPartOf":{"@id":"https:\/\/www.siegfriedhagl.com\/buch-und-filmbesprechungen\/das-globale-desaster\/"},"author":{"name":"siegfriedhagl","@id":"https:\/\/www.siegfriedhagl.com\/#\/schema\/person\/263c4a916fa13b3e7eda58f6c8c2695f"},"headline":"Das globale Desaster","datePublished":"2009-04-22T14:00:12+00:00","dateModified":"2021-11-25T12:08:36+00:00","mainEntityOfPage":{"@id":"https:\/\/www.siegfriedhagl.com\/buch-und-filmbesprechungen\/das-globale-desaster\/"},"wordCount":505,"publisher":{"@id":"https:\/\/www.siegfriedhagl.com\/#\/schema\/person\/263c4a916fa13b3e7eda58f6c8c2695f"},"articleSection":["Buch- und Filmbesprechungen"],"inLanguage":"es"},{"@type":"WebPage","@id":"https:\/\/www.siegfriedhagl.com\/buch-und-filmbesprechungen\/das-globale-desaster\/","url":"https:\/\/www.siegfriedhagl.com\/buch-und-filmbesprechungen\/das-globale-desaster\/","name":"El desastre global - SiegfriedHagl.com","isPartOf":{"@id":"https:\/\/www.siegfriedhagl.com\/#website"},"datePublished":"2009-04-22T14:00:12+00:00","dateModified":"2021-11-25T12:08:36+00:00","breadcrumb":{"@id":"https:\/\/www.siegfriedhagl.com\/buch-und-filmbesprechungen\/das-globale-desaster\/#breadcrumb"},"inLanguage":"es","potentialAction":[{"@type":"ReadAction","target":["https:\/\/www.siegfriedhagl.com\/buch-und-filmbesprechungen\/das-globale-desaster\/"]}]},{"@type":"BreadcrumbList","@id":"https:\/\/www.siegfriedhagl.com\/buch-und-filmbesprechungen\/das-globale-desaster\/#breadcrumb","itemListElement":[{"@type":"ListItem","position":1,"name":"Startseite","item":"https:\/\/www.siegfriedhagl.com\/"},{"@type":"ListItem","position":2,"name":"Das globale Desaster"}]},{"@type":"WebSite","@id":"https:\/\/www.siegfriedhagl.com\/#website","url":"https:\/\/www.siegfriedhagl.com\/","name":"SiegfriedHagl.com","description":"Art\u00edculo y blog de Siegfried Hagl","publisher":{"@id":"https:\/\/www.siegfriedhagl.com\/#\/schema\/person\/263c4a916fa13b3e7eda58f6c8c2695f"},"potentialAction":[{"@type":"SearchAction","target":{"@type":"EntryPoint","urlTemplate":"https:\/\/www.siegfriedhagl.com\/?s={search_term_string}"},"query-input":{"@type":"PropertyValueSpecification","valueRequired":true,"valueName":"search_term_string"}}],"inLanguage":"es"},{"@type":["Person","Organization"],"@id":"https:\/\/www.siegfriedhagl.com\/#\/schema\/person\/263c4a916fa13b3e7eda58f6c8c2695f","name":"siegfriedhagl","image":{"@type":"ImageObject","inLanguage":"es","@id":"https:\/\/secure.gravatar.com\/avatar\/45b010d0734a07d6fa163753be02d78684ff4128f419d6ee0a0370de54233f1c?s=96&d=mm&r=g","url":"https:\/\/secure.gravatar.com\/avatar\/45b010d0734a07d6fa163753be02d78684ff4128f419d6ee0a0370de54233f1c?s=96&d=mm&r=g","contentUrl":"https:\/\/secure.gravatar.com\/avatar\/45b010d0734a07d6fa163753be02d78684ff4128f419d6ee0a0370de54233f1c?s=96&d=mm&r=g","caption":"siegfriedhagl"},"logo":{"@id":"https:\/\/secure.gravatar.com\/avatar\/45b010d0734a07d6fa163753be02d78684ff4128f419d6ee0a0370de54233f1c?s=96&d=mm&r=g"},"sameAs":["http:\/\/www.hagl.net"]}]}},"_links":{"self":[{"href":"https:\/\/www.siegfriedhagl.com\/es\/wp-json\/wp\/v2\/posts\/742","targetHints":{"allow":["GET"]}}],"collection":[{"href":"https:\/\/www.siegfriedhagl.com\/es\/wp-json\/wp\/v2\/posts"}],"about":[{"href":"https:\/\/www.siegfriedhagl.com\/es\/wp-json\/wp\/v2\/types\/post"}],"author":[{"embeddable":true,"href":"https:\/\/www.siegfriedhagl.com\/es\/wp-json\/wp\/v2\/users\/2"}],"replies":[{"embeddable":true,"href":"https:\/\/www.siegfriedhagl.com\/es\/wp-json\/wp\/v2\/comments?post=742"}],"version-history":[{"count":9,"href":"https:\/\/www.siegfriedhagl.com\/es\/wp-json\/wp\/v2\/posts\/742\/revisions"}],"predecessor-version":[{"id":7049,"href":"https:\/\/www.siegfriedhagl.com\/es\/wp-json\/wp\/v2\/posts\/742\/revisions\/7049"}],"wp:attachment":[{"href":"https:\/\/www.siegfriedhagl.com\/es\/wp-json\/wp\/v2\/media?parent=742"}],"wp:term":[{"taxonomy":"category","embeddable":true,"href":"https:\/\/www.siegfriedhagl.com\/es\/wp-json\/wp\/v2\/categories?post=742"},{"taxonomy":"post_tag","embeddable":true,"href":"https:\/\/www.siegfriedhagl.com\/es\/wp-json\/wp\/v2\/tags?post=742"}],"curies":[{"name":"wp","href":"https:\/\/api.w.org\/{rel}","templated":true}]}}