{"id":651,"date":"2009-04-13T09:52:39","date_gmt":"2009-04-13T08:52:39","guid":{"rendered":"https:\/\/www.siegfriedhagl.com\/?page_id=651"},"modified":"2026-01-20T12:29:28","modified_gmt":"2026-01-20T11:29:28","slug":"die-wirtschaftlichen-aspekte-des-klimawandels","status":"publish","type":"post","link":"https:\/\/www.siegfriedhagl.com\/es\/ecologia\/los-aspectos-economicos-del-cambio-climatico\/","title":{"rendered":"La econom\u00eda del cambio clim\u00e1tico"},"content":{"rendered":"<blockquote><p>(Publicado en GralsWelt 43\/2007)<\/p><\/blockquote>\n<p>El 30 de octubre se present\u00f3 en Londres un estudio sobre el calentamiento global (2). El estudio fue encargado por el gobierno bajo la direcci\u00f3n del economista de renombre mundial<em> Sir Nicol\u00e1s Stern<\/em> (n. 1946). Fue economista jefe del Banco Mundial entre 2000 y 2003 y actualmente es asesor del gobierno del Reino Unido.<br \/>\nSus hallazgos alarmantes y ya no ignorables est\u00e1n atrayendo la atenci\u00f3n mundial. Ahora hay que ver si nuestros gobiernos pueden unirse para tomar la acci\u00f3n requerida, inmediata y decisiva.<\/p>\n<p>En el llamado <strong>&quot;Informe severo&quot;<\/strong> se discuten las consecuencias econ\u00f3micas del cambio clim\u00e1tico, que ha comenzado hace mucho tiempo. Las declaraciones m\u00e1s importantes de <strong>Version corta:<br \/>\n<\/strong>\u00b7 A medida que avanza el cambio clim\u00e1tico, las consecuencias dram\u00e1ticas para la econom\u00eda son inevitables.<br \/>\n\u00b7 Existe un riesgo de da\u00f1o de billones de euros (hasta 20% y m\u00e1s de producci\u00f3n econ\u00f3mica global). La econom\u00eda mundial podr\u00eda hundirse en la peor recesi\u00f3n desde las dos guerras mundiales: 1914-18 y 1939-45.<br \/>\n\u00b7 Si solo se utiliza 1 % del producto interno bruto mundial para la protecci\u00f3n clim\u00e1tica constante, a\u00fan se pueden evitar las consecuencias m\u00e1s graves. En cualquier caso, el beneficio financiero de una pol\u00edtica clim\u00e1tica activa supera con creces los costes.<br \/>\n\u00b7 El tiempo se acaba porque s\u00f3lo quedan de 10 a 20 a\u00f1os para tomar contramedidas. Dado que el cambio clim\u00e1tico es un problema global, tambi\u00e9n se deben tomar medidas globales. Los errores cometidos hoy no se pueden deshacer m\u00e1s tarde. Si los pueblos que dan forma a la pol\u00edtica mundial contin\u00faan con el mismo estilo que antes, para 2035 la concentraci\u00f3n de gases de efecto invernadero en la atm\u00f3sfera ser\u00e1 el doble que en el per\u00edodo preindustrial. La temperatura media en la Tierra aumentar\u00eda entonces en m\u00e1s de 2 grados cent\u00edgrados.<br \/>\nA largo plazo, las temperaturas podr\u00edan subir m\u00e1s de 5 grados. Esto tendr\u00eda efectos de gran alcance en el medio ambiente, la forma de vida de las personas y la econom\u00eda. Todos los estados se ver\u00edan afectados. Los pa\u00edses m\u00e1s pobres, que hasta ahora han contribuido menos al cambio clim\u00e1tico, tambi\u00e9n tendr\u00edan que sufrir primero y m\u00e1s.<\/p>\n<p>Ha habido advertencias sobre el calentamiento global durante a\u00f1os. El Informe Stern le da un nuevo peso a este problema a trav\u00e9s de sus bien fundamentados enfoques de pol\u00edtica econ\u00f3mica y financiera. Las predicciones de Stern son alarmantes. No pueden descartarse como &quot;estimaciones&quot; o &quot;hip\u00f3tesis cuestionables&quot;.<\/p>\n<p>Tambi\u00e9n lea sobre esto <a href=\"https:\/\/www.siegfriedhagl.com\/es\/ecologia\/viene-el-apocalipsis-de-las-religiones\/\">&quot;\u00bfQu\u00e9 apocalipsis se avecina?&quot;<\/a><\/p>\n<p><strong>Literatura:<br \/>\n<\/strong>(1) http:\/\/www.gruene-bundestag.de\/cms\/energie_klima\/dok\/154\/154829.pdf<br \/>\n(2) http:\/\/www.hm-treasury.gov.uk\/independent_reviews\/stern_review_economics_climate_change\/stern_review_index.cfm<br \/>\n(3) http:\/\/www.iea.org<br \/>\n(4) http:\/\/www.pbs.org\/wgbh\/nova\/worldbalance<\/p>","protected":false},"excerpt":{"rendered":"<p>(Ver\u00f6ffentlicht in GralsWelt 43\/2007) Am 30. Oktober wurde in London eine Studie zur globalen Erw\u00e4rmung vorgestellt (2). Die Untersuchung entstand im Regierungsauftrag unter der Federf\u00fchrung des weltbekannten \u00d6konomen Sir Nicholas Stern (geb.1946). Er war Chef-\u00d6konom der Weltbank von 2000 &#8211; 2003, und ist derzeit Berater der englischen Regierung. Seine alarmierenden und nicht l\u00e4nger ignorierbaren Ergebnisse [&hellip;]<\/p>\n","protected":false},"author":2,"featured_media":0,"comment_status":"closed","ping_status":"open","sticky":false,"template":"","format":"standard","meta":{"footnotes":""},"categories":[10],"tags":[],"class_list":["post-651","post","type-post","status-publish","format-standard","hentry","category-okologie"],"yoast_head":"<!-- This site is optimized with the Yoast SEO plugin v27.5 - https:\/\/yoast.com\/product\/yoast-seo-wordpress\/ -->\n<title>Die wirtschaftlichen Aspekte des Klimawandels &#8211; SiegfriedHagl.com<\/title>\n<meta name=\"robots\" content=\"index, follow, max-snippet:-1, max-image-preview:large, max-video-preview:-1\" \/>\n<link rel=\"canonical\" href=\"https:\/\/www.siegfriedhagl.com\/es\/ecologia\/los-aspectos-economicos-del-cambio-climatico\/\" \/>\n<meta property=\"og:locale\" content=\"es_ES\" \/>\n<meta property=\"og:type\" content=\"article\" \/>\n<meta property=\"og:title\" content=\"Die wirtschaftlichen Aspekte des Klimawandels &#8211; SiegfriedHagl.com\" \/>\n<meta property=\"og:description\" content=\"(Ver\u00f6ffentlicht in GralsWelt 43\/2007) Am 30. Oktober wurde in London eine Studie zur globalen Erw\u00e4rmung vorgestellt (2). Die Untersuchung entstand im Regierungsauftrag unter der Federf\u00fchrung des weltbekannten \u00d6konomen Sir Nicholas Stern (geb.1946). Er war Chef-\u00d6konom der Weltbank von 2000 &#8211; 2003, und ist derzeit Berater der englischen Regierung. Seine alarmierenden und nicht l\u00e4nger ignorierbaren Ergebnisse [&hellip;]\" \/>\n<meta property=\"og:url\" content=\"https:\/\/www.siegfriedhagl.com\/es\/ecologia\/los-aspectos-economicos-del-cambio-climatico\/\" \/>\n<meta property=\"og:site_name\" content=\"SiegfriedHagl.com\" \/>\n<meta property=\"article:published_time\" content=\"2009-04-13T08:52:39+00:00\" \/>\n<meta property=\"article:modified_time\" content=\"2026-01-20T11:29:28+00:00\" \/>\n<meta name=\"author\" content=\"siegfriedhagl\" \/>\n<meta name=\"twitter:card\" content=\"summary_large_image\" \/>\n<meta name=\"twitter:label1\" content=\"Escrito por\" \/>\n\t<meta name=\"twitter:data1\" content=\"siegfriedhagl\" \/>\n\t<meta name=\"twitter:label2\" content=\"Tiempo de lectura\" \/>\n\t<meta name=\"twitter:data2\" content=\"2 minutos\" \/>\n<script type=\"application\/ld+json\" class=\"yoast-schema-graph\">{\"@context\":\"https:\\\/\\\/schema.org\",\"@graph\":[{\"@type\":\"Article\",\"@id\":\"https:\\\/\\\/www.siegfriedhagl.com\\\/okologie\\\/die-wirtschaftlichen-aspekte-des-klimawandels\\\/#article\",\"isPartOf\":{\"@id\":\"https:\\\/\\\/www.siegfriedhagl.com\\\/okologie\\\/die-wirtschaftlichen-aspekte-des-klimawandels\\\/\"},\"author\":{\"name\":\"siegfriedhagl\",\"@id\":\"https:\\\/\\\/www.siegfriedhagl.com\\\/#\\\/schema\\\/person\\\/263c4a916fa13b3e7eda58f6c8c2695f\"},\"headline\":\"Die wirtschaftlichen Aspekte des Klimawandels\",\"datePublished\":\"2009-04-13T08:52:39+00:00\",\"dateModified\":\"2026-01-20T11:29:28+00:00\",\"mainEntityOfPage\":{\"@id\":\"https:\\\/\\\/www.siegfriedhagl.com\\\/okologie\\\/die-wirtschaftlichen-aspekte-des-klimawandels\\\/\"},\"wordCount\":409,\"publisher\":{\"@id\":\"https:\\\/\\\/www.siegfriedhagl.com\\\/#\\\/schema\\\/person\\\/263c4a916fa13b3e7eda58f6c8c2695f\"},\"articleSection\":[\"\u00d6kologie\"],\"inLanguage\":\"es\"},{\"@type\":\"WebPage\",\"@id\":\"https:\\\/\\\/www.siegfriedhagl.com\\\/okologie\\\/die-wirtschaftlichen-aspekte-des-klimawandels\\\/\",\"url\":\"https:\\\/\\\/www.siegfriedhagl.com\\\/okologie\\\/die-wirtschaftlichen-aspekte-des-klimawandels\\\/\",\"name\":\"Die wirtschaftlichen Aspekte des Klimawandels &#8211; SiegfriedHagl.com\",\"isPartOf\":{\"@id\":\"https:\\\/\\\/www.siegfriedhagl.com\\\/#website\"},\"datePublished\":\"2009-04-13T08:52:39+00:00\",\"dateModified\":\"2026-01-20T11:29:28+00:00\",\"breadcrumb\":{\"@id\":\"https:\\\/\\\/www.siegfriedhagl.com\\\/okologie\\\/die-wirtschaftlichen-aspekte-des-klimawandels\\\/#breadcrumb\"},\"inLanguage\":\"es\",\"potentialAction\":[{\"@type\":\"ReadAction\",\"target\":[\"https:\\\/\\\/www.siegfriedhagl.com\\\/okologie\\\/die-wirtschaftlichen-aspekte-des-klimawandels\\\/\"]}]},{\"@type\":\"BreadcrumbList\",\"@id\":\"https:\\\/\\\/www.siegfriedhagl.com\\\/okologie\\\/die-wirtschaftlichen-aspekte-des-klimawandels\\\/#breadcrumb\",\"itemListElement\":[{\"@type\":\"ListItem\",\"position\":1,\"name\":\"Startseite\",\"item\":\"https:\\\/\\\/www.siegfriedhagl.com\\\/\"},{\"@type\":\"ListItem\",\"position\":2,\"name\":\"Die wirtschaftlichen Aspekte des Klimawandels\"}]},{\"@type\":\"WebSite\",\"@id\":\"https:\\\/\\\/www.siegfriedhagl.com\\\/#website\",\"url\":\"https:\\\/\\\/www.siegfriedhagl.com\\\/\",\"name\":\"SiegfriedHagl.com\",\"description\":\"Artikel und Blog von Siegfried Hagl\",\"publisher\":{\"@id\":\"https:\\\/\\\/www.siegfriedhagl.com\\\/#\\\/schema\\\/person\\\/263c4a916fa13b3e7eda58f6c8c2695f\"},\"potentialAction\":[{\"@type\":\"SearchAction\",\"target\":{\"@type\":\"EntryPoint\",\"urlTemplate\":\"https:\\\/\\\/www.siegfriedhagl.com\\\/?s={search_term_string}\"},\"query-input\":{\"@type\":\"PropertyValueSpecification\",\"valueRequired\":true,\"valueName\":\"search_term_string\"}}],\"inLanguage\":\"es\"},{\"@type\":[\"Person\",\"Organization\"],\"@id\":\"https:\\\/\\\/www.siegfriedhagl.com\\\/#\\\/schema\\\/person\\\/263c4a916fa13b3e7eda58f6c8c2695f\",\"name\":\"siegfriedhagl\",\"image\":{\"@type\":\"ImageObject\",\"inLanguage\":\"es\",\"@id\":\"https:\\\/\\\/secure.gravatar.com\\\/avatar\\\/45b010d0734a07d6fa163753be02d78684ff4128f419d6ee0a0370de54233f1c?s=96&d=mm&r=g\",\"url\":\"https:\\\/\\\/secure.gravatar.com\\\/avatar\\\/45b010d0734a07d6fa163753be02d78684ff4128f419d6ee0a0370de54233f1c?s=96&d=mm&r=g\",\"contentUrl\":\"https:\\\/\\\/secure.gravatar.com\\\/avatar\\\/45b010d0734a07d6fa163753be02d78684ff4128f419d6ee0a0370de54233f1c?s=96&d=mm&r=g\",\"caption\":\"siegfriedhagl\"},\"logo\":{\"@id\":\"https:\\\/\\\/secure.gravatar.com\\\/avatar\\\/45b010d0734a07d6fa163753be02d78684ff4128f419d6ee0a0370de54233f1c?s=96&d=mm&r=g\"},\"sameAs\":[\"http:\\\/\\\/www.hagl.net\"]}]}<\/script>\n<!-- \/ Yoast SEO plugin. -->","yoast_head_json":{"title":"Aspectos econ\u00f3micos del cambio clim\u00e1tico - SiegfriedHagl.com","robots":{"index":"index","follow":"follow","max-snippet":"max-snippet:-1","max-image-preview":"max-image-preview:large","max-video-preview":"max-video-preview:-1"},"canonical":"https:\/\/www.siegfriedhagl.com\/es\/ecologia\/los-aspectos-economicos-del-cambio-climatico\/","og_locale":"es_ES","og_type":"article","og_title":"Die wirtschaftlichen Aspekte des Klimawandels &#8211; SiegfriedHagl.com","og_description":"(Ver\u00f6ffentlicht in GralsWelt 43\/2007) Am 30. Oktober wurde in London eine Studie zur globalen Erw\u00e4rmung vorgestellt (2). Die Untersuchung entstand im Regierungsauftrag unter der Federf\u00fchrung des weltbekannten \u00d6konomen Sir Nicholas Stern (geb.1946). Er war Chef-\u00d6konom der Weltbank von 2000 &#8211; 2003, und ist derzeit Berater der englischen Regierung. Seine alarmierenden und nicht l\u00e4nger ignorierbaren Ergebnisse [&hellip;]","og_url":"https:\/\/www.siegfriedhagl.com\/es\/ecologia\/los-aspectos-economicos-del-cambio-climatico\/","og_site_name":"SiegfriedHagl.com","article_published_time":"2009-04-13T08:52:39+00:00","article_modified_time":"2026-01-20T11:29:28+00:00","author":"siegfriedhagl","twitter_card":"summary_large_image","twitter_misc":{"Escrito por":"siegfriedhagl","Tiempo de lectura":"2 minutos"},"schema":{"@context":"https:\/\/schema.org","@graph":[{"@type":"Article","@id":"https:\/\/www.siegfriedhagl.com\/okologie\/die-wirtschaftlichen-aspekte-des-klimawandels\/#article","isPartOf":{"@id":"https:\/\/www.siegfriedhagl.com\/okologie\/die-wirtschaftlichen-aspekte-des-klimawandels\/"},"author":{"name":"siegfriedhagl","@id":"https:\/\/www.siegfriedhagl.com\/#\/schema\/person\/263c4a916fa13b3e7eda58f6c8c2695f"},"headline":"Die wirtschaftlichen Aspekte des Klimawandels","datePublished":"2009-04-13T08:52:39+00:00","dateModified":"2026-01-20T11:29:28+00:00","mainEntityOfPage":{"@id":"https:\/\/www.siegfriedhagl.com\/okologie\/die-wirtschaftlichen-aspekte-des-klimawandels\/"},"wordCount":409,"publisher":{"@id":"https:\/\/www.siegfriedhagl.com\/#\/schema\/person\/263c4a916fa13b3e7eda58f6c8c2695f"},"articleSection":["\u00d6kologie"],"inLanguage":"es"},{"@type":"WebPage","@id":"https:\/\/www.siegfriedhagl.com\/okologie\/die-wirtschaftlichen-aspekte-des-klimawandels\/","url":"https:\/\/www.siegfriedhagl.com\/okologie\/die-wirtschaftlichen-aspekte-des-klimawandels\/","name":"Aspectos econ\u00f3micos del cambio clim\u00e1tico - SiegfriedHagl.com","isPartOf":{"@id":"https:\/\/www.siegfriedhagl.com\/#website"},"datePublished":"2009-04-13T08:52:39+00:00","dateModified":"2026-01-20T11:29:28+00:00","breadcrumb":{"@id":"https:\/\/www.siegfriedhagl.com\/okologie\/die-wirtschaftlichen-aspekte-des-klimawandels\/#breadcrumb"},"inLanguage":"es","potentialAction":[{"@type":"ReadAction","target":["https:\/\/www.siegfriedhagl.com\/okologie\/die-wirtschaftlichen-aspekte-des-klimawandels\/"]}]},{"@type":"BreadcrumbList","@id":"https:\/\/www.siegfriedhagl.com\/okologie\/die-wirtschaftlichen-aspekte-des-klimawandels\/#breadcrumb","itemListElement":[{"@type":"ListItem","position":1,"name":"Startseite","item":"https:\/\/www.siegfriedhagl.com\/"},{"@type":"ListItem","position":2,"name":"Die wirtschaftlichen Aspekte des Klimawandels"}]},{"@type":"WebSite","@id":"https:\/\/www.siegfriedhagl.com\/#website","url":"https:\/\/www.siegfriedhagl.com\/","name":"SiegfriedHagl.com","description":"Art\u00edculo y blog de Siegfried Hagl","publisher":{"@id":"https:\/\/www.siegfriedhagl.com\/#\/schema\/person\/263c4a916fa13b3e7eda58f6c8c2695f"},"potentialAction":[{"@type":"SearchAction","target":{"@type":"EntryPoint","urlTemplate":"https:\/\/www.siegfriedhagl.com\/?s={search_term_string}"},"query-input":{"@type":"PropertyValueSpecification","valueRequired":true,"valueName":"search_term_string"}}],"inLanguage":"es"},{"@type":["Person","Organization"],"@id":"https:\/\/www.siegfriedhagl.com\/#\/schema\/person\/263c4a916fa13b3e7eda58f6c8c2695f","name":"siegfriedhagl","image":{"@type":"ImageObject","inLanguage":"es","@id":"https:\/\/secure.gravatar.com\/avatar\/45b010d0734a07d6fa163753be02d78684ff4128f419d6ee0a0370de54233f1c?s=96&d=mm&r=g","url":"https:\/\/secure.gravatar.com\/avatar\/45b010d0734a07d6fa163753be02d78684ff4128f419d6ee0a0370de54233f1c?s=96&d=mm&r=g","contentUrl":"https:\/\/secure.gravatar.com\/avatar\/45b010d0734a07d6fa163753be02d78684ff4128f419d6ee0a0370de54233f1c?s=96&d=mm&r=g","caption":"siegfriedhagl"},"logo":{"@id":"https:\/\/secure.gravatar.com\/avatar\/45b010d0734a07d6fa163753be02d78684ff4128f419d6ee0a0370de54233f1c?s=96&d=mm&r=g"},"sameAs":["http:\/\/www.hagl.net"]}]}},"_links":{"self":[{"href":"https:\/\/www.siegfriedhagl.com\/es\/wp-json\/wp\/v2\/posts\/651","targetHints":{"allow":["GET"]}}],"collection":[{"href":"https:\/\/www.siegfriedhagl.com\/es\/wp-json\/wp\/v2\/posts"}],"about":[{"href":"https:\/\/www.siegfriedhagl.com\/es\/wp-json\/wp\/v2\/types\/post"}],"author":[{"embeddable":true,"href":"https:\/\/www.siegfriedhagl.com\/es\/wp-json\/wp\/v2\/users\/2"}],"replies":[{"embeddable":true,"href":"https:\/\/www.siegfriedhagl.com\/es\/wp-json\/wp\/v2\/comments?post=651"}],"version-history":[{"count":10,"href":"https:\/\/www.siegfriedhagl.com\/es\/wp-json\/wp\/v2\/posts\/651\/revisions"}],"predecessor-version":[{"id":12106,"href":"https:\/\/www.siegfriedhagl.com\/es\/wp-json\/wp\/v2\/posts\/651\/revisions\/12106"}],"wp:attachment":[{"href":"https:\/\/www.siegfriedhagl.com\/es\/wp-json\/wp\/v2\/media?parent=651"}],"wp:term":[{"taxonomy":"category","embeddable":true,"href":"https:\/\/www.siegfriedhagl.com\/es\/wp-json\/wp\/v2\/categories?post=651"},{"taxonomy":"post_tag","embeddable":true,"href":"https:\/\/www.siegfriedhagl.com\/es\/wp-json\/wp\/v2\/tags?post=651"}],"curies":[{"name":"wp","href":"https:\/\/api.w.org\/{rel}","templated":true}]}}