{"id":4474,"date":"2000-12-08T12:28:00","date_gmt":"2000-12-08T11:28:00","guid":{"rendered":"https:\/\/www.siegfriedhagl.com\/?page_id=4474"},"modified":"2024-06-26T14:50:11","modified_gmt":"2024-06-26T13:50:11","slug":"die-epoche-des-zweiten-kaiserreiches","status":"publish","type":"post","link":"https:\/\/www.siegfriedhagl.com\/es\/historia\/la-epoca-del-segundo-imperio\/","title":{"rendered":"La \u00e9poca del Segundo Imperio"},"content":{"rendered":"<blockquote><p>(Publicado en GralsWelt 17\/2000)<\/p><\/blockquote>\n<p>En la segunda mitad del siglo XIX, Europa alcanz\u00f3 la cima de su importancia en el mundo:<br \/>\nLa ciencia y la cultura europeas parec\u00edan estar en camino de definir la \u201ccultura mundial\u201d.<br \/>\nEl cristianismo tambi\u00e9n quer\u00eda convertir a los dem\u00e1s pueblos a su fe. Sin embargo, las iglesias cristianas estaban divididas en cientos de denominaciones y el comportamiento de muchos cristianos no era una recomendaci\u00f3n para su religi\u00f3n.<\/p>\n<p>El \"mundo civilizado\" (que inclu\u00eda a Europa y Norteam\u00e9rica en particular) quer\u00eda dominar a los \"nativos\" y a los \"pueblos coloniales\" (incluidas civilizaciones antiguas como India y China). Esto era m\u00e1s evidente en \u00c1frica. \u00c9sta estaba dividida en gran parte entre las naciones europeas y sus zonas de influencia.<\/p>\n<p>Porque todos los estados aspiraban a colonias que prometieran mano de obra barata, materias primas baratas y mercados para la sobreproducci\u00f3n interna.<br \/>\nInglaterra, Francia, B\u00e9lgica, los Pa\u00edses Bajos, Espa\u00f1a y Portugal en particular cuentan como potencias coloniales; durante unas d\u00e9cadas tambi\u00e9n Alemania e Italia. A menudo se pasa por alto que Siberia y el C\u00e1ucaso eran colonias rusas, Filipinas eran colonias estadounidenses y, p. T. todav\u00eda lo son.<\/p>\n<p>Europa y EE.UU. valores compartidos; ambos se sent\u00edan comprometidos con la \u00e9tica cristiana, por ejemplo.<br \/>\nLa mayor\u00eda de los estados europeos fueron monarqu\u00edas ilustradas con parlamentos cuya influencia aument\u00f3, acerc\u00e1ndolos pol\u00edticamente a los Estados Unidos democr\u00e1ticos. Pero todav\u00eda hubo represalias contra los disidentes pol\u00edticos y la opresi\u00f3n de las minor\u00edas \u00e9tnicas (por ejemplo, en Rusia), por lo que los emigrantes continuaron buscando una vida mejor en el extranjero por razones pol\u00edticas o econ\u00f3micas.<\/p>\n<p>Las guerras se consideraban medios leg\u00edtimos de los estados soberanos; lo que no se resolvi\u00f3 en el escenario diplom\u00e1tico se luch\u00f3 en el &quot;campo de honor&quot;. Casi todos los a\u00f1os hab\u00eda guerra o disturbios en alg\u00fan lugar del mundo.<\/p>\n<p>La econom\u00eda se desarroll\u00f3. Adem\u00e1s de los sectores econ\u00f3micos \"cl\u00e1sicos\" como la construcci\u00f3n, la miner\u00eda, la agricultura, la construcci\u00f3n naval y la industria textil, la ingenier\u00eda mec\u00e1nica, la qu\u00edmica y la ingenier\u00eda el\u00e9ctrica adquirieron cada vez m\u00e1s importancia. Quiz\u00e1 los descubrimientos m\u00e1s importantes de la \u00e9poca se hicieron en microbiolog\u00eda, que por fin reconoci\u00f3 las causas de las enfermedades infecciosas a partir de 1870 y encontr\u00f3 formas de prevenir las epidemias.<\/p>\n<p>Las potencias coloniales como Gran Breta\u00f1a practicaron una etapa preliminar de la &quot;econom\u00eda mundial&quot; actual, y en Inglaterra se celebr\u00f3 la &quot;econom\u00eda libre&quot;, mientras que otros estados, incluido el Reich alem\u00e1n, protegieron sus f\u00e1bricas contra la competencia extranjera no deseada con aranceles.<br \/>\nEn los EE.UU. en particular, surgieron monopolios que lucharon por el poder total del mercado y en algunos casos tuvieron que ser contenidos por medidas legales.<\/p>\n<p>En Europa como en los Estados Unidos, las ideas socialistas tambi\u00e9n ganaron influencia pol\u00edtica. Surgieron movimientos laborales, huelgas y cierres patronales endurecieron la relaci\u00f3n entre \u201ctrabajadores\u201d y \u201cdue\u00f1os de f\u00e1bricas\u201d en la lucha por el equilibrio social, y pas\u00f3 un tiempo antes de que las huelgas fueran reconocidas como leg\u00edtimas y ya no pudieran ser reprimidas violentamente.<\/p>\n<p>Todas estas tensiones se hicieron evidentes en las \u00faltimas d\u00e9cadas del siglo XIX. Prefiguraron los problemas del pr\u00f3ximo siglo XX:<br \/>\n* El conflicto entre capital y trabajo predicho por Karl Marx (1818-1883).<br \/>\n* La revoluci\u00f3n socialista.<br \/>\n* Guerra por los mercados de venta.<br \/>\n* Lucha de poder entre empresas y sindicatos.<br \/>\n* Una \"guerra mundial por las materias primas\".<br \/>\n* La \"batalla por el espacio\" esperada por los nacionalistas.<\/p>\n<p>En Europa Central, el ya inestable equilibrio de poder entre los estados se tens\u00f3 a\u00fan m\u00e1s: despu\u00e9s de su unificaci\u00f3n en 1871, el Reich alem\u00e1n se convirti\u00f3 en una potencia militar y econ\u00f3mica l\u00edder que reclam\u00f3 colonias y reclam\u00f3 el lugar que le correspond\u00eda en el concierto de las grandes potencias. .<\/p>\n<p>La competencia econ\u00f3mica entre los Estados se hizo cada vez m\u00e1s feroz. La base econ\u00f3mica segu\u00eda siendo principalmente las materias primas que se encontraban en el pa\u00eds, como el carb\u00f3n y el acero. Sin embargo, era previsible que los productos importados, como el caucho y el petr\u00f3leo crudo, cobraran cada vez m\u00e1s importancia. Toda gran potencia deb\u00eda asegurarse el acceso a estos recursos para imponerse.<\/p>\n<p>As\u00ed, los objetivos econ\u00f3micos y pol\u00edticos de las naciones se superpusieron. Las restricciones econ\u00f3micas, los esl\u00f3ganes pol\u00edticos, la lucha por el poder, las tensiones sociales, la animosidad entre los pueblos fueron explotados por los propagandistas en todos los estados para sus prop\u00f3sitos. Los jefes de estado responsables sol\u00edan sentirse abrumados por la variedad de intereses, opiniones y problemas.<\/p>\n<p>Los ciudadanos individuales en su mayor\u00eda desconoc\u00edan estos desaf\u00edos globales; se concentr\u00f3 en su entorno personal. Los gobiernos no exigieron ninguna &quot;toma de decisiones pol\u00edticas&quot; como es deseable en las democracias modernas; porque muchos jefes de estado todav\u00eda pensaban aristocr\u00e1ticamente y se orientaban a la pol\u00edtica de gabinete del siglo XVIII.<\/p>\n<p>De esta manera, incluso en Alemania, la gente suprimi\u00f3 cu\u00e1n inestable era la situaci\u00f3n y cu\u00e1n en peligro estaba el Reich alem\u00e1n, poderoso y seguro de s\u00ed mismo. Incluso el Kaiser Wilhelm II, que fue coronado en 1888, no entendi\u00f3 ni el dif\u00edcil camino hacia la unidad alemana ni la complicada situaci\u00f3n de un gran imperio que acababa de nacer en el coraz\u00f3n de Europa y que era visto con recelo.<\/p>\n<p>Otros estados tambi\u00e9n estaban bajo presi\u00f3n:<br \/>\nEn Rusia, las reformas pendientes no se materializaron y los patriotas miopes quisieron encubrir las dificultades internas con una guerra.<br \/>\nAustria-Hungr\u00eda amenaz\u00f3 con colapsar bajo el impulso de independencia de sus diversas nacionalidades.<br \/>\nFrancia clamaba venganza por la derrota en la guerra franco-prusiana de 1870-1871.<br \/>\nInglaterra ten\u00eda problemas en las colonias y su industria sent\u00eda la competencia alemana.<br \/>\nLos nacionalistas italianos exigieron el &quot;Alto Adige&quot; (Tirol del Sur).<br \/>\nIrlanda quer\u00eda independizarse.<br \/>\nLos Balcanes eran un polvor\u00edn.<\/p>\n<p>El nacionalismo ciego suprimi\u00f3 el conocimiento de que todos los pueblos europeos comparten una cultura com\u00fan y que s\u00f3lo la cooperaci\u00f3n pac\u00edfica les promete un futuro brillante.<\/p>\n<p>Luego, los tomadores de decisiones responsables, absortos en los problemas del d\u00eda, se tambalearon medio ciegos en el <a href=\"https:\/\/www.siegfriedhagl.com\/es\/historia\/la-primaria-catastrofe-del-siglo-20\/\">&quot;Cat\u00e1strofe primordial del siglo XX&quot;<\/a>. (Ver bajo &quot;Historia&quot;).<\/p>\n<p>Lea tambi\u00e9n &quot;<a href=\"https:\/\/www.siegfriedhagl.com\/es\/historia\/weimar-no-tenia-que-fallar\/\">Weimar no ten\u00eda que fallar<\/a>\" en \"Historia\".<\/p>","protected":false},"excerpt":{"rendered":"<p>(Ver\u00f6ffentlicht in GralsWelt 17\/2000) In der zweiten H\u00e4lfte des 19. Jahrhunderts erlangte Europa den H\u00f6hepunkt seiner Bedeutung in der Welt: Europ\u00e4ische Wissenschaft und Kultur schienen auf bestem Weg, die \u201eWeltkultur\u201c zu bestimmen. Auch das Christentum wollte die noch ausstehenden V\u00f6lker zu seinem Glauben bekehren. Allerdings waren die christlichen Kirchen in Hunderte von Bekenntnissen zerstritten, und [&hellip;]<\/p>\n","protected":false},"author":2,"featured_media":0,"comment_status":"closed","ping_status":"open","sticky":false,"template":"","format":"standard","meta":{"footnotes":""},"categories":[8],"tags":[],"class_list":["post-4474","post","type-post","status-publish","format-standard","hentry","category-geschichte"],"yoast_head":"<!-- This site is optimized with the Yoast SEO plugin v27.5 - https:\/\/yoast.com\/product\/yoast-seo-wordpress\/ -->\n<title>Die Epoche des Zweiten Kaiserreiches &#8211; SiegfriedHagl.com<\/title>\n<meta name=\"robots\" content=\"index, follow, max-snippet:-1, max-image-preview:large, max-video-preview:-1\" \/>\n<link rel=\"canonical\" href=\"https:\/\/www.siegfriedhagl.com\/es\/historia\/la-epoca-del-segundo-imperio\/\" \/>\n<meta property=\"og:locale\" content=\"es_ES\" \/>\n<meta property=\"og:type\" content=\"article\" \/>\n<meta property=\"og:title\" content=\"Die Epoche des Zweiten Kaiserreiches &#8211; SiegfriedHagl.com\" \/>\n<meta property=\"og:description\" content=\"(Ver\u00f6ffentlicht in GralsWelt 17\/2000) In der zweiten H\u00e4lfte des 19. Jahrhunderts erlangte Europa den H\u00f6hepunkt seiner Bedeutung in der Welt: Europ\u00e4ische Wissenschaft und Kultur schienen auf bestem Weg, die \u201eWeltkultur\u201c zu bestimmen. Auch das Christentum wollte die noch ausstehenden V\u00f6lker zu seinem Glauben bekehren. Allerdings waren die christlichen Kirchen in Hunderte von Bekenntnissen zerstritten, und [&hellip;]\" \/>\n<meta property=\"og:url\" content=\"https:\/\/www.siegfriedhagl.com\/es\/historia\/la-epoca-del-segundo-imperio\/\" \/>\n<meta property=\"og:site_name\" content=\"SiegfriedHagl.com\" \/>\n<meta property=\"article:published_time\" content=\"2000-12-08T11:28:00+00:00\" \/>\n<meta property=\"article:modified_time\" content=\"2024-06-26T13:50:11+00:00\" \/>\n<meta name=\"author\" content=\"siegfriedhagl\" \/>\n<meta name=\"twitter:card\" content=\"summary_large_image\" \/>\n<meta name=\"twitter:label1\" content=\"Escrito por\" \/>\n\t<meta name=\"twitter:data1\" content=\"siegfriedhagl\" \/>\n\t<meta name=\"twitter:label2\" content=\"Tiempo de lectura\" \/>\n\t<meta name=\"twitter:data2\" content=\"5 minutos\" \/>\n<script type=\"application\/ld+json\" class=\"yoast-schema-graph\">{\"@context\":\"https:\\\/\\\/schema.org\",\"@graph\":[{\"@type\":\"Article\",\"@id\":\"https:\\\/\\\/www.siegfriedhagl.com\\\/geschichte\\\/die-epoche-des-zweiten-kaiserreiches\\\/#article\",\"isPartOf\":{\"@id\":\"https:\\\/\\\/www.siegfriedhagl.com\\\/geschichte\\\/die-epoche-des-zweiten-kaiserreiches\\\/\"},\"author\":{\"name\":\"siegfriedhagl\",\"@id\":\"https:\\\/\\\/www.siegfriedhagl.com\\\/#\\\/schema\\\/person\\\/263c4a916fa13b3e7eda58f6c8c2695f\"},\"headline\":\"Die Epoche des Zweiten Kaiserreiches\",\"datePublished\":\"2000-12-08T11:28:00+00:00\",\"dateModified\":\"2024-06-26T13:50:11+00:00\",\"mainEntityOfPage\":{\"@id\":\"https:\\\/\\\/www.siegfriedhagl.com\\\/geschichte\\\/die-epoche-des-zweiten-kaiserreiches\\\/\"},\"wordCount\":911,\"publisher\":{\"@id\":\"https:\\\/\\\/www.siegfriedhagl.com\\\/#\\\/schema\\\/person\\\/263c4a916fa13b3e7eda58f6c8c2695f\"},\"articleSection\":[\"Geschichte\\\/Historik\"],\"inLanguage\":\"es\"},{\"@type\":\"WebPage\",\"@id\":\"https:\\\/\\\/www.siegfriedhagl.com\\\/geschichte\\\/die-epoche-des-zweiten-kaiserreiches\\\/\",\"url\":\"https:\\\/\\\/www.siegfriedhagl.com\\\/geschichte\\\/die-epoche-des-zweiten-kaiserreiches\\\/\",\"name\":\"Die Epoche des Zweiten Kaiserreiches &#8211; SiegfriedHagl.com\",\"isPartOf\":{\"@id\":\"https:\\\/\\\/www.siegfriedhagl.com\\\/#website\"},\"datePublished\":\"2000-12-08T11:28:00+00:00\",\"dateModified\":\"2024-06-26T13:50:11+00:00\",\"breadcrumb\":{\"@id\":\"https:\\\/\\\/www.siegfriedhagl.com\\\/geschichte\\\/die-epoche-des-zweiten-kaiserreiches\\\/#breadcrumb\"},\"inLanguage\":\"es\",\"potentialAction\":[{\"@type\":\"ReadAction\",\"target\":[\"https:\\\/\\\/www.siegfriedhagl.com\\\/geschichte\\\/die-epoche-des-zweiten-kaiserreiches\\\/\"]}]},{\"@type\":\"BreadcrumbList\",\"@id\":\"https:\\\/\\\/www.siegfriedhagl.com\\\/geschichte\\\/die-epoche-des-zweiten-kaiserreiches\\\/#breadcrumb\",\"itemListElement\":[{\"@type\":\"ListItem\",\"position\":1,\"name\":\"Startseite\",\"item\":\"https:\\\/\\\/www.siegfriedhagl.com\\\/\"},{\"@type\":\"ListItem\",\"position\":2,\"name\":\"Die Epoche des Zweiten Kaiserreiches\"}]},{\"@type\":\"WebSite\",\"@id\":\"https:\\\/\\\/www.siegfriedhagl.com\\\/#website\",\"url\":\"https:\\\/\\\/www.siegfriedhagl.com\\\/\",\"name\":\"SiegfriedHagl.com\",\"description\":\"Artikel und Blog von Siegfried Hagl\",\"publisher\":{\"@id\":\"https:\\\/\\\/www.siegfriedhagl.com\\\/#\\\/schema\\\/person\\\/263c4a916fa13b3e7eda58f6c8c2695f\"},\"potentialAction\":[{\"@type\":\"SearchAction\",\"target\":{\"@type\":\"EntryPoint\",\"urlTemplate\":\"https:\\\/\\\/www.siegfriedhagl.com\\\/?s={search_term_string}\"},\"query-input\":{\"@type\":\"PropertyValueSpecification\",\"valueRequired\":true,\"valueName\":\"search_term_string\"}}],\"inLanguage\":\"es\"},{\"@type\":[\"Person\",\"Organization\"],\"@id\":\"https:\\\/\\\/www.siegfriedhagl.com\\\/#\\\/schema\\\/person\\\/263c4a916fa13b3e7eda58f6c8c2695f\",\"name\":\"siegfriedhagl\",\"image\":{\"@type\":\"ImageObject\",\"inLanguage\":\"es\",\"@id\":\"https:\\\/\\\/secure.gravatar.com\\\/avatar\\\/45b010d0734a07d6fa163753be02d78684ff4128f419d6ee0a0370de54233f1c?s=96&d=mm&r=g\",\"url\":\"https:\\\/\\\/secure.gravatar.com\\\/avatar\\\/45b010d0734a07d6fa163753be02d78684ff4128f419d6ee0a0370de54233f1c?s=96&d=mm&r=g\",\"contentUrl\":\"https:\\\/\\\/secure.gravatar.com\\\/avatar\\\/45b010d0734a07d6fa163753be02d78684ff4128f419d6ee0a0370de54233f1c?s=96&d=mm&r=g\",\"caption\":\"siegfriedhagl\"},\"logo\":{\"@id\":\"https:\\\/\\\/secure.gravatar.com\\\/avatar\\\/45b010d0734a07d6fa163753be02d78684ff4128f419d6ee0a0370de54233f1c?s=96&d=mm&r=g\"},\"sameAs\":[\"http:\\\/\\\/www.hagl.net\"]}]}<\/script>\n<!-- \/ Yoast SEO plugin. -->","yoast_head_json":{"title":"La era del Segundo Imperio - SiegfriedHagl.com","robots":{"index":"index","follow":"follow","max-snippet":"max-snippet:-1","max-image-preview":"max-image-preview:large","max-video-preview":"max-video-preview:-1"},"canonical":"https:\/\/www.siegfriedhagl.com\/es\/historia\/la-epoca-del-segundo-imperio\/","og_locale":"es_ES","og_type":"article","og_title":"Die Epoche des Zweiten Kaiserreiches &#8211; SiegfriedHagl.com","og_description":"(Ver\u00f6ffentlicht in GralsWelt 17\/2000) In der zweiten H\u00e4lfte des 19. Jahrhunderts erlangte Europa den H\u00f6hepunkt seiner Bedeutung in der Welt: Europ\u00e4ische Wissenschaft und Kultur schienen auf bestem Weg, die \u201eWeltkultur\u201c zu bestimmen. Auch das Christentum wollte die noch ausstehenden V\u00f6lker zu seinem Glauben bekehren. Allerdings waren die christlichen Kirchen in Hunderte von Bekenntnissen zerstritten, und [&hellip;]","og_url":"https:\/\/www.siegfriedhagl.com\/es\/historia\/la-epoca-del-segundo-imperio\/","og_site_name":"SiegfriedHagl.com","article_published_time":"2000-12-08T11:28:00+00:00","article_modified_time":"2024-06-26T13:50:11+00:00","author":"siegfriedhagl","twitter_card":"summary_large_image","twitter_misc":{"Escrito por":"siegfriedhagl","Tiempo de lectura":"5 minutos"},"schema":{"@context":"https:\/\/schema.org","@graph":[{"@type":"Article","@id":"https:\/\/www.siegfriedhagl.com\/geschichte\/die-epoche-des-zweiten-kaiserreiches\/#article","isPartOf":{"@id":"https:\/\/www.siegfriedhagl.com\/geschichte\/die-epoche-des-zweiten-kaiserreiches\/"},"author":{"name":"siegfriedhagl","@id":"https:\/\/www.siegfriedhagl.com\/#\/schema\/person\/263c4a916fa13b3e7eda58f6c8c2695f"},"headline":"Die Epoche des Zweiten Kaiserreiches","datePublished":"2000-12-08T11:28:00+00:00","dateModified":"2024-06-26T13:50:11+00:00","mainEntityOfPage":{"@id":"https:\/\/www.siegfriedhagl.com\/geschichte\/die-epoche-des-zweiten-kaiserreiches\/"},"wordCount":911,"publisher":{"@id":"https:\/\/www.siegfriedhagl.com\/#\/schema\/person\/263c4a916fa13b3e7eda58f6c8c2695f"},"articleSection":["Geschichte\/Historik"],"inLanguage":"es"},{"@type":"WebPage","@id":"https:\/\/www.siegfriedhagl.com\/geschichte\/die-epoche-des-zweiten-kaiserreiches\/","url":"https:\/\/www.siegfriedhagl.com\/geschichte\/die-epoche-des-zweiten-kaiserreiches\/","name":"La era del Segundo Imperio - SiegfriedHagl.com","isPartOf":{"@id":"https:\/\/www.siegfriedhagl.com\/#website"},"datePublished":"2000-12-08T11:28:00+00:00","dateModified":"2024-06-26T13:50:11+00:00","breadcrumb":{"@id":"https:\/\/www.siegfriedhagl.com\/geschichte\/die-epoche-des-zweiten-kaiserreiches\/#breadcrumb"},"inLanguage":"es","potentialAction":[{"@type":"ReadAction","target":["https:\/\/www.siegfriedhagl.com\/geschichte\/die-epoche-des-zweiten-kaiserreiches\/"]}]},{"@type":"BreadcrumbList","@id":"https:\/\/www.siegfriedhagl.com\/geschichte\/die-epoche-des-zweiten-kaiserreiches\/#breadcrumb","itemListElement":[{"@type":"ListItem","position":1,"name":"Startseite","item":"https:\/\/www.siegfriedhagl.com\/"},{"@type":"ListItem","position":2,"name":"Die Epoche des Zweiten Kaiserreiches"}]},{"@type":"WebSite","@id":"https:\/\/www.siegfriedhagl.com\/#website","url":"https:\/\/www.siegfriedhagl.com\/","name":"SiegfriedHagl.com","description":"Art\u00edculo y blog de Siegfried Hagl","publisher":{"@id":"https:\/\/www.siegfriedhagl.com\/#\/schema\/person\/263c4a916fa13b3e7eda58f6c8c2695f"},"potentialAction":[{"@type":"SearchAction","target":{"@type":"EntryPoint","urlTemplate":"https:\/\/www.siegfriedhagl.com\/?s={search_term_string}"},"query-input":{"@type":"PropertyValueSpecification","valueRequired":true,"valueName":"search_term_string"}}],"inLanguage":"es"},{"@type":["Person","Organization"],"@id":"https:\/\/www.siegfriedhagl.com\/#\/schema\/person\/263c4a916fa13b3e7eda58f6c8c2695f","name":"siegfriedhagl","image":{"@type":"ImageObject","inLanguage":"es","@id":"https:\/\/secure.gravatar.com\/avatar\/45b010d0734a07d6fa163753be02d78684ff4128f419d6ee0a0370de54233f1c?s=96&d=mm&r=g","url":"https:\/\/secure.gravatar.com\/avatar\/45b010d0734a07d6fa163753be02d78684ff4128f419d6ee0a0370de54233f1c?s=96&d=mm&r=g","contentUrl":"https:\/\/secure.gravatar.com\/avatar\/45b010d0734a07d6fa163753be02d78684ff4128f419d6ee0a0370de54233f1c?s=96&d=mm&r=g","caption":"siegfriedhagl"},"logo":{"@id":"https:\/\/secure.gravatar.com\/avatar\/45b010d0734a07d6fa163753be02d78684ff4128f419d6ee0a0370de54233f1c?s=96&d=mm&r=g"},"sameAs":["http:\/\/www.hagl.net"]}]}},"_links":{"self":[{"href":"https:\/\/www.siegfriedhagl.com\/es\/wp-json\/wp\/v2\/posts\/4474","targetHints":{"allow":["GET"]}}],"collection":[{"href":"https:\/\/www.siegfriedhagl.com\/es\/wp-json\/wp\/v2\/posts"}],"about":[{"href":"https:\/\/www.siegfriedhagl.com\/es\/wp-json\/wp\/v2\/types\/post"}],"author":[{"embeddable":true,"href":"https:\/\/www.siegfriedhagl.com\/es\/wp-json\/wp\/v2\/users\/2"}],"replies":[{"embeddable":true,"href":"https:\/\/www.siegfriedhagl.com\/es\/wp-json\/wp\/v2\/comments?post=4474"}],"version-history":[{"count":12,"href":"https:\/\/www.siegfriedhagl.com\/es\/wp-json\/wp\/v2\/posts\/4474\/revisions"}],"predecessor-version":[{"id":11025,"href":"https:\/\/www.siegfriedhagl.com\/es\/wp-json\/wp\/v2\/posts\/4474\/revisions\/11025"}],"wp:attachment":[{"href":"https:\/\/www.siegfriedhagl.com\/es\/wp-json\/wp\/v2\/media?parent=4474"}],"wp:term":[{"taxonomy":"category","embeddable":true,"href":"https:\/\/www.siegfriedhagl.com\/es\/wp-json\/wp\/v2\/categories?post=4474"},{"taxonomy":"post_tag","embeddable":true,"href":"https:\/\/www.siegfriedhagl.com\/es\/wp-json\/wp\/v2\/tags?post=4474"}],"curies":[{"name":"wp","href":"https:\/\/api.w.org\/{rel}","templated":true}]}}