{"id":447,"date":"2009-03-29T15:03:37","date_gmt":"2009-03-29T14:03:37","guid":{"rendered":"https:\/\/www.siegfriedhagl.com\/?page_id=447"},"modified":"2021-11-25T13:34:56","modified_gmt":"2021-11-25T12:34:56","slug":"ehrenrettung-fur-einen-verkannten-konig","status":"publish","type":"post","link":"https:\/\/www.siegfriedhagl.com\/es\/resenas-de-libros-y-peliculas\/salvacion-de-honor-para-un-rey-no-reconocido\/","title":{"rendered":"\u00bfSalvaci\u00f3n del honor para un rey no reconocido?"},"content":{"rendered":"<blockquote><p>(Publicado en GralsWelt 35\/2005)<\/p><\/blockquote>\n<p>Incluso aquellos que apenas conocen la historia b\u00e1vara pueden al menos nombrar a un rey de Baviera: Ludwig II, sobre quien siempre hay algo nuevo que contar.<\/p>\n<p>Antes de pasar a este art\u00edculo, una breve mirada a otros regentes del Reino de Baviera, cuya corta existencia parece solo un episodio en comparaci\u00f3n con la larga historia del Ducado de Baviera.<br \/>\nEn 1806, el elector Maximiliano I (1756-1825) se convirti\u00f3 en el primer rey b\u00e1varo por la gracia de Napole\u00f3n.<br \/>\nSu hijo Ludwig I (1786-1868) molde\u00f3 el rostro de M\u00fanich con edificios representativos. Ten\u00eda el sue\u00f1o de expandir su peque\u00f1a residencia en una metr\u00f3poli del arte, la cultura y la ciencia. Los acontecimientos pol\u00edticos lo ayudaron: cuando su segundo hijo Otto (1815-1867) fue proclamado primer rey de Grecia en 1832, una ola de entusiasmo por la cultura griega cl\u00e1sica se apoder\u00f3 de la capital b\u00e1vara, que se convirti\u00f3 en la &quot;Atenas Isar&quot;. . Esc\u00e1ndalos personales, historias de relaciones, obligaron a Luis I a abdicar en 1848 y entreg\u00f3 los asuntos estatales a su hijo Maximiliano II Jos\u00e9 (1811-1864). Este rey, padre de Luis II, fue probablemente el m\u00e1s progresista de los reyes b\u00e1varos. Hizo mucho para modernizar su pa\u00eds y embellecer su capital. Hoy en d\u00eda casi nadie lo conoce, y muy pocas personas que pasean por Maximilianstra\u00dfe con sus tiendas de lujo y admiran el inconfundible atractivo del Maximilianeum piensan en este monarca de mentalidad moderna.<\/p>\n<blockquote><p>&quot;Quiero seguir siendo un enigma para siempre, para m\u00ed y para los dem\u00e1s&quot;.<br \/>\nLuis II (1845-1886)<\/p><\/blockquote>\n<blockquote><p>&quot;...pero el rey, el rey, que puede explicar tal ser, que puede entenderlo - s\u00f3lo un poeta dram\u00e1tico podr\u00eda retratarlo, inexplicable como es...&quot;<br \/>\nC\u00f3sima Wagner (1837-1930)<\/p><\/blockquote>\n<p>El hijo de Maximiliano, Luis II, que fue coronado en 1864, es la figura m\u00e1s popular de la historia b\u00e1vara. Se han escrito innumerables libros sobre \u00e9l, su vida, sus castillos de cuento de hadas y se han realizado varias pel\u00edculas muy aclamadas. Su suicidio (\u00bfo su asesinato?) a\u00fan dan lugar a hip\u00f3tesis y especulaciones.<br \/>\nLa vida del &quot;rey de los cuentos de hadas&quot; era m\u00e1s que extra\u00f1a; caracterizado por la timidez introvertida, la soledad, la huida a castillos remotos. \u00bfEstaba mentalmente enfermo?<br \/>\nMuchos comportamientos de este rey son incomprensibles desde el punto de vista actual. Algunos ejemplos:<br \/>\n* En uno de los miradores m\u00e1s bellos de los Alpes b\u00e1varos, en el Schachen, hizo construir un peque\u00f1o pabell\u00f3n de caza. Pero las ventanas, con una vista \u00fanica de las monta\u00f1as de Wetterstein, Reintal y Loisachtal, recibieron cristales de colores casi opacos.<br \/>\n* El Palacio de Herrenchiemsee, una copia de Versalles, est\u00e1 ubicado en una isla en el lago Chiemsee, a la que era dif\u00edcil llegar desde Munich en ese momento.<br \/>\n* Tambi\u00e9n hizo construir Linderhof y el mundialmente famoso y \u00fanico Neuschwanstein.<br \/>\nPero todos estos castillos, lejos de las metr\u00f3polis, no le bastaban. Cuando muri\u00f3, Falkenstein tambi\u00e9n estaba planeado. El castillo de Hohenschwangau, reconstruido por su padre y donde pas\u00f3 parte de su juventud, exist\u00eda desde hac\u00eda mucho tiempo cerca de Neuschwanstein. Por no hablar de los castillos de M\u00fanich y sus alrededores.<\/p>\n<p>Hoy en d\u00eda, los edificios del palacio de Ludwig II, que los contempor\u00e1neos consideraban absurdos, se encuentran entre las atracciones de Baviera. Lo mismo ocurre con el Festspielhaus de Bayreuth, que financi\u00f3 en gran parte, en el que se representan \u00f3peras que probablemente no habr\u00edan existido si Ludwig II no hubiera rescatado a Richard Wagner (1813-1883) de las dificultades econ\u00f3micas. La regi\u00f3n tur\u00edstica moderna de Baviera tiene todos los motivos para estar agradecida por el despilfarro de su rey de los cuentos de hadas, que fue muy condenado en ese momento.<\/p>\n<p>En las evaluaciones de la personalidad de Ludwig II, prevaleci\u00f3 la opini\u00f3n de que era un enfermo mental. La locura que estall\u00f3 en su hermano Otto (1848-1916) refuerza esta opini\u00f3n generalizada.<br \/>\nLos idealistas ven a Luis II de Baviera como el \u00faltimo representante de la verdadera realeza espiritual, que, sin embargo, dif\u00edcilmente se puede encontrar en la historia conocida.<br \/>\nTodav\u00eda se pueden informar &quot;cosas nuevas&quot; sobre este rey, que vio sus modelos a seguir en Luis XIV (1638-1715) y San Luis (1214-1270) de Francia:<\/p>\n<p>Una tesis publicada recientemente (1) desarrolla una imagen poco conocida de Luis II de Baviera:<br \/>\nDespu\u00e9s de eso, la pol\u00edtica jug\u00f3 un papel mucho m\u00e1s importante en su vida de lo que se supon\u00eda anteriormente, adem\u00e1s del arte que admiraba y apoyaba. Al comienzo de su reinado, se asegur\u00f3 de que sus asuntos oficiales se llevaran a cabo concienzudamente y sigui\u00f3 con inter\u00e9s muchas \u00e1reas de la vida estatal. Su objetivo era defender el principio mon\u00e1rquico contra la tendencia de la \u00e9poca y mantener la independencia b\u00e1vara. Cuando no logr\u00f3 mantener a Baviera al margen de dos guerras (1866 y 1870\/71) y, bajo la presi\u00f3n de Prusia, tampoco pudo evitar la uni\u00f3n con el Reich alem\u00e1n, trat\u00f3 al menos de preservar la mayor cantidad de elementos especiales de Baviera. posiciones como sea posible.<br \/>\nCon su objetivo m\u00e1s importante, un reino soberano, Ludwig II estaba condenado al fracaso. No pudo afirmar sus ideas autocr\u00e1ticas de gobierno contra la tendencia de la \u00e9poca. Su profundo rechazo a la monarqu\u00eda constitucional lo hizo inflexible en este punto. En lugar de reconocer y utilizar sus posibilidades reales, se refugi\u00f3 en planes fant\u00e1sticos y completamente ut\u00f3picos de golpe de Estado, se distanci\u00f3 de la realidad y se alej\u00f3 de todos los grupos pol\u00edticos. En lugar de conservar su poder tanto como le fue posible, perdi\u00f3 influencia y gran parte de su independencia.<\/p>\n<p>En este contexto, no parece absolutamente necesario buscar exclusivamente causas patol\u00f3gicas para su extra\u00f1o comportamiento. Su alejamiento de su pa\u00eds y su gobierno, su falta de comprensi\u00f3n de los desarrollos revolucionarios del siglo XIX, que ya no ofrec\u00edan espacio a la monarqu\u00eda soberana idealizada por Luis II, pueden bastar como explicaci\u00f3n de su extra\u00f1a vida como un hombre profundamente solitario, pero sali\u00f3 con la gente com\u00fan muchas d\u00e9cadas despu\u00e9s, querido rey.<\/p>\n<p><strong>Literatura: <\/strong><br \/>\n(1) Botzenhart, Christof, Las actividades gubernamentales del rey Luis II de Baviera, CH Beck, M\u00fanich, 2004.<\/p>","protected":false},"excerpt":{"rendered":"<p>(Ver\u00f6ffentlicht in GralsWelt 35\/2005) Auch wer die bayerische Geschichte kaum kennt, kann zumindest den Namen eines K\u00f6nigs von Bayern nennen: Ludwig II., zu dem es immer wieder etwas neues zu erz\u00e4hlen gibt. Bevor sich dieser Artikel diesem zuwendet, noch ein kurzer Blick auf andere Regenten des Bayerischen K\u00f6nigreiches, dessen kurze Existenz, im Vergleich zur langen [&hellip;]<\/p>\n","protected":false},"author":2,"featured_media":0,"comment_status":"closed","ping_status":"open","sticky":false,"template":"","format":"standard","meta":{"footnotes":""},"categories":[5],"tags":[],"class_list":["post-447","post","type-post","status-publish","format-standard","hentry","category-buch-und-filmbesprechungen"],"yoast_head":"<!-- This site is optimized with the Yoast SEO plugin v27.5 - https:\/\/yoast.com\/product\/yoast-seo-wordpress\/ -->\n<title>Ehrenrettung f\u00fcr einen verkannten K\u00f6nig? &#8211; SiegfriedHagl.com<\/title>\n<meta name=\"robots\" content=\"index, follow, max-snippet:-1, max-image-preview:large, max-video-preview:-1\" \/>\n<link rel=\"canonical\" href=\"https:\/\/www.siegfriedhagl.com\/es\/resenas-de-libros-y-peliculas\/salvacion-de-honor-para-un-rey-no-reconocido\/\" \/>\n<meta property=\"og:locale\" content=\"es_ES\" \/>\n<meta property=\"og:type\" content=\"article\" \/>\n<meta property=\"og:title\" content=\"Ehrenrettung f\u00fcr einen verkannten K\u00f6nig? &#8211; SiegfriedHagl.com\" \/>\n<meta property=\"og:description\" content=\"(Ver\u00f6ffentlicht in GralsWelt 35\/2005) Auch wer die bayerische Geschichte kaum kennt, kann zumindest den Namen eines K\u00f6nigs von Bayern nennen: Ludwig II., zu dem es immer wieder etwas neues zu erz\u00e4hlen gibt. Bevor sich dieser Artikel diesem zuwendet, noch ein kurzer Blick auf andere Regenten des Bayerischen K\u00f6nigreiches, dessen kurze Existenz, im Vergleich zur langen [&hellip;]\" \/>\n<meta property=\"og:url\" content=\"https:\/\/www.siegfriedhagl.com\/es\/resenas-de-libros-y-peliculas\/salvacion-de-honor-para-un-rey-no-reconocido\/\" \/>\n<meta property=\"og:site_name\" content=\"SiegfriedHagl.com\" \/>\n<meta property=\"article:published_time\" content=\"2009-03-29T14:03:37+00:00\" \/>\n<meta property=\"article:modified_time\" content=\"2021-11-25T12:34:56+00:00\" \/>\n<meta name=\"author\" content=\"siegfriedhagl\" \/>\n<meta name=\"twitter:card\" content=\"summary_large_image\" \/>\n<meta name=\"twitter:label1\" content=\"Escrito por\" \/>\n\t<meta name=\"twitter:data1\" content=\"siegfriedhagl\" \/>\n\t<meta name=\"twitter:label2\" content=\"Tiempo de lectura\" \/>\n\t<meta name=\"twitter:data2\" content=\"4 minutos\" \/>\n<script type=\"application\/ld+json\" class=\"yoast-schema-graph\">{\"@context\":\"https:\\\/\\\/schema.org\",\"@graph\":[{\"@type\":\"Article\",\"@id\":\"https:\\\/\\\/www.siegfriedhagl.com\\\/buch-und-filmbesprechungen\\\/ehrenrettung-fur-einen-verkannten-konig\\\/#article\",\"isPartOf\":{\"@id\":\"https:\\\/\\\/www.siegfriedhagl.com\\\/buch-und-filmbesprechungen\\\/ehrenrettung-fur-einen-verkannten-konig\\\/\"},\"author\":{\"name\":\"siegfriedhagl\",\"@id\":\"https:\\\/\\\/www.siegfriedhagl.com\\\/#\\\/schema\\\/person\\\/263c4a916fa13b3e7eda58f6c8c2695f\"},\"headline\":\"Ehrenrettung f\u00fcr einen verkannten K\u00f6nig?\",\"datePublished\":\"2009-03-29T14:03:37+00:00\",\"dateModified\":\"2021-11-25T12:34:56+00:00\",\"mainEntityOfPage\":{\"@id\":\"https:\\\/\\\/www.siegfriedhagl.com\\\/buch-und-filmbesprechungen\\\/ehrenrettung-fur-einen-verkannten-konig\\\/\"},\"wordCount\":995,\"publisher\":{\"@id\":\"https:\\\/\\\/www.siegfriedhagl.com\\\/#\\\/schema\\\/person\\\/263c4a916fa13b3e7eda58f6c8c2695f\"},\"articleSection\":[\"Buch- und Filmbesprechungen\"],\"inLanguage\":\"es\"},{\"@type\":\"WebPage\",\"@id\":\"https:\\\/\\\/www.siegfriedhagl.com\\\/buch-und-filmbesprechungen\\\/ehrenrettung-fur-einen-verkannten-konig\\\/\",\"url\":\"https:\\\/\\\/www.siegfriedhagl.com\\\/buch-und-filmbesprechungen\\\/ehrenrettung-fur-einen-verkannten-konig\\\/\",\"name\":\"Ehrenrettung f\u00fcr einen verkannten K\u00f6nig? &#8211; SiegfriedHagl.com\",\"isPartOf\":{\"@id\":\"https:\\\/\\\/www.siegfriedhagl.com\\\/#website\"},\"datePublished\":\"2009-03-29T14:03:37+00:00\",\"dateModified\":\"2021-11-25T12:34:56+00:00\",\"breadcrumb\":{\"@id\":\"https:\\\/\\\/www.siegfriedhagl.com\\\/buch-und-filmbesprechungen\\\/ehrenrettung-fur-einen-verkannten-konig\\\/#breadcrumb\"},\"inLanguage\":\"es\",\"potentialAction\":[{\"@type\":\"ReadAction\",\"target\":[\"https:\\\/\\\/www.siegfriedhagl.com\\\/buch-und-filmbesprechungen\\\/ehrenrettung-fur-einen-verkannten-konig\\\/\"]}]},{\"@type\":\"BreadcrumbList\",\"@id\":\"https:\\\/\\\/www.siegfriedhagl.com\\\/buch-und-filmbesprechungen\\\/ehrenrettung-fur-einen-verkannten-konig\\\/#breadcrumb\",\"itemListElement\":[{\"@type\":\"ListItem\",\"position\":1,\"name\":\"Startseite\",\"item\":\"https:\\\/\\\/www.siegfriedhagl.com\\\/\"},{\"@type\":\"ListItem\",\"position\":2,\"name\":\"Ehrenrettung f\u00fcr einen verkannten K\u00f6nig?\"}]},{\"@type\":\"WebSite\",\"@id\":\"https:\\\/\\\/www.siegfriedhagl.com\\\/#website\",\"url\":\"https:\\\/\\\/www.siegfriedhagl.com\\\/\",\"name\":\"SiegfriedHagl.com\",\"description\":\"Artikel und Blog von Siegfried Hagl\",\"publisher\":{\"@id\":\"https:\\\/\\\/www.siegfriedhagl.com\\\/#\\\/schema\\\/person\\\/263c4a916fa13b3e7eda58f6c8c2695f\"},\"potentialAction\":[{\"@type\":\"SearchAction\",\"target\":{\"@type\":\"EntryPoint\",\"urlTemplate\":\"https:\\\/\\\/www.siegfriedhagl.com\\\/?s={search_term_string}\"},\"query-input\":{\"@type\":\"PropertyValueSpecification\",\"valueRequired\":true,\"valueName\":\"search_term_string\"}}],\"inLanguage\":\"es\"},{\"@type\":[\"Person\",\"Organization\"],\"@id\":\"https:\\\/\\\/www.siegfriedhagl.com\\\/#\\\/schema\\\/person\\\/263c4a916fa13b3e7eda58f6c8c2695f\",\"name\":\"siegfriedhagl\",\"image\":{\"@type\":\"ImageObject\",\"inLanguage\":\"es\",\"@id\":\"https:\\\/\\\/secure.gravatar.com\\\/avatar\\\/45b010d0734a07d6fa163753be02d78684ff4128f419d6ee0a0370de54233f1c?s=96&d=mm&r=g\",\"url\":\"https:\\\/\\\/secure.gravatar.com\\\/avatar\\\/45b010d0734a07d6fa163753be02d78684ff4128f419d6ee0a0370de54233f1c?s=96&d=mm&r=g\",\"contentUrl\":\"https:\\\/\\\/secure.gravatar.com\\\/avatar\\\/45b010d0734a07d6fa163753be02d78684ff4128f419d6ee0a0370de54233f1c?s=96&d=mm&r=g\",\"caption\":\"siegfriedhagl\"},\"logo\":{\"@id\":\"https:\\\/\\\/secure.gravatar.com\\\/avatar\\\/45b010d0734a07d6fa163753be02d78684ff4128f419d6ee0a0370de54233f1c?s=96&d=mm&r=g\"},\"sameAs\":[\"http:\\\/\\\/www.hagl.net\"]}]}<\/script>\n<!-- \/ Yoast SEO plugin. -->","yoast_head_json":{"title":"Salvaci\u00f3n de honor para un rey mal juzgado - SiegfriedHagl.com","robots":{"index":"index","follow":"follow","max-snippet":"max-snippet:-1","max-image-preview":"max-image-preview:large","max-video-preview":"max-video-preview:-1"},"canonical":"https:\/\/www.siegfriedhagl.com\/es\/resenas-de-libros-y-peliculas\/salvacion-de-honor-para-un-rey-no-reconocido\/","og_locale":"es_ES","og_type":"article","og_title":"Ehrenrettung f\u00fcr einen verkannten K\u00f6nig? &#8211; SiegfriedHagl.com","og_description":"(Ver\u00f6ffentlicht in GralsWelt 35\/2005) Auch wer die bayerische Geschichte kaum kennt, kann zumindest den Namen eines K\u00f6nigs von Bayern nennen: Ludwig II., zu dem es immer wieder etwas neues zu erz\u00e4hlen gibt. Bevor sich dieser Artikel diesem zuwendet, noch ein kurzer Blick auf andere Regenten des Bayerischen K\u00f6nigreiches, dessen kurze Existenz, im Vergleich zur langen [&hellip;]","og_url":"https:\/\/www.siegfriedhagl.com\/es\/resenas-de-libros-y-peliculas\/salvacion-de-honor-para-un-rey-no-reconocido\/","og_site_name":"SiegfriedHagl.com","article_published_time":"2009-03-29T14:03:37+00:00","article_modified_time":"2021-11-25T12:34:56+00:00","author":"siegfriedhagl","twitter_card":"summary_large_image","twitter_misc":{"Escrito por":"siegfriedhagl","Tiempo de lectura":"4 minutos"},"schema":{"@context":"https:\/\/schema.org","@graph":[{"@type":"Article","@id":"https:\/\/www.siegfriedhagl.com\/buch-und-filmbesprechungen\/ehrenrettung-fur-einen-verkannten-konig\/#article","isPartOf":{"@id":"https:\/\/www.siegfriedhagl.com\/buch-und-filmbesprechungen\/ehrenrettung-fur-einen-verkannten-konig\/"},"author":{"name":"siegfriedhagl","@id":"https:\/\/www.siegfriedhagl.com\/#\/schema\/person\/263c4a916fa13b3e7eda58f6c8c2695f"},"headline":"Ehrenrettung f\u00fcr einen verkannten K\u00f6nig?","datePublished":"2009-03-29T14:03:37+00:00","dateModified":"2021-11-25T12:34:56+00:00","mainEntityOfPage":{"@id":"https:\/\/www.siegfriedhagl.com\/buch-und-filmbesprechungen\/ehrenrettung-fur-einen-verkannten-konig\/"},"wordCount":995,"publisher":{"@id":"https:\/\/www.siegfriedhagl.com\/#\/schema\/person\/263c4a916fa13b3e7eda58f6c8c2695f"},"articleSection":["Buch- und Filmbesprechungen"],"inLanguage":"es"},{"@type":"WebPage","@id":"https:\/\/www.siegfriedhagl.com\/buch-und-filmbesprechungen\/ehrenrettung-fur-einen-verkannten-konig\/","url":"https:\/\/www.siegfriedhagl.com\/buch-und-filmbesprechungen\/ehrenrettung-fur-einen-verkannten-konig\/","name":"Salvaci\u00f3n de honor para un rey mal juzgado - SiegfriedHagl.com","isPartOf":{"@id":"https:\/\/www.siegfriedhagl.com\/#website"},"datePublished":"2009-03-29T14:03:37+00:00","dateModified":"2021-11-25T12:34:56+00:00","breadcrumb":{"@id":"https:\/\/www.siegfriedhagl.com\/buch-und-filmbesprechungen\/ehrenrettung-fur-einen-verkannten-konig\/#breadcrumb"},"inLanguage":"es","potentialAction":[{"@type":"ReadAction","target":["https:\/\/www.siegfriedhagl.com\/buch-und-filmbesprechungen\/ehrenrettung-fur-einen-verkannten-konig\/"]}]},{"@type":"BreadcrumbList","@id":"https:\/\/www.siegfriedhagl.com\/buch-und-filmbesprechungen\/ehrenrettung-fur-einen-verkannten-konig\/#breadcrumb","itemListElement":[{"@type":"ListItem","position":1,"name":"Startseite","item":"https:\/\/www.siegfriedhagl.com\/"},{"@type":"ListItem","position":2,"name":"Ehrenrettung f\u00fcr einen verkannten K\u00f6nig?"}]},{"@type":"WebSite","@id":"https:\/\/www.siegfriedhagl.com\/#website","url":"https:\/\/www.siegfriedhagl.com\/","name":"SiegfriedHagl.com","description":"Art\u00edculo y blog de Siegfried Hagl","publisher":{"@id":"https:\/\/www.siegfriedhagl.com\/#\/schema\/person\/263c4a916fa13b3e7eda58f6c8c2695f"},"potentialAction":[{"@type":"SearchAction","target":{"@type":"EntryPoint","urlTemplate":"https:\/\/www.siegfriedhagl.com\/?s={search_term_string}"},"query-input":{"@type":"PropertyValueSpecification","valueRequired":true,"valueName":"search_term_string"}}],"inLanguage":"es"},{"@type":["Person","Organization"],"@id":"https:\/\/www.siegfriedhagl.com\/#\/schema\/person\/263c4a916fa13b3e7eda58f6c8c2695f","name":"siegfriedhagl","image":{"@type":"ImageObject","inLanguage":"es","@id":"https:\/\/secure.gravatar.com\/avatar\/45b010d0734a07d6fa163753be02d78684ff4128f419d6ee0a0370de54233f1c?s=96&d=mm&r=g","url":"https:\/\/secure.gravatar.com\/avatar\/45b010d0734a07d6fa163753be02d78684ff4128f419d6ee0a0370de54233f1c?s=96&d=mm&r=g","contentUrl":"https:\/\/secure.gravatar.com\/avatar\/45b010d0734a07d6fa163753be02d78684ff4128f419d6ee0a0370de54233f1c?s=96&d=mm&r=g","caption":"siegfriedhagl"},"logo":{"@id":"https:\/\/secure.gravatar.com\/avatar\/45b010d0734a07d6fa163753be02d78684ff4128f419d6ee0a0370de54233f1c?s=96&d=mm&r=g"},"sameAs":["http:\/\/www.hagl.net"]}]}},"_links":{"self":[{"href":"https:\/\/www.siegfriedhagl.com\/es\/wp-json\/wp\/v2\/posts\/447","targetHints":{"allow":["GET"]}}],"collection":[{"href":"https:\/\/www.siegfriedhagl.com\/es\/wp-json\/wp\/v2\/posts"}],"about":[{"href":"https:\/\/www.siegfriedhagl.com\/es\/wp-json\/wp\/v2\/types\/post"}],"author":[{"embeddable":true,"href":"https:\/\/www.siegfriedhagl.com\/es\/wp-json\/wp\/v2\/users\/2"}],"replies":[{"embeddable":true,"href":"https:\/\/www.siegfriedhagl.com\/es\/wp-json\/wp\/v2\/comments?post=447"}],"version-history":[{"count":6,"href":"https:\/\/www.siegfriedhagl.com\/es\/wp-json\/wp\/v2\/posts\/447\/revisions"}],"predecessor-version":[{"id":7058,"href":"https:\/\/www.siegfriedhagl.com\/es\/wp-json\/wp\/v2\/posts\/447\/revisions\/7058"}],"wp:attachment":[{"href":"https:\/\/www.siegfriedhagl.com\/es\/wp-json\/wp\/v2\/media?parent=447"}],"wp:term":[{"taxonomy":"category","embeddable":true,"href":"https:\/\/www.siegfriedhagl.com\/es\/wp-json\/wp\/v2\/categories?post=447"},{"taxonomy":"post_tag","embeddable":true,"href":"https:\/\/www.siegfriedhagl.com\/es\/wp-json\/wp\/v2\/tags?post=447"}],"curies":[{"name":"wp","href":"https:\/\/api.w.org\/{rel}","templated":true}]}}