{"id":425,"date":"2009-03-29T13:12:09","date_gmt":"2009-03-29T12:12:09","guid":{"rendered":"https:\/\/www.siegfriedhagl.com\/?page_id=425"},"modified":"2021-11-25T14:14:58","modified_gmt":"2021-11-25T13:14:58","slug":"vom-gedachtnis-des-wassers","status":"publish","type":"post","link":"https:\/\/www.siegfriedhagl.com\/es\/resenas-de-libros-y-peliculas\/de-la-memoria-del-agua\/","title":{"rendered":"De la memoria del agua"},"content":{"rendered":"<blockquote><p>\u201c\u2026Porque dondequiera que tu sentido de la belleza no pueda vibrar felizmente, la armon\u00eda que est\u00e1 estrictamente determinada por las leyes de la creaci\u00f3n no est\u00e1 all\u00ed como deber\u00eda estar. Y donde no hay armon\u00eda, tampoco hay belleza.\u201d Abd-ru-shin (3-19-007)<\/p><\/blockquote>\n<p>GralsWelt 19\/2001 tambi\u00e9n inform\u00f3 sobre el libro de Masaru Emoto &quot;El mensaje del agua&quot; bajo el t\u00edtulo &quot;El elemento fascinante de la vida&quot;.<\/p>\n<p>Emoto permaneci\u00f3 en Alemania por un corto tiempo, y el equipo editorial de GralsWelt tuvo la oportunidad de asistir a una de sus conferencias de gran prestigio, en la que el investigador present\u00f3 y explic\u00f3 sus fotos de cristales de hielo. Con base en su serie de observaciones, Masuru Emoto asume que se pueden sacar conclusiones sobre la calidad del agua en funci\u00f3n de la belleza de las estructuras cristalinas.<\/p>\n<p>Estas estructuras no solo dependen de propiedades detectables f\u00edsica o qu\u00edmicamente, sino que aparentemente tambi\u00e9n forman &quot;vibraciones&quot; m\u00e1s finas, como el electrosmog, y de esta manera probablemente incluso almacenan informaci\u00f3n trascendente.<\/p>\n<p>As\u00ed cristaliza el agua seg\u00fan Mr. Emoto <em>tambi\u00e9n reflejan cualidades que el agua,<\/em> medio<em>els pensamientos y sensaciones, previamente suministrados conscientemente. En opini\u00f3n de Emoto, estas im\u00e1genes de cristales de hielo no solo brindan una explicaci\u00f3n sobre la efectividad de la homeopat\u00eda, sino que tambi\u00e9n abren nuevas formas en las que se pueden expresar los efectos.<\/em>\u00a0&#039;F<em>de las propias influencias&#039; puede ser aclarado&quot;.<\/em><br \/>\nSeg\u00fan su investigaci\u00f3n, la est\u00e9tica de la forma es m\u00e1s que una simple expresi\u00f3n de conceptos de arte que han cambiado con el tiempo. En sus pinturas de cristal, lo que parec\u00eda &quot;hermoso&quot; y &quot;armonioso&quot; tambi\u00e9n mejoraba la vida y brindaba salud (a menos que la contaminaci\u00f3n contaminara el agua, raz\u00f3n por la cual Emoto experimenta principalmente con agua en su forma destilada).<\/p>\n<p>El fen\u00f3meno est\u00e9tico fue igualmente evidente, independientemente de si los atractivos cristales de hielo fueron creados por agua &quot;viva&quot; naturalmente limpia, o si los buenos pensamientos, la m\u00fasica noble o incluso los rituales religiosos beneficiaron al agua, o se imprimieron como informaci\u00f3n. Lo que la gente siempre ha sabido, y que todas las religiones han ense\u00f1ado durante mucho tiempo, podr\u00eda hacerse visible a todos por primera vez con el medio del agua: \u00a1el efecto de las buenas intenciones!<br \/>\nSer\u00e1 interesante ver c\u00f3mo contin\u00faa desarroll\u00e1ndose la investigaci\u00f3n de Masaru Emoto y en qu\u00e9 medida logra que los cient\u00edficos esc\u00e9pticos se interesen en el valor prospectivo de su trabajo y ganen su cooperaci\u00f3n para su investigaci\u00f3n.<\/p>\n<p><strong>Literatura:<\/strong><br \/>\nMundo del Grial 19\/2001.<br \/>\nM\u00e1s informaci\u00f3n de &quot;WISE Crystal&quot;, asociaci\u00f3n sin fines de lucro, PO Box 1171, CH-8021 Zurich (www.wisecrystal.org), Tel. (+41) 071\/223 16 68, FAX (+41) 071\/223 34 72. All\u00ed tambi\u00e9n puedes hacer analizar el agua.<\/p>","protected":false},"excerpt":{"rendered":"<p>&#8222;&#8230;Weil \u00fcberall, wo Euer Sch\u00f6nheitssinn nicht freudig schwingen kann, die sch\u00f6pfungsgesetzm\u00e4\u00dfig streng bedingte Harmonie nicht so vorhanden ist, wie sie sein soll. Und wo die Harmonie fehlt, ist auch Sch\u00f6nheit nicht.&#8220;\u00a0 \u00a0 \u00a0 \u00a0Abd-ru-shin (3-19-007) In der GralsWelt 19\/2001 wurde unter \u00dcberschrift &#8222;Das faszinierende Element des Lebens&#8220; auch \u00fcber Masaru Emotos Buch &#8222;Die Botschaft vom [&hellip;]<\/p>\n","protected":false},"author":2,"featured_media":0,"comment_status":"closed","ping_status":"open","sticky":false,"template":"","format":"standard","meta":{"footnotes":""},"categories":[5],"tags":[],"class_list":["post-425","post","type-post","status-publish","format-standard","hentry","category-buch-und-filmbesprechungen"],"yoast_head":"<!-- This site is optimized with the Yoast SEO plugin v27.5 - https:\/\/yoast.com\/product\/yoast-seo-wordpress\/ -->\n<title>Vom Ged\u00e4chtnis des Wassers &#8211; SiegfriedHagl.com<\/title>\n<meta name=\"robots\" content=\"index, follow, max-snippet:-1, max-image-preview:large, max-video-preview:-1\" \/>\n<link rel=\"canonical\" href=\"https:\/\/www.siegfriedhagl.com\/es\/resenas-de-libros-y-peliculas\/de-la-memoria-del-agua\/\" \/>\n<meta property=\"og:locale\" content=\"es_ES\" \/>\n<meta property=\"og:type\" content=\"article\" \/>\n<meta property=\"og:title\" content=\"Vom Ged\u00e4chtnis des Wassers &#8211; SiegfriedHagl.com\" \/>\n<meta property=\"og:description\" content=\"&#8222;&#8230;Weil \u00fcberall, wo Euer Sch\u00f6nheitssinn nicht freudig schwingen kann, die sch\u00f6pfungsgesetzm\u00e4\u00dfig streng bedingte Harmonie nicht so vorhanden ist, wie sie sein soll. Und wo die Harmonie fehlt, ist auch Sch\u00f6nheit nicht.&#8220;\u00a0 \u00a0 \u00a0 \u00a0Abd-ru-shin (3-19-007) In der GralsWelt 19\/2001 wurde unter \u00dcberschrift &#8222;Das faszinierende Element des Lebens&#8220; auch \u00fcber Masaru Emotos Buch &#8222;Die Botschaft vom [&hellip;]\" \/>\n<meta property=\"og:url\" content=\"https:\/\/www.siegfriedhagl.com\/es\/resenas-de-libros-y-peliculas\/de-la-memoria-del-agua\/\" \/>\n<meta property=\"og:site_name\" content=\"SiegfriedHagl.com\" \/>\n<meta property=\"article:published_time\" content=\"2009-03-29T12:12:09+00:00\" \/>\n<meta property=\"article:modified_time\" content=\"2021-11-25T13:14:58+00:00\" \/>\n<meta name=\"author\" content=\"siegfriedhagl\" \/>\n<meta name=\"twitter:card\" content=\"summary_large_image\" \/>\n<meta name=\"twitter:label1\" content=\"Escrito por\" \/>\n\t<meta name=\"twitter:data1\" content=\"siegfriedhagl\" \/>\n\t<meta name=\"twitter:label2\" content=\"Tiempo de lectura\" \/>\n\t<meta name=\"twitter:data2\" content=\"2 minutos\" \/>\n<script type=\"application\/ld+json\" class=\"yoast-schema-graph\">{\"@context\":\"https:\\\/\\\/schema.org\",\"@graph\":[{\"@type\":\"Article\",\"@id\":\"https:\\\/\\\/www.siegfriedhagl.com\\\/buch-und-filmbesprechungen\\\/vom-gedachtnis-des-wassers\\\/#article\",\"isPartOf\":{\"@id\":\"https:\\\/\\\/www.siegfriedhagl.com\\\/buch-und-filmbesprechungen\\\/vom-gedachtnis-des-wassers\\\/\"},\"author\":{\"name\":\"siegfriedhagl\",\"@id\":\"https:\\\/\\\/www.siegfriedhagl.com\\\/#\\\/schema\\\/person\\\/263c4a916fa13b3e7eda58f6c8c2695f\"},\"headline\":\"Vom Ged\u00e4chtnis des Wassers\",\"datePublished\":\"2009-03-29T12:12:09+00:00\",\"dateModified\":\"2021-11-25T13:14:58+00:00\",\"mainEntityOfPage\":{\"@id\":\"https:\\\/\\\/www.siegfriedhagl.com\\\/buch-und-filmbesprechungen\\\/vom-gedachtnis-des-wassers\\\/\"},\"wordCount\":412,\"publisher\":{\"@id\":\"https:\\\/\\\/www.siegfriedhagl.com\\\/#\\\/schema\\\/person\\\/263c4a916fa13b3e7eda58f6c8c2695f\"},\"articleSection\":[\"Buch- und Filmbesprechungen\"],\"inLanguage\":\"es\"},{\"@type\":\"WebPage\",\"@id\":\"https:\\\/\\\/www.siegfriedhagl.com\\\/buch-und-filmbesprechungen\\\/vom-gedachtnis-des-wassers\\\/\",\"url\":\"https:\\\/\\\/www.siegfriedhagl.com\\\/buch-und-filmbesprechungen\\\/vom-gedachtnis-des-wassers\\\/\",\"name\":\"Vom Ged\u00e4chtnis des Wassers &#8211; SiegfriedHagl.com\",\"isPartOf\":{\"@id\":\"https:\\\/\\\/www.siegfriedhagl.com\\\/#website\"},\"datePublished\":\"2009-03-29T12:12:09+00:00\",\"dateModified\":\"2021-11-25T13:14:58+00:00\",\"breadcrumb\":{\"@id\":\"https:\\\/\\\/www.siegfriedhagl.com\\\/buch-und-filmbesprechungen\\\/vom-gedachtnis-des-wassers\\\/#breadcrumb\"},\"inLanguage\":\"es\",\"potentialAction\":[{\"@type\":\"ReadAction\",\"target\":[\"https:\\\/\\\/www.siegfriedhagl.com\\\/buch-und-filmbesprechungen\\\/vom-gedachtnis-des-wassers\\\/\"]}]},{\"@type\":\"BreadcrumbList\",\"@id\":\"https:\\\/\\\/www.siegfriedhagl.com\\\/buch-und-filmbesprechungen\\\/vom-gedachtnis-des-wassers\\\/#breadcrumb\",\"itemListElement\":[{\"@type\":\"ListItem\",\"position\":1,\"name\":\"Startseite\",\"item\":\"https:\\\/\\\/www.siegfriedhagl.com\\\/\"},{\"@type\":\"ListItem\",\"position\":2,\"name\":\"Vom Ged\u00e4chtnis des Wassers\"}]},{\"@type\":\"WebSite\",\"@id\":\"https:\\\/\\\/www.siegfriedhagl.com\\\/#website\",\"url\":\"https:\\\/\\\/www.siegfriedhagl.com\\\/\",\"name\":\"SiegfriedHagl.com\",\"description\":\"Artikel und Blog von Siegfried Hagl\",\"publisher\":{\"@id\":\"https:\\\/\\\/www.siegfriedhagl.com\\\/#\\\/schema\\\/person\\\/263c4a916fa13b3e7eda58f6c8c2695f\"},\"potentialAction\":[{\"@type\":\"SearchAction\",\"target\":{\"@type\":\"EntryPoint\",\"urlTemplate\":\"https:\\\/\\\/www.siegfriedhagl.com\\\/?s={search_term_string}\"},\"query-input\":{\"@type\":\"PropertyValueSpecification\",\"valueRequired\":true,\"valueName\":\"search_term_string\"}}],\"inLanguage\":\"es\"},{\"@type\":[\"Person\",\"Organization\"],\"@id\":\"https:\\\/\\\/www.siegfriedhagl.com\\\/#\\\/schema\\\/person\\\/263c4a916fa13b3e7eda58f6c8c2695f\",\"name\":\"siegfriedhagl\",\"image\":{\"@type\":\"ImageObject\",\"inLanguage\":\"es\",\"@id\":\"https:\\\/\\\/secure.gravatar.com\\\/avatar\\\/45b010d0734a07d6fa163753be02d78684ff4128f419d6ee0a0370de54233f1c?s=96&d=mm&r=g\",\"url\":\"https:\\\/\\\/secure.gravatar.com\\\/avatar\\\/45b010d0734a07d6fa163753be02d78684ff4128f419d6ee0a0370de54233f1c?s=96&d=mm&r=g\",\"contentUrl\":\"https:\\\/\\\/secure.gravatar.com\\\/avatar\\\/45b010d0734a07d6fa163753be02d78684ff4128f419d6ee0a0370de54233f1c?s=96&d=mm&r=g\",\"caption\":\"siegfriedhagl\"},\"logo\":{\"@id\":\"https:\\\/\\\/secure.gravatar.com\\\/avatar\\\/45b010d0734a07d6fa163753be02d78684ff4128f419d6ee0a0370de54233f1c?s=96&d=mm&r=g\"},\"sameAs\":[\"http:\\\/\\\/www.hagl.net\"]}]}<\/script>\n<!-- \/ Yoast SEO plugin. -->","yoast_head_json":{"title":"La memoria del agua - SiegfriedHagl.com","robots":{"index":"index","follow":"follow","max-snippet":"max-snippet:-1","max-image-preview":"max-image-preview:large","max-video-preview":"max-video-preview:-1"},"canonical":"https:\/\/www.siegfriedhagl.com\/es\/resenas-de-libros-y-peliculas\/de-la-memoria-del-agua\/","og_locale":"es_ES","og_type":"article","og_title":"Vom Ged\u00e4chtnis des Wassers &#8211; SiegfriedHagl.com","og_description":"&#8222;&#8230;Weil \u00fcberall, wo Euer Sch\u00f6nheitssinn nicht freudig schwingen kann, die sch\u00f6pfungsgesetzm\u00e4\u00dfig streng bedingte Harmonie nicht so vorhanden ist, wie sie sein soll. Und wo die Harmonie fehlt, ist auch Sch\u00f6nheit nicht.&#8220;\u00a0 \u00a0 \u00a0 \u00a0Abd-ru-shin (3-19-007) In der GralsWelt 19\/2001 wurde unter \u00dcberschrift &#8222;Das faszinierende Element des Lebens&#8220; auch \u00fcber Masaru Emotos Buch &#8222;Die Botschaft vom [&hellip;]","og_url":"https:\/\/www.siegfriedhagl.com\/es\/resenas-de-libros-y-peliculas\/de-la-memoria-del-agua\/","og_site_name":"SiegfriedHagl.com","article_published_time":"2009-03-29T12:12:09+00:00","article_modified_time":"2021-11-25T13:14:58+00:00","author":"siegfriedhagl","twitter_card":"summary_large_image","twitter_misc":{"Escrito por":"siegfriedhagl","Tiempo de lectura":"2 minutos"},"schema":{"@context":"https:\/\/schema.org","@graph":[{"@type":"Article","@id":"https:\/\/www.siegfriedhagl.com\/buch-und-filmbesprechungen\/vom-gedachtnis-des-wassers\/#article","isPartOf":{"@id":"https:\/\/www.siegfriedhagl.com\/buch-und-filmbesprechungen\/vom-gedachtnis-des-wassers\/"},"author":{"name":"siegfriedhagl","@id":"https:\/\/www.siegfriedhagl.com\/#\/schema\/person\/263c4a916fa13b3e7eda58f6c8c2695f"},"headline":"Vom Ged\u00e4chtnis des Wassers","datePublished":"2009-03-29T12:12:09+00:00","dateModified":"2021-11-25T13:14:58+00:00","mainEntityOfPage":{"@id":"https:\/\/www.siegfriedhagl.com\/buch-und-filmbesprechungen\/vom-gedachtnis-des-wassers\/"},"wordCount":412,"publisher":{"@id":"https:\/\/www.siegfriedhagl.com\/#\/schema\/person\/263c4a916fa13b3e7eda58f6c8c2695f"},"articleSection":["Buch- und Filmbesprechungen"],"inLanguage":"es"},{"@type":"WebPage","@id":"https:\/\/www.siegfriedhagl.com\/buch-und-filmbesprechungen\/vom-gedachtnis-des-wassers\/","url":"https:\/\/www.siegfriedhagl.com\/buch-und-filmbesprechungen\/vom-gedachtnis-des-wassers\/","name":"La memoria del agua - SiegfriedHagl.com","isPartOf":{"@id":"https:\/\/www.siegfriedhagl.com\/#website"},"datePublished":"2009-03-29T12:12:09+00:00","dateModified":"2021-11-25T13:14:58+00:00","breadcrumb":{"@id":"https:\/\/www.siegfriedhagl.com\/buch-und-filmbesprechungen\/vom-gedachtnis-des-wassers\/#breadcrumb"},"inLanguage":"es","potentialAction":[{"@type":"ReadAction","target":["https:\/\/www.siegfriedhagl.com\/buch-und-filmbesprechungen\/vom-gedachtnis-des-wassers\/"]}]},{"@type":"BreadcrumbList","@id":"https:\/\/www.siegfriedhagl.com\/buch-und-filmbesprechungen\/vom-gedachtnis-des-wassers\/#breadcrumb","itemListElement":[{"@type":"ListItem","position":1,"name":"Startseite","item":"https:\/\/www.siegfriedhagl.com\/"},{"@type":"ListItem","position":2,"name":"Vom Ged\u00e4chtnis des Wassers"}]},{"@type":"WebSite","@id":"https:\/\/www.siegfriedhagl.com\/#website","url":"https:\/\/www.siegfriedhagl.com\/","name":"SiegfriedHagl.com","description":"Art\u00edculo y blog de Siegfried Hagl","publisher":{"@id":"https:\/\/www.siegfriedhagl.com\/#\/schema\/person\/263c4a916fa13b3e7eda58f6c8c2695f"},"potentialAction":[{"@type":"SearchAction","target":{"@type":"EntryPoint","urlTemplate":"https:\/\/www.siegfriedhagl.com\/?s={search_term_string}"},"query-input":{"@type":"PropertyValueSpecification","valueRequired":true,"valueName":"search_term_string"}}],"inLanguage":"es"},{"@type":["Person","Organization"],"@id":"https:\/\/www.siegfriedhagl.com\/#\/schema\/person\/263c4a916fa13b3e7eda58f6c8c2695f","name":"siegfriedhagl","image":{"@type":"ImageObject","inLanguage":"es","@id":"https:\/\/secure.gravatar.com\/avatar\/45b010d0734a07d6fa163753be02d78684ff4128f419d6ee0a0370de54233f1c?s=96&d=mm&r=g","url":"https:\/\/secure.gravatar.com\/avatar\/45b010d0734a07d6fa163753be02d78684ff4128f419d6ee0a0370de54233f1c?s=96&d=mm&r=g","contentUrl":"https:\/\/secure.gravatar.com\/avatar\/45b010d0734a07d6fa163753be02d78684ff4128f419d6ee0a0370de54233f1c?s=96&d=mm&r=g","caption":"siegfriedhagl"},"logo":{"@id":"https:\/\/secure.gravatar.com\/avatar\/45b010d0734a07d6fa163753be02d78684ff4128f419d6ee0a0370de54233f1c?s=96&d=mm&r=g"},"sameAs":["http:\/\/www.hagl.net"]}]}},"_links":{"self":[{"href":"https:\/\/www.siegfriedhagl.com\/es\/wp-json\/wp\/v2\/posts\/425","targetHints":{"allow":["GET"]}}],"collection":[{"href":"https:\/\/www.siegfriedhagl.com\/es\/wp-json\/wp\/v2\/posts"}],"about":[{"href":"https:\/\/www.siegfriedhagl.com\/es\/wp-json\/wp\/v2\/types\/post"}],"author":[{"embeddable":true,"href":"https:\/\/www.siegfriedhagl.com\/es\/wp-json\/wp\/v2\/users\/2"}],"replies":[{"embeddable":true,"href":"https:\/\/www.siegfriedhagl.com\/es\/wp-json\/wp\/v2\/comments?post=425"}],"version-history":[{"count":8,"href":"https:\/\/www.siegfriedhagl.com\/es\/wp-json\/wp\/v2\/posts\/425\/revisions"}],"predecessor-version":[{"id":7061,"href":"https:\/\/www.siegfriedhagl.com\/es\/wp-json\/wp\/v2\/posts\/425\/revisions\/7061"}],"wp:attachment":[{"href":"https:\/\/www.siegfriedhagl.com\/es\/wp-json\/wp\/v2\/media?parent=425"}],"wp:term":[{"taxonomy":"category","embeddable":true,"href":"https:\/\/www.siegfriedhagl.com\/es\/wp-json\/wp\/v2\/categories?post=425"},{"taxonomy":"post_tag","embeddable":true,"href":"https:\/\/www.siegfriedhagl.com\/es\/wp-json\/wp\/v2\/tags?post=425"}],"curies":[{"name":"wp","href":"https:\/\/api.w.org\/{rel}","templated":true}]}}