{"id":258,"date":"2009-03-25T18:04:48","date_gmt":"2009-03-25T17:04:48","guid":{"rendered":"https:\/\/www.siegfriedhagl.com\/?page_id=258"},"modified":"2021-12-26T17:34:52","modified_gmt":"2021-12-26T16:34:52","slug":"die-grose-krise","status":"publish","type":"post","link":"https:\/\/www.siegfriedhagl.com\/es\/historia\/la-gran-crisis\/","title":{"rendered":"la gran crisis"},"content":{"rendered":"<blockquote><p>(Publicado en GralsWelt 19\/2001)<strong>\u00a0<\/strong><\/p><\/blockquote>\n<p>En los recuerdos de la \u00e9poca posterior a la Primera Guerra Mundial, se habla de los &quot;dorados a\u00f1os veinte&quot;. Durante esta d\u00e9cada, entre 1920 y 1930, Europa se recuper\u00f3 lentamente de las heridas de la guerra, el arte y la cultura florecieron. Muchos desarrollos, cuyos efectos todav\u00eda se pueden sentir hoy, como el surgimiento de la industria cinematogr\u00e1fica, comenzaron en ese momento. El Reich alem\u00e1n, que estaba muy afectado por las consecuencias de la guerra y las reparaciones, tambi\u00e9n experiment\u00f3 un breve (aparente) apogeo.<\/p>\n<p>Esta, en retrospectiva sentimental, \u00e9poca feliz al menos para la clase alta y los intelectuales, lleg\u00f3 a un abrupto final con la ca\u00edda de la bolsa de valores de 1929, que marc\u00f3 el comienzo de la crisis econ\u00f3mica mundial m\u00e1s dr\u00e1stica hasta la fecha.<\/p>\n<blockquote><p><em>\u201cSe puede decir con cierta justificaci\u00f3n que la Gran Depresi\u00f3n <\/em><em>debido a su impacto en el comportamiento humano el bis <\/em><em>ahora era el evento m\u00e1s importante del siglo, al menos para los estadounidenses\u201d.\u00a0 \u00a0 \u00a0 \u00a0 \u00a0 \u00a0 \u00a0 \u00a0 \u00a0 \u00a0 \u00a0 \u00a0 \u00a0 \u00a0 \u00a0 \u00a0 <\/em>John Kenneth Galbraith.<\/p><\/blockquote>\n<p>Esto fue precedido por un auge burs\u00e1til que alent\u00f3 a muchos especuladores a especular con acciones apalancadas. Los bancos dieron f\u00e1cilmente pr\u00e9stamos que parec\u00edan respaldados por acciones. Siempre que los precios de las acciones subieran m\u00e1s r\u00e1pido que las tasas de inter\u00e9s de los pr\u00e9stamos, era un buen negocio. Pero ning\u00fan auge dura para siempre; cuando los precios sub\u00edan excesivamente, cada vez se produc\u00eda una &quot;correcci\u00f3n&quot;.<\/p>\n<p>En los EE. UU., la ca\u00edda de precios comenz\u00f3 el 24 de octubre de 1929 (un jueves &quot;negro&quot;), que se expandi\u00f3 a una ca\u00edda aterradora en los precios el &quot;martes negro&quot; 29 de octubre.<br \/>\nLas acciones depositadas como garant\u00eda ya no cubr\u00edan los pr\u00e9stamos despu\u00e9s de la ca\u00edda del precio; los bancos exigieron la devoluci\u00f3n de sus fondos. Las acciones se vendieron en p\u00e1nico. Los precios cayeron y cayeron; especuladores fr\u00edvolos quebraron.<\/p>\n<p><strong>Y aqu\u00ed est\u00e1n los hechos:<br \/>\n<\/strong>El \u00edndice burs\u00e1til del New York Times subi\u00f3 de 134 a fines de 1924 a 449 en el verano de 1929; es decir, m\u00e1s del triple en menos de 5 a\u00f1os. En julio de 1932 este \u00edndice se situ\u00f3 en 58, \u00a1un poco m\u00e1s de una octava parte del m\u00e1ximo! A los bienes ra\u00edces no les fue diferente; temporalmente cayeron a una d\u00e9cima parte del nivel de 1929.<br \/>\nPor temor a las quiebras bancarias, muchos inversores retiraron sus dep\u00f3sitos en efectivo; la mitad de los bancos estadounidenses quebraron y el dinero que les hab\u00edan confiado sus clientes se perdi\u00f3.<\/p>\n<p>Este accidente no se limit\u00f3 a los Estados Unidos. Debido a la interdependencia monetaria (la econom\u00eda europea, especialmente la alemana, se apoyaba en gran medida en pr\u00e9stamos de los EE. UU.), la econom\u00eda europea y, por lo tanto, la mundial, cayeron en una profunda crisis. Las quiebras de empresas, los despidos, las liquidaciones, los recortes de producci\u00f3n, la ca\u00edda de los precios y los recortes salariales dominaron los eventos en todo el mundo, y las masas de desempleados explotaron.<br \/>\nEn 1932 hubo guerra civil en China, guerra en Am\u00e9rica del Sur, guerra del petr\u00f3leo en Asia Menor. La producci\u00f3n industrial y los precios al productor hab\u00edan ca\u00eddo dr\u00e1sticamente y hab\u00eda desempleados en todas partes (casi 7 millones en Alemania, 13 millones en los Estados Unidos).<\/p>\n<p>\u00a1Hab\u00eda que encontrar una salida a esta depresi\u00f3n mundial!<br \/>\nHoy la opini\u00f3n es que esta crisis del mercado de valores, que generalmente ocurre despu\u00e9s de un sobrecalentamiento, no ten\u00eda por qu\u00e9 haber llevado a una crisis econ\u00f3mica. Los jefes de gobierno responsables pensaron de manera demasiado restrictiva y no actuaron de manera coordinada.<\/p>\n<p>el canciller alem\u00e1n <em>Heinrich Bruning<\/em> (1885-1970) hay que reconocer que se ha querido mostrar al mundo lo inalcanzables que eran las exigencias de reparaci\u00f3n del Tratado de Versalles. Pero tambi\u00e9n <em>Herbert Hoover<\/em> (1874-1964), el 31\u00ba presidente de los EE. UU., no ten\u00eda remedio para la depresi\u00f3n de su rico pa\u00eds. Tanto Hoover como Br\u00fcning tuvieron que dejar sus puestos.<\/p>\n<p>En USA fue en enero de 1933 <em>Franklin D. Roosevelt<\/em> (1882-1945) Presidente. Puso fondos estatales disponibles bajo el t\u00edtulo &quot;nuevo trato&quot; y lanz\u00f3 una variedad de medidas para impulsar la econom\u00eda en declive. *)<br \/>\nEn Alemania, la crisis del 30 de enero de 1933 ayud\u00f3 <em>adolf hitler<\/em> (1889-1945) al cargo de Canciller del Reich. Los expertos asesoraron a Hitler en un programa similar al que se atrevi\u00f3 Roosevelt. Sin embargo, con la diferencia de que el &quot;Tercer Reich&quot; invirti\u00f3 principalmente en armamentos, mientras que las inversiones civiles se planificaron en los EE. UU.<\/p>\n<p>La \u201ceconom\u00eda de libre mercado\u201d, que supuestamente oscila entre el auge y la ca\u00edda, cay\u00f3 en descr\u00e9dito en todo el mundo. Sigui\u00f3 una \u00e9poca en la que los controles de cambio, los altos aranceles y las cuotas obstaculizaron el comercio mundial. Para lograr esto, se utiliz\u00f3 la cooperaci\u00f3n bilateral. Las econom\u00edas totalitarias, como la de la URSS o la de la Alemania nazi, pod\u00edan sentirse reivindicadas por la crisis provocada por la econom\u00eda libre, y la pol\u00edtica del &quot;eje Berl\u00edn-Roma&quot; tambi\u00e9n estaba en consonancia con los tiempos.<\/p>\n<p><strong>Nota final:<\/strong><br \/>\n*) En 1936, John Maynard Keynes (1883-1946) proporcion\u00f3 la teor\u00eda econ\u00f3mica faltante del &quot;gasto deficitario&quot;.<br \/>\n<strong>Literatura:<\/strong><br \/>\n(1) Ambrosius, Gerold &quot;Historia social y econ\u00f3mica de Europa en el siglo XX&quot;, CH Beck, Munich 1986.<br \/>\n(2) Fernau, Joachim &quot;Alemania, Alemania sobre todo...&quot;, Gerhard Stalling, Oldenburg 1952.<br \/>\n(3) Galbraith, John K. &quot;Dinero&quot;, Droemer-Knaur, M\u00fanich 1976.<br \/>\n(4) Senf, Bernd &quot;La niebla alrededor del dinero&quot;, Gauke, L\u00fctjenburg 1987.<br \/>\n(5) Zierer, Otto &quot;Historia del Nuevo Mundo&quot; Vol. III, Fackel, Stuttgart oJ<\/p>","protected":false},"excerpt":{"rendered":"<p>(Ver\u00f6ffentlicht in GralsWelt 19\/2001)\u00a0 In Erinnerungen an die Zeit nach dem Ersten Weltkrieg wird von den &#8222;golden twenties&#8220;, den &#8222;goldenen zwanziger Jahren&#8220; gesprochen. In diesem Jahrzehnt, zwischen 1920 und 1930, erholte sich Europa langsam von den Wunden des Krieges, Kunst und Kultur bl\u00fchten auf. Viele Entwicklungen, deren Auswirkungen bis heute sp\u00fcrbar sind, wie der Aufstieg [&hellip;]<\/p>\n","protected":false},"author":2,"featured_media":0,"comment_status":"closed","ping_status":"open","sticky":false,"template":"","format":"standard","meta":{"footnotes":""},"categories":[8],"tags":[],"class_list":["post-258","post","type-post","status-publish","format-standard","hentry","category-geschichte"],"yoast_head":"<!-- This site is optimized with the Yoast SEO plugin v27.5 - https:\/\/yoast.com\/product\/yoast-seo-wordpress\/ -->\n<title>Die gro\u00dfe Krise &#8211; SiegfriedHagl.com<\/title>\n<meta name=\"robots\" content=\"index, follow, max-snippet:-1, max-image-preview:large, max-video-preview:-1\" \/>\n<link rel=\"canonical\" href=\"https:\/\/www.siegfriedhagl.com\/es\/historia\/la-gran-crisis\/\" \/>\n<meta property=\"og:locale\" content=\"es_ES\" \/>\n<meta property=\"og:type\" content=\"article\" \/>\n<meta property=\"og:title\" content=\"Die gro\u00dfe Krise &#8211; SiegfriedHagl.com\" \/>\n<meta property=\"og:description\" content=\"(Ver\u00f6ffentlicht in GralsWelt 19\/2001)\u00a0 In Erinnerungen an die Zeit nach dem Ersten Weltkrieg wird von den &#8222;golden twenties&#8220;, den &#8222;goldenen zwanziger Jahren&#8220; gesprochen. In diesem Jahrzehnt, zwischen 1920 und 1930, erholte sich Europa langsam von den Wunden des Krieges, Kunst und Kultur bl\u00fchten auf. Viele Entwicklungen, deren Auswirkungen bis heute sp\u00fcrbar sind, wie der Aufstieg [&hellip;]\" \/>\n<meta property=\"og:url\" content=\"https:\/\/www.siegfriedhagl.com\/es\/historia\/la-gran-crisis\/\" \/>\n<meta property=\"og:site_name\" content=\"SiegfriedHagl.com\" \/>\n<meta property=\"article:published_time\" content=\"2009-03-25T17:04:48+00:00\" \/>\n<meta property=\"article:modified_time\" content=\"2021-12-26T16:34:52+00:00\" \/>\n<meta name=\"author\" content=\"siegfriedhagl\" \/>\n<meta name=\"twitter:card\" content=\"summary_large_image\" \/>\n<meta name=\"twitter:label1\" content=\"Escrito por\" \/>\n\t<meta name=\"twitter:data1\" content=\"siegfriedhagl\" \/>\n\t<meta name=\"twitter:label2\" content=\"Tiempo de lectura\" \/>\n\t<meta name=\"twitter:data2\" content=\"5 minutos\" \/>\n<script type=\"application\/ld+json\" class=\"yoast-schema-graph\">{\"@context\":\"https:\\\/\\\/schema.org\",\"@graph\":[{\"@type\":\"Article\",\"@id\":\"https:\\\/\\\/www.siegfriedhagl.com\\\/geschichte\\\/die-grose-krise\\\/#article\",\"isPartOf\":{\"@id\":\"https:\\\/\\\/www.siegfriedhagl.com\\\/geschichte\\\/die-grose-krise\\\/\"},\"author\":{\"name\":\"siegfriedhagl\",\"@id\":\"https:\\\/\\\/www.siegfriedhagl.com\\\/#\\\/schema\\\/person\\\/263c4a916fa13b3e7eda58f6c8c2695f\"},\"headline\":\"Die gro\u00dfe Krise\",\"datePublished\":\"2009-03-25T17:04:48+00:00\",\"dateModified\":\"2021-12-26T16:34:52+00:00\",\"mainEntityOfPage\":{\"@id\":\"https:\\\/\\\/www.siegfriedhagl.com\\\/geschichte\\\/die-grose-krise\\\/\"},\"wordCount\":780,\"publisher\":{\"@id\":\"https:\\\/\\\/www.siegfriedhagl.com\\\/#\\\/schema\\\/person\\\/263c4a916fa13b3e7eda58f6c8c2695f\"},\"articleSection\":[\"Geschichte\\\/Historik\"],\"inLanguage\":\"es\"},{\"@type\":\"WebPage\",\"@id\":\"https:\\\/\\\/www.siegfriedhagl.com\\\/geschichte\\\/die-grose-krise\\\/\",\"url\":\"https:\\\/\\\/www.siegfriedhagl.com\\\/geschichte\\\/die-grose-krise\\\/\",\"name\":\"Die gro\u00dfe Krise &#8211; SiegfriedHagl.com\",\"isPartOf\":{\"@id\":\"https:\\\/\\\/www.siegfriedhagl.com\\\/#website\"},\"datePublished\":\"2009-03-25T17:04:48+00:00\",\"dateModified\":\"2021-12-26T16:34:52+00:00\",\"breadcrumb\":{\"@id\":\"https:\\\/\\\/www.siegfriedhagl.com\\\/geschichte\\\/die-grose-krise\\\/#breadcrumb\"},\"inLanguage\":\"es\",\"potentialAction\":[{\"@type\":\"ReadAction\",\"target\":[\"https:\\\/\\\/www.siegfriedhagl.com\\\/geschichte\\\/die-grose-krise\\\/\"]}]},{\"@type\":\"BreadcrumbList\",\"@id\":\"https:\\\/\\\/www.siegfriedhagl.com\\\/geschichte\\\/die-grose-krise\\\/#breadcrumb\",\"itemListElement\":[{\"@type\":\"ListItem\",\"position\":1,\"name\":\"Startseite\",\"item\":\"https:\\\/\\\/www.siegfriedhagl.com\\\/\"},{\"@type\":\"ListItem\",\"position\":2,\"name\":\"Die gro\u00dfe Krise\"}]},{\"@type\":\"WebSite\",\"@id\":\"https:\\\/\\\/www.siegfriedhagl.com\\\/#website\",\"url\":\"https:\\\/\\\/www.siegfriedhagl.com\\\/\",\"name\":\"SiegfriedHagl.com\",\"description\":\"Artikel und Blog von Siegfried Hagl\",\"publisher\":{\"@id\":\"https:\\\/\\\/www.siegfriedhagl.com\\\/#\\\/schema\\\/person\\\/263c4a916fa13b3e7eda58f6c8c2695f\"},\"potentialAction\":[{\"@type\":\"SearchAction\",\"target\":{\"@type\":\"EntryPoint\",\"urlTemplate\":\"https:\\\/\\\/www.siegfriedhagl.com\\\/?s={search_term_string}\"},\"query-input\":{\"@type\":\"PropertyValueSpecification\",\"valueRequired\":true,\"valueName\":\"search_term_string\"}}],\"inLanguage\":\"es\"},{\"@type\":[\"Person\",\"Organization\"],\"@id\":\"https:\\\/\\\/www.siegfriedhagl.com\\\/#\\\/schema\\\/person\\\/263c4a916fa13b3e7eda58f6c8c2695f\",\"name\":\"siegfriedhagl\",\"image\":{\"@type\":\"ImageObject\",\"inLanguage\":\"es\",\"@id\":\"https:\\\/\\\/secure.gravatar.com\\\/avatar\\\/45b010d0734a07d6fa163753be02d78684ff4128f419d6ee0a0370de54233f1c?s=96&d=mm&r=g\",\"url\":\"https:\\\/\\\/secure.gravatar.com\\\/avatar\\\/45b010d0734a07d6fa163753be02d78684ff4128f419d6ee0a0370de54233f1c?s=96&d=mm&r=g\",\"contentUrl\":\"https:\\\/\\\/secure.gravatar.com\\\/avatar\\\/45b010d0734a07d6fa163753be02d78684ff4128f419d6ee0a0370de54233f1c?s=96&d=mm&r=g\",\"caption\":\"siegfriedhagl\"},\"logo\":{\"@id\":\"https:\\\/\\\/secure.gravatar.com\\\/avatar\\\/45b010d0734a07d6fa163753be02d78684ff4128f419d6ee0a0370de54233f1c?s=96&d=mm&r=g\"},\"sameAs\":[\"http:\\\/\\\/www.hagl.net\"]}]}<\/script>\n<!-- \/ Yoast SEO plugin. -->","yoast_head_json":{"title":"La gran crisis - SiegfriedHagl.com","robots":{"index":"index","follow":"follow","max-snippet":"max-snippet:-1","max-image-preview":"max-image-preview:large","max-video-preview":"max-video-preview:-1"},"canonical":"https:\/\/www.siegfriedhagl.com\/es\/historia\/la-gran-crisis\/","og_locale":"es_ES","og_type":"article","og_title":"Die gro\u00dfe Krise &#8211; SiegfriedHagl.com","og_description":"(Ver\u00f6ffentlicht in GralsWelt 19\/2001)\u00a0 In Erinnerungen an die Zeit nach dem Ersten Weltkrieg wird von den &#8222;golden twenties&#8220;, den &#8222;goldenen zwanziger Jahren&#8220; gesprochen. In diesem Jahrzehnt, zwischen 1920 und 1930, erholte sich Europa langsam von den Wunden des Krieges, Kunst und Kultur bl\u00fchten auf. Viele Entwicklungen, deren Auswirkungen bis heute sp\u00fcrbar sind, wie der Aufstieg [&hellip;]","og_url":"https:\/\/www.siegfriedhagl.com\/es\/historia\/la-gran-crisis\/","og_site_name":"SiegfriedHagl.com","article_published_time":"2009-03-25T17:04:48+00:00","article_modified_time":"2021-12-26T16:34:52+00:00","author":"siegfriedhagl","twitter_card":"summary_large_image","twitter_misc":{"Escrito por":"siegfriedhagl","Tiempo de lectura":"5 minutos"},"schema":{"@context":"https:\/\/schema.org","@graph":[{"@type":"Article","@id":"https:\/\/www.siegfriedhagl.com\/geschichte\/die-grose-krise\/#article","isPartOf":{"@id":"https:\/\/www.siegfriedhagl.com\/geschichte\/die-grose-krise\/"},"author":{"name":"siegfriedhagl","@id":"https:\/\/www.siegfriedhagl.com\/#\/schema\/person\/263c4a916fa13b3e7eda58f6c8c2695f"},"headline":"Die gro\u00dfe Krise","datePublished":"2009-03-25T17:04:48+00:00","dateModified":"2021-12-26T16:34:52+00:00","mainEntityOfPage":{"@id":"https:\/\/www.siegfriedhagl.com\/geschichte\/die-grose-krise\/"},"wordCount":780,"publisher":{"@id":"https:\/\/www.siegfriedhagl.com\/#\/schema\/person\/263c4a916fa13b3e7eda58f6c8c2695f"},"articleSection":["Geschichte\/Historik"],"inLanguage":"es"},{"@type":"WebPage","@id":"https:\/\/www.siegfriedhagl.com\/geschichte\/die-grose-krise\/","url":"https:\/\/www.siegfriedhagl.com\/geschichte\/die-grose-krise\/","name":"La gran crisis - SiegfriedHagl.com","isPartOf":{"@id":"https:\/\/www.siegfriedhagl.com\/#website"},"datePublished":"2009-03-25T17:04:48+00:00","dateModified":"2021-12-26T16:34:52+00:00","breadcrumb":{"@id":"https:\/\/www.siegfriedhagl.com\/geschichte\/die-grose-krise\/#breadcrumb"},"inLanguage":"es","potentialAction":[{"@type":"ReadAction","target":["https:\/\/www.siegfriedhagl.com\/geschichte\/die-grose-krise\/"]}]},{"@type":"BreadcrumbList","@id":"https:\/\/www.siegfriedhagl.com\/geschichte\/die-grose-krise\/#breadcrumb","itemListElement":[{"@type":"ListItem","position":1,"name":"Startseite","item":"https:\/\/www.siegfriedhagl.com\/"},{"@type":"ListItem","position":2,"name":"Die gro\u00dfe Krise"}]},{"@type":"WebSite","@id":"https:\/\/www.siegfriedhagl.com\/#website","url":"https:\/\/www.siegfriedhagl.com\/","name":"SiegfriedHagl.com","description":"Art\u00edculo y blog de Siegfried Hagl","publisher":{"@id":"https:\/\/www.siegfriedhagl.com\/#\/schema\/person\/263c4a916fa13b3e7eda58f6c8c2695f"},"potentialAction":[{"@type":"SearchAction","target":{"@type":"EntryPoint","urlTemplate":"https:\/\/www.siegfriedhagl.com\/?s={search_term_string}"},"query-input":{"@type":"PropertyValueSpecification","valueRequired":true,"valueName":"search_term_string"}}],"inLanguage":"es"},{"@type":["Person","Organization"],"@id":"https:\/\/www.siegfriedhagl.com\/#\/schema\/person\/263c4a916fa13b3e7eda58f6c8c2695f","name":"siegfriedhagl","image":{"@type":"ImageObject","inLanguage":"es","@id":"https:\/\/secure.gravatar.com\/avatar\/45b010d0734a07d6fa163753be02d78684ff4128f419d6ee0a0370de54233f1c?s=96&d=mm&r=g","url":"https:\/\/secure.gravatar.com\/avatar\/45b010d0734a07d6fa163753be02d78684ff4128f419d6ee0a0370de54233f1c?s=96&d=mm&r=g","contentUrl":"https:\/\/secure.gravatar.com\/avatar\/45b010d0734a07d6fa163753be02d78684ff4128f419d6ee0a0370de54233f1c?s=96&d=mm&r=g","caption":"siegfriedhagl"},"logo":{"@id":"https:\/\/secure.gravatar.com\/avatar\/45b010d0734a07d6fa163753be02d78684ff4128f419d6ee0a0370de54233f1c?s=96&d=mm&r=g"},"sameAs":["http:\/\/www.hagl.net"]}]}},"_links":{"self":[{"href":"https:\/\/www.siegfriedhagl.com\/es\/wp-json\/wp\/v2\/posts\/258","targetHints":{"allow":["GET"]}}],"collection":[{"href":"https:\/\/www.siegfriedhagl.com\/es\/wp-json\/wp\/v2\/posts"}],"about":[{"href":"https:\/\/www.siegfriedhagl.com\/es\/wp-json\/wp\/v2\/types\/post"}],"author":[{"embeddable":true,"href":"https:\/\/www.siegfriedhagl.com\/es\/wp-json\/wp\/v2\/users\/2"}],"replies":[{"embeddable":true,"href":"https:\/\/www.siegfriedhagl.com\/es\/wp-json\/wp\/v2\/comments?post=258"}],"version-history":[{"count":14,"href":"https:\/\/www.siegfriedhagl.com\/es\/wp-json\/wp\/v2\/posts\/258\/revisions"}],"predecessor-version":[{"id":8425,"href":"https:\/\/www.siegfriedhagl.com\/es\/wp-json\/wp\/v2\/posts\/258\/revisions\/8425"}],"wp:attachment":[{"href":"https:\/\/www.siegfriedhagl.com\/es\/wp-json\/wp\/v2\/media?parent=258"}],"wp:term":[{"taxonomy":"category","embeddable":true,"href":"https:\/\/www.siegfriedhagl.com\/es\/wp-json\/wp\/v2\/categories?post=258"},{"taxonomy":"post_tag","embeddable":true,"href":"https:\/\/www.siegfriedhagl.com\/es\/wp-json\/wp\/v2\/tags?post=258"}],"curies":[{"name":"wp","href":"https:\/\/api.w.org\/{rel}","templated":true}]}}