{"id":231,"date":"2009-03-25T12:49:10","date_gmt":"2009-03-25T11:49:10","guid":{"rendered":"https:\/\/www.siegfriedhagl.com\/?page_id=231"},"modified":"2025-05-01T11:45:32","modified_gmt":"2025-05-01T10:45:32","slug":"abschied-von-der-steinzeitmoral","status":"publish","type":"post","link":"https:\/\/www.siegfriedhagl.com\/es\/resenas-de-libros-y-peliculas\/adios-a-la-edad-de-piedra-moralidad\/","title":{"rendered":"Adi\u00f3s a la moralidad de la Edad de Piedra"},"content":{"rendered":"<p><strong>Por Johannes Huber<\/strong> (Editor)<br \/>\n<strong><br \/>\n<\/strong>Styria Verlag, Graz 2001, ISBN 3-222-12863-4.<\/p>\n<blockquote><p>(Publicado en GralsWelt 22\/2001)<\/p><\/blockquote>\n<p>Un equipo de autores, que abarca un amplio espectro desde la medicina y las ciencias naturales hasta la filosof\u00eda y la teolog\u00eda, ha abordado uno de los temas candentes de nuestro tiempo: la cuesti\u00f3n de la \u00e9tica y la moral en una era en la que la ingenier\u00eda gen\u00e9tica, la clonaci\u00f3n, la investigaci\u00f3n con tallo embrionario celdas, etc. hacen titulares. Aqu\u00ed, las convicciones de cient\u00edficos y te\u00f3logos a veces chocan violentamente, y la exigencia de una \u201c\u00e9tica contempor\u00e1nea\u201d que se acepta en todo el mundo se vuelve inconfundible en la era de la globalizaci\u00f3n.<\/p>\n<p>Entonces deber\u00eda z. B estar fuera de discusi\u00f3n para los investigadores gen\u00e9ticos si, por un lado, la \u201c\u00e9tica cristiana\u201d quiere impedir cualquier tipo de investigaci\u00f3n gen\u00e9tica en humanos; p.ej. B. porque alrededor de 1870 un Papa proclam\u00f3 que con la procreaci\u00f3n Dios da vida a todo ser humano y, por lo tanto, es inviolable (o no de su propiedad), mientras que, por otro lado, tal investigaci\u00f3n no plantea un problema en Israel, por ejemplo. , ya que Seg\u00fan la ense\u00f1anza rab\u00ednica, la vida humana s\u00f3lo comienza con el nacimiento.<\/p>\n<p>Los autores de este libro adoptan el punto de vista de la biolog\u00eda evolutiva. Consideran que los Diez Mandamientos son una expresi\u00f3n de los muchos a\u00f1os de experiencia de la humanidad con la coexistencia de grupos en el entorno de la Edad de Piedra o la Edad de Bronce. Tampoco creen en una moralidad universal basada en conocimientos superiores o leyes de Dios:<br \/>\n<em>\u201cEn lugar de esperar constantemente al &#039;hombre nuevo&#039; y juguetear con varias utop\u00edas, se nos recomienda, por lo tanto, echar un vistazo m\u00e1s de cerca al &#039;viejo&#039; primero. Y ofrece un maravilloso caleidoscopio de caracter\u00edsticas, comportamientos que, si bien se burlan de la expectativa de cualquier rigorista moral, no pueden simplemente descartarse, sino que deben tenerse en cuenta en la \u00e9tica\u201d.<\/em> (p\u00e1g. 140).<\/p>\n<p>Y la conclusi\u00f3n del libro es en consecuencia:<br \/>\n<em>\u201cSi la \u00e9tica no es universal, no es objetiva y ciertamente no es absolutamente justificable, entonces la disidencia tambi\u00e9n pierde mucho de su potencial de agresi\u00f3n. En caso de indignaci\u00f3n moral, ya no se requiere empu\u00f1ar un arma, sino tomar un co\u00f1ac\u201d.<\/em> (p\u00e1g. 149).<\/p>\n<p>Estas visiones, que se alejan de la religiosidad -tal como se entiende hoy en d\u00eda a menudo- y, sobre todo, de cualquier fundamentalismo, dif\u00edcilmente encontrar\u00e1n una aprobaci\u00f3n sin reservas. Pero vale la pena el peque\u00f1o esfuerzo de leer este libro. Proporciona una buena visi\u00f3n general de las preguntas pendientes m\u00e1s importantes con respecto al uso de la ingenier\u00eda gen\u00e9tica en humanos, y familiariza con las convicciones sobre la base de las cuales los cient\u00edficos naturales rechazan las prohibiciones teol\u00f3gicas sobre las intervenciones de ingenier\u00eda gen\u00e9tica en humanos.<\/p>","protected":false},"excerpt":{"rendered":"<p>Von Johannes Huber (Herausgeber) Styria Verlag, Graz 2001, ISBN 3-222-12863-4. (Ver\u00f6ffentlicht in GralsWelt 22\/2001) Ein Autorenteam, das von der Medizin \u00fcber Naturwissenschaften bis zur Philosophie und Theologie ein weites Spektrum abdeckt, hat eines der hei\u00dfen Eisen unserer Zeit angepackt: die Frage nach Ethik und Moral in einer Epoche, in der Gentechnik, Klonen, Forschung mit embrionalen [&hellip;]<\/p>\n","protected":false},"author":2,"featured_media":0,"comment_status":"closed","ping_status":"open","sticky":false,"template":"","format":"standard","meta":{"footnotes":""},"categories":[5],"tags":[],"class_list":["post-231","post","type-post","status-publish","format-standard","hentry","category-buch-und-filmbesprechungen"],"yoast_head":"<!-- This site is optimized with the Yoast SEO plugin v27.5 - https:\/\/yoast.com\/product\/yoast-seo-wordpress\/ -->\n<title>Abschied von der Steinzeitmoral &#8211; SiegfriedHagl.com<\/title>\n<meta name=\"robots\" content=\"index, follow, max-snippet:-1, max-image-preview:large, max-video-preview:-1\" \/>\n<link rel=\"canonical\" href=\"https:\/\/www.siegfriedhagl.com\/es\/resenas-de-libros-y-peliculas\/adios-a-la-edad-de-piedra-moralidad\/\" \/>\n<meta property=\"og:locale\" content=\"es_ES\" \/>\n<meta property=\"og:type\" content=\"article\" \/>\n<meta property=\"og:title\" content=\"Abschied von der Steinzeitmoral &#8211; SiegfriedHagl.com\" \/>\n<meta property=\"og:description\" content=\"Von Johannes Huber (Herausgeber) Styria Verlag, Graz 2001, ISBN 3-222-12863-4. (Ver\u00f6ffentlicht in GralsWelt 22\/2001) Ein Autorenteam, das von der Medizin \u00fcber Naturwissenschaften bis zur Philosophie und Theologie ein weites Spektrum abdeckt, hat eines der hei\u00dfen Eisen unserer Zeit angepackt: die Frage nach Ethik und Moral in einer Epoche, in der Gentechnik, Klonen, Forschung mit embrionalen [&hellip;]\" \/>\n<meta property=\"og:url\" content=\"https:\/\/www.siegfriedhagl.com\/es\/resenas-de-libros-y-peliculas\/adios-a-la-edad-de-piedra-moralidad\/\" \/>\n<meta property=\"og:site_name\" content=\"SiegfriedHagl.com\" \/>\n<meta property=\"article:published_time\" content=\"2009-03-25T11:49:10+00:00\" \/>\n<meta property=\"article:modified_time\" content=\"2025-05-01T10:45:32+00:00\" \/>\n<meta name=\"author\" content=\"siegfriedhagl\" \/>\n<meta name=\"twitter:card\" content=\"summary_large_image\" \/>\n<meta name=\"twitter:label1\" content=\"Escrito por\" \/>\n\t<meta name=\"twitter:data1\" content=\"siegfriedhagl\" \/>\n\t<meta name=\"twitter:label2\" content=\"Tiempo de lectura\" \/>\n\t<meta name=\"twitter:data2\" content=\"2 minutos\" \/>\n<script type=\"application\/ld+json\" class=\"yoast-schema-graph\">{\"@context\":\"https:\\\/\\\/schema.org\",\"@graph\":[{\"@type\":\"Article\",\"@id\":\"https:\\\/\\\/www.siegfriedhagl.com\\\/buch-und-filmbesprechungen\\\/abschied-von-der-steinzeitmoral\\\/#article\",\"isPartOf\":{\"@id\":\"https:\\\/\\\/www.siegfriedhagl.com\\\/buch-und-filmbesprechungen\\\/abschied-von-der-steinzeitmoral\\\/\"},\"author\":{\"name\":\"siegfriedhagl\",\"@id\":\"https:\\\/\\\/www.siegfriedhagl.com\\\/#\\\/schema\\\/person\\\/263c4a916fa13b3e7eda58f6c8c2695f\"},\"headline\":\"Abschied von der Steinzeitmoral\",\"datePublished\":\"2009-03-25T11:49:10+00:00\",\"dateModified\":\"2025-05-01T10:45:32+00:00\",\"mainEntityOfPage\":{\"@id\":\"https:\\\/\\\/www.siegfriedhagl.com\\\/buch-und-filmbesprechungen\\\/abschied-von-der-steinzeitmoral\\\/\"},\"wordCount\":416,\"publisher\":{\"@id\":\"https:\\\/\\\/www.siegfriedhagl.com\\\/#\\\/schema\\\/person\\\/263c4a916fa13b3e7eda58f6c8c2695f\"},\"articleSection\":[\"Buch- und Filmbesprechungen\"],\"inLanguage\":\"es\"},{\"@type\":\"WebPage\",\"@id\":\"https:\\\/\\\/www.siegfriedhagl.com\\\/buch-und-filmbesprechungen\\\/abschied-von-der-steinzeitmoral\\\/\",\"url\":\"https:\\\/\\\/www.siegfriedhagl.com\\\/buch-und-filmbesprechungen\\\/abschied-von-der-steinzeitmoral\\\/\",\"name\":\"Abschied von der Steinzeitmoral &#8211; SiegfriedHagl.com\",\"isPartOf\":{\"@id\":\"https:\\\/\\\/www.siegfriedhagl.com\\\/#website\"},\"datePublished\":\"2009-03-25T11:49:10+00:00\",\"dateModified\":\"2025-05-01T10:45:32+00:00\",\"breadcrumb\":{\"@id\":\"https:\\\/\\\/www.siegfriedhagl.com\\\/buch-und-filmbesprechungen\\\/abschied-von-der-steinzeitmoral\\\/#breadcrumb\"},\"inLanguage\":\"es\",\"potentialAction\":[{\"@type\":\"ReadAction\",\"target\":[\"https:\\\/\\\/www.siegfriedhagl.com\\\/buch-und-filmbesprechungen\\\/abschied-von-der-steinzeitmoral\\\/\"]}]},{\"@type\":\"BreadcrumbList\",\"@id\":\"https:\\\/\\\/www.siegfriedhagl.com\\\/buch-und-filmbesprechungen\\\/abschied-von-der-steinzeitmoral\\\/#breadcrumb\",\"itemListElement\":[{\"@type\":\"ListItem\",\"position\":1,\"name\":\"Startseite\",\"item\":\"https:\\\/\\\/www.siegfriedhagl.com\\\/\"},{\"@type\":\"ListItem\",\"position\":2,\"name\":\"Abschied von der Steinzeitmoral\"}]},{\"@type\":\"WebSite\",\"@id\":\"https:\\\/\\\/www.siegfriedhagl.com\\\/#website\",\"url\":\"https:\\\/\\\/www.siegfriedhagl.com\\\/\",\"name\":\"SiegfriedHagl.com\",\"description\":\"Artikel und Blog von Siegfried Hagl\",\"publisher\":{\"@id\":\"https:\\\/\\\/www.siegfriedhagl.com\\\/#\\\/schema\\\/person\\\/263c4a916fa13b3e7eda58f6c8c2695f\"},\"potentialAction\":[{\"@type\":\"SearchAction\",\"target\":{\"@type\":\"EntryPoint\",\"urlTemplate\":\"https:\\\/\\\/www.siegfriedhagl.com\\\/?s={search_term_string}\"},\"query-input\":{\"@type\":\"PropertyValueSpecification\",\"valueRequired\":true,\"valueName\":\"search_term_string\"}}],\"inLanguage\":\"es\"},{\"@type\":[\"Person\",\"Organization\"],\"@id\":\"https:\\\/\\\/www.siegfriedhagl.com\\\/#\\\/schema\\\/person\\\/263c4a916fa13b3e7eda58f6c8c2695f\",\"name\":\"siegfriedhagl\",\"image\":{\"@type\":\"ImageObject\",\"inLanguage\":\"es\",\"@id\":\"https:\\\/\\\/secure.gravatar.com\\\/avatar\\\/45b010d0734a07d6fa163753be02d78684ff4128f419d6ee0a0370de54233f1c?s=96&d=mm&r=g\",\"url\":\"https:\\\/\\\/secure.gravatar.com\\\/avatar\\\/45b010d0734a07d6fa163753be02d78684ff4128f419d6ee0a0370de54233f1c?s=96&d=mm&r=g\",\"contentUrl\":\"https:\\\/\\\/secure.gravatar.com\\\/avatar\\\/45b010d0734a07d6fa163753be02d78684ff4128f419d6ee0a0370de54233f1c?s=96&d=mm&r=g\",\"caption\":\"siegfriedhagl\"},\"logo\":{\"@id\":\"https:\\\/\\\/secure.gravatar.com\\\/avatar\\\/45b010d0734a07d6fa163753be02d78684ff4128f419d6ee0a0370de54233f1c?s=96&d=mm&r=g\"},\"sameAs\":[\"http:\\\/\\\/www.hagl.net\"]}]}<\/script>\n<!-- \/ Yoast SEO plugin. -->","yoast_head_json":{"title":"Adi\u00f3s a la moral de la Edad de Piedra - SiegfriedHagl.com","robots":{"index":"index","follow":"follow","max-snippet":"max-snippet:-1","max-image-preview":"max-image-preview:large","max-video-preview":"max-video-preview:-1"},"canonical":"https:\/\/www.siegfriedhagl.com\/es\/resenas-de-libros-y-peliculas\/adios-a-la-edad-de-piedra-moralidad\/","og_locale":"es_ES","og_type":"article","og_title":"Abschied von der Steinzeitmoral &#8211; SiegfriedHagl.com","og_description":"Von Johannes Huber (Herausgeber) Styria Verlag, Graz 2001, ISBN 3-222-12863-4. (Ver\u00f6ffentlicht in GralsWelt 22\/2001) Ein Autorenteam, das von der Medizin \u00fcber Naturwissenschaften bis zur Philosophie und Theologie ein weites Spektrum abdeckt, hat eines der hei\u00dfen Eisen unserer Zeit angepackt: die Frage nach Ethik und Moral in einer Epoche, in der Gentechnik, Klonen, Forschung mit embrionalen [&hellip;]","og_url":"https:\/\/www.siegfriedhagl.com\/es\/resenas-de-libros-y-peliculas\/adios-a-la-edad-de-piedra-moralidad\/","og_site_name":"SiegfriedHagl.com","article_published_time":"2009-03-25T11:49:10+00:00","article_modified_time":"2025-05-01T10:45:32+00:00","author":"siegfriedhagl","twitter_card":"summary_large_image","twitter_misc":{"Escrito por":"siegfriedhagl","Tiempo de lectura":"2 minutos"},"schema":{"@context":"https:\/\/schema.org","@graph":[{"@type":"Article","@id":"https:\/\/www.siegfriedhagl.com\/buch-und-filmbesprechungen\/abschied-von-der-steinzeitmoral\/#article","isPartOf":{"@id":"https:\/\/www.siegfriedhagl.com\/buch-und-filmbesprechungen\/abschied-von-der-steinzeitmoral\/"},"author":{"name":"siegfriedhagl","@id":"https:\/\/www.siegfriedhagl.com\/#\/schema\/person\/263c4a916fa13b3e7eda58f6c8c2695f"},"headline":"Abschied von der Steinzeitmoral","datePublished":"2009-03-25T11:49:10+00:00","dateModified":"2025-05-01T10:45:32+00:00","mainEntityOfPage":{"@id":"https:\/\/www.siegfriedhagl.com\/buch-und-filmbesprechungen\/abschied-von-der-steinzeitmoral\/"},"wordCount":416,"publisher":{"@id":"https:\/\/www.siegfriedhagl.com\/#\/schema\/person\/263c4a916fa13b3e7eda58f6c8c2695f"},"articleSection":["Buch- und Filmbesprechungen"],"inLanguage":"es"},{"@type":"WebPage","@id":"https:\/\/www.siegfriedhagl.com\/buch-und-filmbesprechungen\/abschied-von-der-steinzeitmoral\/","url":"https:\/\/www.siegfriedhagl.com\/buch-und-filmbesprechungen\/abschied-von-der-steinzeitmoral\/","name":"Adi\u00f3s a la moral de la Edad de Piedra - SiegfriedHagl.com","isPartOf":{"@id":"https:\/\/www.siegfriedhagl.com\/#website"},"datePublished":"2009-03-25T11:49:10+00:00","dateModified":"2025-05-01T10:45:32+00:00","breadcrumb":{"@id":"https:\/\/www.siegfriedhagl.com\/buch-und-filmbesprechungen\/abschied-von-der-steinzeitmoral\/#breadcrumb"},"inLanguage":"es","potentialAction":[{"@type":"ReadAction","target":["https:\/\/www.siegfriedhagl.com\/buch-und-filmbesprechungen\/abschied-von-der-steinzeitmoral\/"]}]},{"@type":"BreadcrumbList","@id":"https:\/\/www.siegfriedhagl.com\/buch-und-filmbesprechungen\/abschied-von-der-steinzeitmoral\/#breadcrumb","itemListElement":[{"@type":"ListItem","position":1,"name":"Startseite","item":"https:\/\/www.siegfriedhagl.com\/"},{"@type":"ListItem","position":2,"name":"Abschied von der Steinzeitmoral"}]},{"@type":"WebSite","@id":"https:\/\/www.siegfriedhagl.com\/#website","url":"https:\/\/www.siegfriedhagl.com\/","name":"SiegfriedHagl.com","description":"Art\u00edculo y blog de Siegfried Hagl","publisher":{"@id":"https:\/\/www.siegfriedhagl.com\/#\/schema\/person\/263c4a916fa13b3e7eda58f6c8c2695f"},"potentialAction":[{"@type":"SearchAction","target":{"@type":"EntryPoint","urlTemplate":"https:\/\/www.siegfriedhagl.com\/?s={search_term_string}"},"query-input":{"@type":"PropertyValueSpecification","valueRequired":true,"valueName":"search_term_string"}}],"inLanguage":"es"},{"@type":["Person","Organization"],"@id":"https:\/\/www.siegfriedhagl.com\/#\/schema\/person\/263c4a916fa13b3e7eda58f6c8c2695f","name":"siegfriedhagl","image":{"@type":"ImageObject","inLanguage":"es","@id":"https:\/\/secure.gravatar.com\/avatar\/45b010d0734a07d6fa163753be02d78684ff4128f419d6ee0a0370de54233f1c?s=96&d=mm&r=g","url":"https:\/\/secure.gravatar.com\/avatar\/45b010d0734a07d6fa163753be02d78684ff4128f419d6ee0a0370de54233f1c?s=96&d=mm&r=g","contentUrl":"https:\/\/secure.gravatar.com\/avatar\/45b010d0734a07d6fa163753be02d78684ff4128f419d6ee0a0370de54233f1c?s=96&d=mm&r=g","caption":"siegfriedhagl"},"logo":{"@id":"https:\/\/secure.gravatar.com\/avatar\/45b010d0734a07d6fa163753be02d78684ff4128f419d6ee0a0370de54233f1c?s=96&d=mm&r=g"},"sameAs":["http:\/\/www.hagl.net"]}]}},"_links":{"self":[{"href":"https:\/\/www.siegfriedhagl.com\/es\/wp-json\/wp\/v2\/posts\/231","targetHints":{"allow":["GET"]}}],"collection":[{"href":"https:\/\/www.siegfriedhagl.com\/es\/wp-json\/wp\/v2\/posts"}],"about":[{"href":"https:\/\/www.siegfriedhagl.com\/es\/wp-json\/wp\/v2\/types\/post"}],"author":[{"embeddable":true,"href":"https:\/\/www.siegfriedhagl.com\/es\/wp-json\/wp\/v2\/users\/2"}],"replies":[{"embeddable":true,"href":"https:\/\/www.siegfriedhagl.com\/es\/wp-json\/wp\/v2\/comments?post=231"}],"version-history":[{"count":12,"href":"https:\/\/www.siegfriedhagl.com\/es\/wp-json\/wp\/v2\/posts\/231\/revisions"}],"predecessor-version":[{"id":7065,"href":"https:\/\/www.siegfriedhagl.com\/es\/wp-json\/wp\/v2\/posts\/231\/revisions\/7065"}],"wp:attachment":[{"href":"https:\/\/www.siegfriedhagl.com\/es\/wp-json\/wp\/v2\/media?parent=231"}],"wp:term":[{"taxonomy":"category","embeddable":true,"href":"https:\/\/www.siegfriedhagl.com\/es\/wp-json\/wp\/v2\/categories?post=231"},{"taxonomy":"post_tag","embeddable":true,"href":"https:\/\/www.siegfriedhagl.com\/es\/wp-json\/wp\/v2\/tags?post=231"}],"curies":[{"name":"wp","href":"https:\/\/api.w.org\/{rel}","templated":true}]}}