{"id":178,"date":"2009-03-24T16:54:36","date_gmt":"2009-03-24T15:54:36","guid":{"rendered":"https:\/\/www.siegfriedhagl.com\/aufsaetze\/178"},"modified":"2021-12-05T18:31:44","modified_gmt":"2021-12-05T17:31:44","slug":"178-2","status":"publish","type":"post","link":"https:\/\/www.siegfriedhagl.com\/es\/historia-religiosa\/178-2\/","title":{"rendered":"El Arca de la Alianza"},"content":{"rendered":"<blockquote><p>(Publicado en GralsWelt 25\/2002)<\/p><\/blockquote>\n<p><strong>Una b\u00fasqueda del tesoro legendario<\/strong><br \/>\n<em>\u201cEn 1118, nueve de los m\u00e1s destacados caballeros franceses comparecieron ante Balduino II, rey de Jerusal\u00e9n. Quer\u00edan fundar una orden que protegiera a los peregrinos en Tierra Santa de los ladrones y asesinos y vigilara las rutas terrestres. Luego se mudaron a una casa en el lugar donde una vez estuvo el templo de Salom\u00f3n; de ah\u00ed que a su orden caballeresca se le diera el nombre de Caballeros Templarios o Templarios. Nadie menos que el gran predicador Bernhard von Clairvaux (1091-1153), que fue canonizado, contribuy\u00f3 al gobierno de los templarios.<\/em><\/p>\n<p><em> Pero los caballeros y su s\u00e9quito inicialmente prestaron poca atenci\u00f3n a la protecci\u00f3n de los peregrinos. Trabajaron como arque\u00f3logos, comenzaron a excavar y descubrieron los enormes establos de caballos de Salom\u00f3n debajo de la plaza del templo, que, seg\u00fan hallazgos recientes, dif\u00edcilmente se remontan a Salom\u00f3n.<\/em><br \/>\n<em> En 1128 el jefe (l\u00edder) de los Caballeros Templarios, Hugo von Payens, viaj\u00f3 con gran parte de sus caballeros en nombre del rey de Jerusal\u00e9n al papa en Roma. All\u00ed fue a pedir ayuda para el reino latino de Jerusal\u00e9n, que estaba amenazado por los musulmanes.<\/em><\/p>\n<p><em> Los nobles caballeros no hab\u00edan luchado en los 9 a\u00f1os de su estancia en Tierra Santa, pero al parecer all\u00ed cumplieron su misi\u00f3n; porque parece surgir de la introducci\u00f3n a la regla templaria que los caballeros fueron llamados por el mismo Bernardo despu\u00e9s de que su tarea hab\u00eda sido cumplida\u201d.<\/em> (2, p\u00e1g. 65). (M\u00e1s sobre el tema de los &quot;Caballeros del Templo&quot; en &quot;Breve, dulce, curioso&quot; p\u00e1gina 143 &quot;La Destrucci\u00f3n de los Templarios&quot;)<br \/>\n\u00bfQu\u00e9 quer\u00edan los arist\u00f3cratas arque\u00f3logos aficionados en el Monte del Templo? \u00bfQu\u00e9 estaban buscando? \u00bfQu\u00e9 encontraron?<\/p>\n<blockquote><p><em>Haz un arca de madera de acacia de dos codos y medio de largo, codo y medio de ancho y codo y medio de alto. C\u00fabrelo de oro puro por dentro y por fuera, y ponle un borde de oro alrededor. Ponle cuatro argollas de oro, y suj\u00e9tala a sus cuatro pies, dos argollas a un lado y dos argollas al otro. \u00a1Haz postes de madera de acacia y rec\u00fabrelos con oro! Pasa las varas por los anillos a los lados del arca para que puedas llevar el arca con ellas. Las varas permanecer\u00e1n en los anillos del arca; no deber\u00edas sacarlos. En el arca pondr\u00e1s el documento del pacto que te doy. Haz tambi\u00e9n una placa de cubierta de oro puro, de dos codos y medio de largo y codo y medio de ancho. \u00a1Haz dos querubines de oro batido y tallalos en los dos extremos de la placa superior! Haz un querub\u00edn en un extremo y en el otro; en la placa superior hace el kurubim en los dos extremos! Los querubines extender\u00e1n sus alas hacia arriba, cubriendo la losa con sus alas, y volver\u00e1n sus rostros unos hacia otros; los rostros de los querubines mirar\u00e1n hacia la cubierta. Pon la tapa sobre el arca, y en el arca pon la carta que yo te doy. All\u00ed me dar\u00e9 a conocer a vosotros y os contar\u00e9 en la cubierta entre los dos querubines que est\u00e1n sobre el arca del pacto todo lo que os voy a decir acerca de los israelitas.<\/em> (\u00c9xodo 25:19-22).<\/p><\/blockquote>\n<p><strong>El Arca de la Alianza<\/strong><br \/>\nUna de las descripciones m\u00e1s extra\u00f1as de la Biblia es la descripci\u00f3n de los estados federales, un cofre cubierto con l\u00e1minas de oro por fuera y por dentro y de unos 137,5 cm de largo y 85,5 cm de ancho y alto (7, p. 661). Seg\u00fan el relato b\u00edblico, Dios quiso darse a conocer all\u00ed y hablar con Mois\u00e9s; por lo tanto, el arca tambi\u00e9n se llama &quot;el estrado de los pies de Dios&quot; o &quot;el propiciatorio&quot;. Numerosos mitos y suposiciones los rodean.<\/p>\n<p>En el cap\u00edtulo 25 de \u00c9xodo (\u00c9xodo), 12 vers\u00edculos tratan sobre el Arca del Pacto, pero 17 tratan sobre los utensilios del altar, y se necesitan otros cuatro cap\u00edtulos para describir el tabern\u00e1culo, las vestiduras sacerdotales y los utensilios del altar. Sin embargo, no est\u00e1 claro exactamente c\u00f3mo era el tabern\u00e1culo, una tienda en la que se alojaba el Arca de la Alianza.<\/p>\n<p>Como nos dice la Biblia, el Arca de la Alianza tambi\u00e9n obr\u00f3 milagros:<br \/>\nCuando Josu\u00e9 fue a Jeric\u00f3, el arca detuvo las aguas del Jord\u00e1n para que los israelitas pudieran cruzar el r\u00edo con los pies secos (Josu\u00e9 3:16). Tambi\u00e9n particip\u00f3 en la conquista de Jeric\u00f3 (Josu\u00e9 6).<\/p>\n<p>El arca llevada a la batalla no siempre trajo la victoria prometida (N\u00fameros 10:35). En la juventud de Samuel (alrededor del a\u00f1o 1000 a. C.), tras la batalla perdida de Eben-Ezer, el Arca de la Alianza cay\u00f3 en manos de los filisteos, quienes la llevaron al Templo Dag\u00f3n de Asdod. Al d\u00eda siguiente hab\u00eda ca\u00eddo la estatua del dios Dag\u00f3n. Levant\u00e1ndose de nuevo, este \u00eddolo cay\u00f3 por segunda vez y se rompi\u00f3 (1 Sam. 5:2-4). Luego estall\u00f3 la peste bub\u00f3nica en Asdod hasta que los filisteos devolvieron el arca. (1 Samuel 5:6-12).<\/p>\n<p>A nadie se le permit\u00eda tocar o ver los vasos sagrados descubiertos a menos que deseara morir (N\u00fameros 19-20). Cuando el arca fue llevada a Jerusal\u00e9n por Uza y su hermano en nombre de David, los bueyes de tiro se soltaron y Uza se estir\u00f3 para sostener el arca; cuando la toc\u00f3 cay\u00f3 muerto al suelo. (2 Samuel 6:7).<\/p>\n<p>Tales milagros b\u00edblicos fueron aceptados como hechos incuestionables durante miles de a\u00f1os, y solo en los \u00faltimos siglos han llegado a ser vistos de una manera m\u00e1s diferenciada, hasta que en nuestros d\u00edas pocos fundamentalistas creyentes en la Biblia creen en ellos de todo coraz\u00f3n.<\/p>\n<p><strong>El significado del Arca de la Alianza<br \/>\n<\/strong>Los eruditos religiosos ven el Arca de la Alianza como la expresi\u00f3n de un movimiento inteligente. Las razas antiguas a menudo adoraban a las deidades locales y ten\u00edan problemas cuando ten\u00edan que abandonar el distrito donde resid\u00eda su dios.<\/p>\n<p>Los israelitas, en cambio, llevaban consigo a su Dios; \u00e9l siempre estaba con ellos, siempre listo para echar una mano y llevar a sus seguidores a la victoria sobre sus enemigos. Y este dios, que era superior a todos los dem\u00e1s dioses y que proteg\u00eda a sus leales servidores de la mejor manera posible, era invisible, no una deidad natural como el sol, que a menudo se adora. Porque el arca con sus tablas de la ley es tambi\u00e9n s\u00edmbolo de la ruptura con la idolatr\u00eda egipcia, con la adoraci\u00f3n de animales y el culto a los muertos.<\/p>\n<p>El Arca de la Alianza fue el objeto de culto jud\u00edo m\u00e1s importante en la \u00e9poca del \u00c9xodo. Finalmente, David los llev\u00f3 a Jerusal\u00e9n (alrededor del 970 a. C.), su capital elegida. Cuenta la tradici\u00f3n que donde David mont\u00f3 una tienda con el Arca de la Alianza, m\u00e1s tarde se construy\u00f3 el Templo de Salom\u00f3n, y finalmente la C\u00fapula de la Roca. En el Templo de Salom\u00f3n, el Arca de la Alianza estaba en el Lugar Sant\u00edsimo, al que solo pod\u00edan entrar los sacerdotes.<\/p>\n<p><strong>Especulaciones sobre el Arca de la Alianza<br \/>\n<\/strong>Numerosas especulaciones y suposiciones rodean a este m\u00e1s importante de los antiguos objetos de culto jud\u00edos.<\/p>\n<p>Por ejemplo, se supon\u00eda que el cofre, que estaba cubierto por dentro y por fuera con una l\u00e1mina de oro, era un condensador que pod\u00eda cargarse electrost\u00e1ticamente. Entonces tal vez Usa habr\u00eda recibido una descarga el\u00e9ctrica, pero apenas fue lo suficientemente fuerte como para matar a una persona. Sin embargo, el impacto de esa chispa inesperada e inexplicable puede haber matado a Usa.<\/p>\n<p>Otros incluso consideran que se trata de un dispositivo de radio que conectaba a los extraterrestres con el Mois\u00e9s que estaban guiando.<\/p>\n<p>Algunos esoteristas ven las &quot;tablas de la ley&quot; guardadas en el arca como algo m\u00e1s que las tablas de los Diez Mandamientos. Se refieren a la Biblia: <em>&quot;Hice el mundo con medida, n\u00famero y peso&quot;<\/em> (Sabidur\u00eda 11:20) y concluir que existe una ley f\u00edsica fundamental que gobierna el universo. (2, p\u00e1g. 35).<\/p>\n<p>Ahora bien, no est\u00e1 lejos la suposici\u00f3n de que las ense\u00f1anzas de la sabidur\u00eda universal se guardaron en el arca de la alianza, comparables a la &quot;f\u00f3rmula mundial&quot; de hoy o la &quot;tabula smaragdina&quot; *) del esoterismo.<\/p>\n<p>Seg\u00fan Charpentier (2), los Caballeros Templarios en realidad fundaron los estados federales. Los secretos transmitidos en \u00e9l supuestamente hicieron posible el fenomenal ascenso de los Caballeros Templarios en primer lugar, que tambi\u00e9n se dice que introdujeron el estilo arquitect\u00f3nico g\u00f3tico. El secreto de los estados federales o secreto templario, del que se dice que desapareci\u00f3 con la disoluci\u00f3n violenta de la orden templaria por el Papa, todav\u00eda se busca hoy (cf. 2 y 6).<\/p>\n<p><strong>\u00bfQu\u00e9 pas\u00f3 con el Arca de la Alianza?<\/strong><br \/>\nEl Arca de la Alianza probablemente se perdi\u00f3 cuando los babilonios conquistaron Jerusal\u00e9n y destruyeron el Templo.<br \/>\nPero ni los m\u00edsticos jud\u00edos ni los buscadores de tesoros cristianos est\u00e1n satisfechos con esta explicaci\u00f3n obvia.<\/p>\n<p>Informes legendarios de siglos, tal vez milenios, dicen que el arca pudo ser salvada y escondida justo a tiempo de los babilonios; tal vez en una cueva bajo el Monte del Templo.<\/p>\n<p>Una narraci\u00f3n rom\u00e1ntica en la Biblia habla de una visita de la Reina de Saba, quien ella misma quer\u00eda experimentar la tan cacareada sabidur\u00eda de Salom\u00f3n (1 Reyes 10.1-10). Seg\u00fan antiguas leyendas, tuvo un hijo de Salom\u00f3n, que se llam\u00f3 Melech. Cuando era joven, visit\u00f3 a su padre, se hizo bautizar por David y, de camino a casa, secuestr\u00f3 los estados federales y las tablas de la ley a Etiop\u00eda, donde se dice que todav\u00eda se guardan en Aksum y donde se dice que tener poderes especiales. Hancock (5) y Grierson (4) relatan en detalle esta fabulosa historia, cuya verdad es muy incierta.<\/p>\n<p>El reino de los sabeos, cuya reina se dice que visit\u00f3 a Salom\u00f3n, se encuentra en el sur de Arabia; posiblemente con una colonia en Etiop\u00eda. La visita de esta reina a Israel es puesta en duda por los historiadores, quienes tampoco ven en Salom\u00f3n un gobernante destacado; porque en fuentes extrab\u00edblicas Salom\u00f3n, a diferencia de otros reyes jud\u00edos, apenas se menciona. Mientras no se pueda examinar la supuesta Arca de la Alianza con las Tablas de la Ley guardadas en Aksum, la cuesti\u00f3n de qu\u00e9 adoran all\u00ed los cristianos et\u00edopes debe permanecer abierta.<\/p>\n<p><strong>vista de hoy<br \/>\n<\/strong>Hoy en d\u00eda, el Arca de la Alianza se considera un objeto de culto, que probablemente se hizo en el siglo VI aC. desaparecido porque ya no se menciona antes de la conquista de Jerusal\u00e9n por los babilonios (601 a. C.).<\/p>\n<p>Los relatos b\u00edblicos del Arca de la Alianza y los milagros que realiz\u00f3 no son aut\u00e9nticos. Fueron escritos siglos despu\u00e9s de la \u00e9poca de Mois\u00e9s y es posible que no se hayan escrito hasta despu\u00e9s del final del cautiverio en Babilonia **).<\/p>\n<p><strong>Notas finales:<\/strong><\/p>\n<p>*) Tabula smaragdina = tablilla esmeralda; misteriosos manuscritos que se dice que fueron escritos por Hermes en tablillas de esmeralda. Se dice que contienen los secretos de la alquimia, entre otras cosas.<br \/>\nSe puede suponer que estas tabletas, en la medida en que son m\u00e1s que pura imaginaci\u00f3n, no se pueden encontrar en la tierra.<br \/>\n**) El \u00e9xodo de Egipto (el \u00c9xodo) es alrededor de 1225 a. fechado, el cautiverio babil\u00f3nico entre 597 y 538 a.<\/p>\n<p><strong>LITERATURA:<br \/>\n<\/strong>(1) Barthel, Manfred &quot;Qu\u00e9 hay realmente en la Biblia&quot;, Econ, D\u00fcsseldorf 1987.<br \/>\n(2) Charpentier, Louis &quot;Los misterios de la catedral de Chartres&quot;, Gaia, Colonia 1972.<br \/>\n(3) Freedman, David Noel\/Robinson, Thomas L. &quot;1000 Preguntas a las Escrituras&quot;, Das Beste, Stuttgart 1992.<br \/>\n(4) Grierson, Roderick\/Munro-Hay, Stuart &quot;El pacto con Dios&quot;, Gustav L\u00fcbbe, Bergisch Gladbach 2001.<br \/>\n(5) Hancock, Graham &quot;Los Guardianes del Sagrado Sello&quot;, L\u00fcbbe, Bergisch Gladbach 1992.<br \/>\n(6) Lincoln\/Baigent\/Leigh &quot;El Santo Grial y sus herederos&quot;, L\u00fcbbe, Bergisch Gladbach 1994.<br \/>\n(7) Mertens, Heinrich A. &quot;Manual de estudios b\u00edblicos&quot;, Bechterm\u00fcnz, Augsburg 1997.<\/p>","protected":false},"excerpt":{"rendered":"<p>(Ver\u00f6ffentlicht in GralsWelt 25\/2002) Eine Suche nach dem sagenhaften Schatz &#8222;Im Jahre 1118 erschienen neun der vornehmsten franz\u00f6sischen Ritter vor Balduin II., dem K\u00f6nig von Jerusalem. Sie wollten einen Orden gr\u00fcnden, welcher die Pilger im Heiligen Land vor Dieben und M\u00f6rdern sch\u00fctzen, und die Landwege \u00fcberwachen sollte. Dann bezogen sie ein Haus an der Stelle, [&hellip;]<\/p>\n","protected":false},"author":2,"featured_media":0,"comment_status":"closed","ping_status":"open","sticky":false,"template":"","format":"standard","meta":{"footnotes":""},"categories":[11],"tags":[],"class_list":["post-178","post","type-post","status-publish","format-standard","hentry","category-religionsgeschichte"],"yoast_head":"<!-- This site is optimized with the Yoast SEO plugin v27.5 - https:\/\/yoast.com\/product\/yoast-seo-wordpress\/ -->\n<title>Die Bundeslade &#8211; SiegfriedHagl.com<\/title>\n<meta name=\"robots\" content=\"index, follow, max-snippet:-1, max-image-preview:large, max-video-preview:-1\" \/>\n<link rel=\"canonical\" href=\"https:\/\/www.siegfriedhagl.com\/es\/historia-religiosa\/178-2\/\" \/>\n<meta property=\"og:locale\" content=\"es_ES\" \/>\n<meta property=\"og:type\" content=\"article\" \/>\n<meta property=\"og:title\" content=\"Die Bundeslade &#8211; SiegfriedHagl.com\" \/>\n<meta property=\"og:description\" content=\"(Ver\u00f6ffentlicht in GralsWelt 25\/2002) Eine Suche nach dem sagenhaften Schatz &#8222;Im Jahre 1118 erschienen neun der vornehmsten franz\u00f6sischen Ritter vor Balduin II., dem K\u00f6nig von Jerusalem. Sie wollten einen Orden gr\u00fcnden, welcher die Pilger im Heiligen Land vor Dieben und M\u00f6rdern sch\u00fctzen, und die Landwege \u00fcberwachen sollte. Dann bezogen sie ein Haus an der Stelle, [&hellip;]\" \/>\n<meta property=\"og:url\" content=\"https:\/\/www.siegfriedhagl.com\/es\/historia-religiosa\/178-2\/\" \/>\n<meta property=\"og:site_name\" content=\"SiegfriedHagl.com\" \/>\n<meta property=\"article:published_time\" content=\"2009-03-24T15:54:36+00:00\" \/>\n<meta property=\"article:modified_time\" content=\"2021-12-05T17:31:44+00:00\" \/>\n<meta name=\"author\" content=\"siegfriedhagl\" \/>\n<meta name=\"twitter:card\" content=\"summary_large_image\" \/>\n<meta name=\"twitter:label1\" content=\"Escrito por\" \/>\n\t<meta name=\"twitter:data1\" content=\"siegfriedhagl\" \/>\n\t<meta name=\"twitter:label2\" content=\"Tiempo de lectura\" \/>\n\t<meta name=\"twitter:data2\" content=\"8 minutos\" \/>\n<script type=\"application\/ld+json\" class=\"yoast-schema-graph\">{\"@context\":\"https:\\\/\\\/schema.org\",\"@graph\":[{\"@type\":\"Article\",\"@id\":\"https:\\\/\\\/www.siegfriedhagl.com\\\/religionsgeschichte\\\/178-2\\\/#article\",\"isPartOf\":{\"@id\":\"https:\\\/\\\/www.siegfriedhagl.com\\\/religionsgeschichte\\\/178-2\\\/\"},\"author\":{\"name\":\"siegfriedhagl\",\"@id\":\"https:\\\/\\\/www.siegfriedhagl.com\\\/#\\\/schema\\\/person\\\/263c4a916fa13b3e7eda58f6c8c2695f\"},\"headline\":\"Die Bundeslade\",\"datePublished\":\"2009-03-24T15:54:36+00:00\",\"dateModified\":\"2021-12-05T17:31:44+00:00\",\"mainEntityOfPage\":{\"@id\":\"https:\\\/\\\/www.siegfriedhagl.com\\\/religionsgeschichte\\\/178-2\\\/\"},\"wordCount\":1769,\"publisher\":{\"@id\":\"https:\\\/\\\/www.siegfriedhagl.com\\\/#\\\/schema\\\/person\\\/263c4a916fa13b3e7eda58f6c8c2695f\"},\"articleSection\":[\"Religionsgeschichte\"],\"inLanguage\":\"es\"},{\"@type\":\"WebPage\",\"@id\":\"https:\\\/\\\/www.siegfriedhagl.com\\\/religionsgeschichte\\\/178-2\\\/\",\"url\":\"https:\\\/\\\/www.siegfriedhagl.com\\\/religionsgeschichte\\\/178-2\\\/\",\"name\":\"Die Bundeslade &#8211; SiegfriedHagl.com\",\"isPartOf\":{\"@id\":\"https:\\\/\\\/www.siegfriedhagl.com\\\/#website\"},\"datePublished\":\"2009-03-24T15:54:36+00:00\",\"dateModified\":\"2021-12-05T17:31:44+00:00\",\"breadcrumb\":{\"@id\":\"https:\\\/\\\/www.siegfriedhagl.com\\\/religionsgeschichte\\\/178-2\\\/#breadcrumb\"},\"inLanguage\":\"es\",\"potentialAction\":[{\"@type\":\"ReadAction\",\"target\":[\"https:\\\/\\\/www.siegfriedhagl.com\\\/religionsgeschichte\\\/178-2\\\/\"]}]},{\"@type\":\"BreadcrumbList\",\"@id\":\"https:\\\/\\\/www.siegfriedhagl.com\\\/religionsgeschichte\\\/178-2\\\/#breadcrumb\",\"itemListElement\":[{\"@type\":\"ListItem\",\"position\":1,\"name\":\"Startseite\",\"item\":\"https:\\\/\\\/www.siegfriedhagl.com\\\/\"},{\"@type\":\"ListItem\",\"position\":2,\"name\":\"Die Bundeslade\"}]},{\"@type\":\"WebSite\",\"@id\":\"https:\\\/\\\/www.siegfriedhagl.com\\\/#website\",\"url\":\"https:\\\/\\\/www.siegfriedhagl.com\\\/\",\"name\":\"SiegfriedHagl.com\",\"description\":\"Artikel und Blog von Siegfried Hagl\",\"publisher\":{\"@id\":\"https:\\\/\\\/www.siegfriedhagl.com\\\/#\\\/schema\\\/person\\\/263c4a916fa13b3e7eda58f6c8c2695f\"},\"potentialAction\":[{\"@type\":\"SearchAction\",\"target\":{\"@type\":\"EntryPoint\",\"urlTemplate\":\"https:\\\/\\\/www.siegfriedhagl.com\\\/?s={search_term_string}\"},\"query-input\":{\"@type\":\"PropertyValueSpecification\",\"valueRequired\":true,\"valueName\":\"search_term_string\"}}],\"inLanguage\":\"es\"},{\"@type\":[\"Person\",\"Organization\"],\"@id\":\"https:\\\/\\\/www.siegfriedhagl.com\\\/#\\\/schema\\\/person\\\/263c4a916fa13b3e7eda58f6c8c2695f\",\"name\":\"siegfriedhagl\",\"image\":{\"@type\":\"ImageObject\",\"inLanguage\":\"es\",\"@id\":\"https:\\\/\\\/secure.gravatar.com\\\/avatar\\\/45b010d0734a07d6fa163753be02d78684ff4128f419d6ee0a0370de54233f1c?s=96&d=mm&r=g\",\"url\":\"https:\\\/\\\/secure.gravatar.com\\\/avatar\\\/45b010d0734a07d6fa163753be02d78684ff4128f419d6ee0a0370de54233f1c?s=96&d=mm&r=g\",\"contentUrl\":\"https:\\\/\\\/secure.gravatar.com\\\/avatar\\\/45b010d0734a07d6fa163753be02d78684ff4128f419d6ee0a0370de54233f1c?s=96&d=mm&r=g\",\"caption\":\"siegfriedhagl\"},\"logo\":{\"@id\":\"https:\\\/\\\/secure.gravatar.com\\\/avatar\\\/45b010d0734a07d6fa163753be02d78684ff4128f419d6ee0a0370de54233f1c?s=96&d=mm&r=g\"},\"sameAs\":[\"http:\\\/\\\/www.hagl.net\"]}]}<\/script>\n<!-- \/ Yoast SEO plugin. -->","yoast_head_json":{"title":"El Arca de la Alianza - SiegfriedHagl.com","robots":{"index":"index","follow":"follow","max-snippet":"max-snippet:-1","max-image-preview":"max-image-preview:large","max-video-preview":"max-video-preview:-1"},"canonical":"https:\/\/www.siegfriedhagl.com\/es\/historia-religiosa\/178-2\/","og_locale":"es_ES","og_type":"article","og_title":"Die Bundeslade &#8211; SiegfriedHagl.com","og_description":"(Ver\u00f6ffentlicht in GralsWelt 25\/2002) Eine Suche nach dem sagenhaften Schatz &#8222;Im Jahre 1118 erschienen neun der vornehmsten franz\u00f6sischen Ritter vor Balduin II., dem K\u00f6nig von Jerusalem. Sie wollten einen Orden gr\u00fcnden, welcher die Pilger im Heiligen Land vor Dieben und M\u00f6rdern sch\u00fctzen, und die Landwege \u00fcberwachen sollte. Dann bezogen sie ein Haus an der Stelle, [&hellip;]","og_url":"https:\/\/www.siegfriedhagl.com\/es\/historia-religiosa\/178-2\/","og_site_name":"SiegfriedHagl.com","article_published_time":"2009-03-24T15:54:36+00:00","article_modified_time":"2021-12-05T17:31:44+00:00","author":"siegfriedhagl","twitter_card":"summary_large_image","twitter_misc":{"Escrito por":"siegfriedhagl","Tiempo de lectura":"8 minutos"},"schema":{"@context":"https:\/\/schema.org","@graph":[{"@type":"Article","@id":"https:\/\/www.siegfriedhagl.com\/religionsgeschichte\/178-2\/#article","isPartOf":{"@id":"https:\/\/www.siegfriedhagl.com\/religionsgeschichte\/178-2\/"},"author":{"name":"siegfriedhagl","@id":"https:\/\/www.siegfriedhagl.com\/#\/schema\/person\/263c4a916fa13b3e7eda58f6c8c2695f"},"headline":"Die Bundeslade","datePublished":"2009-03-24T15:54:36+00:00","dateModified":"2021-12-05T17:31:44+00:00","mainEntityOfPage":{"@id":"https:\/\/www.siegfriedhagl.com\/religionsgeschichte\/178-2\/"},"wordCount":1769,"publisher":{"@id":"https:\/\/www.siegfriedhagl.com\/#\/schema\/person\/263c4a916fa13b3e7eda58f6c8c2695f"},"articleSection":["Religionsgeschichte"],"inLanguage":"es"},{"@type":"WebPage","@id":"https:\/\/www.siegfriedhagl.com\/religionsgeschichte\/178-2\/","url":"https:\/\/www.siegfriedhagl.com\/religionsgeschichte\/178-2\/","name":"El Arca de la Alianza - SiegfriedHagl.com","isPartOf":{"@id":"https:\/\/www.siegfriedhagl.com\/#website"},"datePublished":"2009-03-24T15:54:36+00:00","dateModified":"2021-12-05T17:31:44+00:00","breadcrumb":{"@id":"https:\/\/www.siegfriedhagl.com\/religionsgeschichte\/178-2\/#breadcrumb"},"inLanguage":"es","potentialAction":[{"@type":"ReadAction","target":["https:\/\/www.siegfriedhagl.com\/religionsgeschichte\/178-2\/"]}]},{"@type":"BreadcrumbList","@id":"https:\/\/www.siegfriedhagl.com\/religionsgeschichte\/178-2\/#breadcrumb","itemListElement":[{"@type":"ListItem","position":1,"name":"Startseite","item":"https:\/\/www.siegfriedhagl.com\/"},{"@type":"ListItem","position":2,"name":"Die Bundeslade"}]},{"@type":"WebSite","@id":"https:\/\/www.siegfriedhagl.com\/#website","url":"https:\/\/www.siegfriedhagl.com\/","name":"SiegfriedHagl.com","description":"Art\u00edculo y blog de Siegfried Hagl","publisher":{"@id":"https:\/\/www.siegfriedhagl.com\/#\/schema\/person\/263c4a916fa13b3e7eda58f6c8c2695f"},"potentialAction":[{"@type":"SearchAction","target":{"@type":"EntryPoint","urlTemplate":"https:\/\/www.siegfriedhagl.com\/?s={search_term_string}"},"query-input":{"@type":"PropertyValueSpecification","valueRequired":true,"valueName":"search_term_string"}}],"inLanguage":"es"},{"@type":["Person","Organization"],"@id":"https:\/\/www.siegfriedhagl.com\/#\/schema\/person\/263c4a916fa13b3e7eda58f6c8c2695f","name":"siegfriedhagl","image":{"@type":"ImageObject","inLanguage":"es","@id":"https:\/\/secure.gravatar.com\/avatar\/45b010d0734a07d6fa163753be02d78684ff4128f419d6ee0a0370de54233f1c?s=96&d=mm&r=g","url":"https:\/\/secure.gravatar.com\/avatar\/45b010d0734a07d6fa163753be02d78684ff4128f419d6ee0a0370de54233f1c?s=96&d=mm&r=g","contentUrl":"https:\/\/secure.gravatar.com\/avatar\/45b010d0734a07d6fa163753be02d78684ff4128f419d6ee0a0370de54233f1c?s=96&d=mm&r=g","caption":"siegfriedhagl"},"logo":{"@id":"https:\/\/secure.gravatar.com\/avatar\/45b010d0734a07d6fa163753be02d78684ff4128f419d6ee0a0370de54233f1c?s=96&d=mm&r=g"},"sameAs":["http:\/\/www.hagl.net"]}]}},"_links":{"self":[{"href":"https:\/\/www.siegfriedhagl.com\/es\/wp-json\/wp\/v2\/posts\/178","targetHints":{"allow":["GET"]}}],"collection":[{"href":"https:\/\/www.siegfriedhagl.com\/es\/wp-json\/wp\/v2\/posts"}],"about":[{"href":"https:\/\/www.siegfriedhagl.com\/es\/wp-json\/wp\/v2\/types\/post"}],"author":[{"embeddable":true,"href":"https:\/\/www.siegfriedhagl.com\/es\/wp-json\/wp\/v2\/users\/2"}],"replies":[{"embeddable":true,"href":"https:\/\/www.siegfriedhagl.com\/es\/wp-json\/wp\/v2\/comments?post=178"}],"version-history":[{"count":21,"href":"https:\/\/www.siegfriedhagl.com\/es\/wp-json\/wp\/v2\/posts\/178\/revisions"}],"predecessor-version":[{"id":7768,"href":"https:\/\/www.siegfriedhagl.com\/es\/wp-json\/wp\/v2\/posts\/178\/revisions\/7768"}],"wp:attachment":[{"href":"https:\/\/www.siegfriedhagl.com\/es\/wp-json\/wp\/v2\/media?parent=178"}],"wp:term":[{"taxonomy":"category","embeddable":true,"href":"https:\/\/www.siegfriedhagl.com\/es\/wp-json\/wp\/v2\/categories?post=178"},{"taxonomy":"post_tag","embeddable":true,"href":"https:\/\/www.siegfriedhagl.com\/es\/wp-json\/wp\/v2\/tags?post=178"}],"curies":[{"name":"wp","href":"https:\/\/api.w.org\/{rel}","templated":true}]}}