{"id":1100,"date":"2009-05-10T17:44:26","date_gmt":"2009-05-10T16:44:26","guid":{"rendered":"https:\/\/www.siegfriedhagl.com\/?page_id=1100"},"modified":"2024-06-26T12:09:16","modified_gmt":"2024-06-26T11:09:16","slug":"ein-welthistorischer-tag","status":"publish","type":"post","link":"https:\/\/www.siegfriedhagl.com\/es\/dias-de-conmemoracion\/un-dia-historico-mundial\/","title":{"rendered":"Un d\u00eda hist\u00f3rico mundial"},"content":{"rendered":"<blockquote><p><em>\u00a0(Publicado en GralsWelt 20\/2001)<\/em><\/p><\/blockquote>\n<h6>El 6 de diciembre de 1941, Abd-ru-shin (1875-1941) dej\u00f3 esta tierra. He aqu\u00ed una descripci\u00f3n de lo que ocurri\u00f3 en ese momento de la historia del mundo.<\/h6>\n<h5><strong><em>Europa a principios de diciembre de 1941<\/em>: <\/strong><\/h5>\n<p>La Segunda Guerra Mundial alcanz\u00f3 su primer pico en la forma de la \u201cGuerra Europea\u201d. Durante dos a\u00f1os, las tropas alemanas corrieron de victoria en victoria. Hab\u00edan introducido el nuevo eslogan &quot;Blitzkrieg&quot; no solo en alem\u00e1n sino incluso en ingl\u00e9s, y su agresividad y golpe nunca parecieron decaer; los ej\u00e9rcitos alemanes hab\u00edan demostrado hasta entonces ser invencibles en todos los casos.<\/p>\n<p>Una mirada al mapa ten\u00eda que probar esto:<\/p>\n<p>Desde septiembre de 1939, los soldados alemanes hab\u00edan invadido primero Polonia, conquistado despu\u00e9s Dinamarca, Noruega, Holanda, B\u00e9lgica y Francia y representaban una peligrosa amenaza para Inglaterra.<br \/>\nA esto sigui\u00f3 en 1941 la conquista de Yugoslavia, Grecia y Creta, el env\u00edo de tropas a \u00c1frica para rescatar a los italianos y, por \u00faltimo, el ataque a Rusia.<\/p>\n<p>En los primeros d\u00edas de diciembre de 1941, las tropas alemanas se encuentran en el Cabo Norte y en el golfo de Vizcaya. El Afrika Korps asedia Tobruk. En el frente oriental, la antigua capital rusa de Kiev hace tiempo que ha sido conquistada, Leningrado rodeada y Mosc\u00fa a la vista; seg\u00fan los informes oficiales, la resistencia rusa se considera rota desde principios de octubre y la guerra en el este as\u00ed decidida (un t\u00edo bien informado me dijo lo mismo cuando yo ten\u00eda diez a\u00f1os). Incluso el gobierno brit\u00e1nico ten\u00eda una opini\u00f3n similar.<\/p>\n<p>En Alemania, se cree que el bolchevismo est\u00e1 muerto y quieren utilizar las fuentes de materia prima de las partes conquistadas del oeste de la Uni\u00f3n Sovi\u00e9tica para derrotar pronto al enemigo de guerra restante: Inglaterra.<\/p>\n<p>La mayor\u00eda de los alemanes estaban orgullosos de los destacados logros de su ej\u00e9rcito, que tambi\u00e9n fueron reconocidos en el extranjero, incluso por los opositores a la guerra.<\/p>\n<blockquote><p><em>&quot;Los soldados alemanes eran los mejores del mundo&quot;.<br \/>\n<\/em><span style=\"font-size: revert;\">John Colville (1915-1987), secretario privado de Churchill.<\/span><\/p><\/blockquote>\n<p>Esta es la valoraci\u00f3n de la situaci\u00f3n militar, no s\u00f3lo desde el punto de vista de la propaganda nacionalsocialista. Ni siquiera las autoridades militares m\u00e1s autorizadas de los Estados occidentales ven la situaci\u00f3n de manera muy diferente, e incluso el duro Winston Churchill sabe que ser\u00e1 dif\u00edcil detener a los alemanes en el norte de \u00c1frica, asegurar el Canal de Suez y repeler la esperada invasi\u00f3n de Inglaterra tras una campa\u00f1a rusa victoriosamente concluida.<\/p>\n<p>Casi todo el mundo subestima los problemas de los ej\u00e9rcitos alemanes. De hecho, las fuerzas de las unidades de combate alemanas est\u00e1n extremadamente sobrecargadas. La zona que hay que controlar es demasiado grande, las tropas est\u00e1n fragmentadas y las rutas de suministro a los frentes, muy dispersos, son demasiado largas.<\/p>\n<p>Adem\u00e1s, en el Mediterr\u00e1neo, las fuerzas a\u00e9reas y mar\u00edtimas inglesas amenazan las l\u00edneas de suministro que est\u00e1n sufriendo en el este debido a las malas carreteras, los ferrocarriles de v\u00eda ancha, el clima extremo y la actividad partidista. En el lado alem\u00e1n, sin embargo, solo unos pocos &quot;negacionistas&quot; prestan atenci\u00f3n a tales peligros.<\/p>\n<p>La mayor\u00eda, incluso los gerentes bien informados, est\u00e1n deslumbrados por la interminable serie de \u00e9xitos y creen que la victoria ya est\u00e1 en sus manos.<\/p>\n<p>Desafortunadamente, en la euforia de los primeros a\u00f1os de la guerra, la gente a menudo olvidaba o suprim\u00eda el hecho de que Hitler hab\u00eda comenzado la guerra sin cuidado y sin sentido. Como ya se anunci\u00f3 en Mein Kampf, Hitler quer\u00eda crear \u201cespacio para los campesinos alemanes\u201d en el Este, independientemente de la gente que viviera all\u00ed. Estos fueron descartados como &quot;inferiores&quot; para que pudieran ser reprimidos o, como en el caso de los jud\u00edos, incluso exterminados.<\/p>\n<p>Una guerra despiadada de robo, contra toda la humanidad, sin consideraci\u00f3n de categor\u00edas morales y en un juicio err\u00f3neo del hecho que todo historiador conoce, que todo conquistador que desconoci\u00f3 los derechos de vida de los vencidos ha fracasado.<\/p>\n<p>Pero, como ya se mencion\u00f3, a principios de diciembre de 1941, la racha alemana parec\u00eda seguir rodando, las conquistas eran abrumadoras y las tropas alemanas se consideraban invencibles.<\/p>\n<p>Pero luego la situaci\u00f3n cambi\u00f3 en un instante, casi en cuesti\u00f3n de horas:<\/p>\n<h5><strong><em>\u00c1frica del Norte<\/em>:<\/strong><\/h5>\n<p>Las fuerzas del Afrika Korps alem\u00e1n estaban agotadas en este teatro secundario de guerra, los suministros no eran suficientes y el 6 de diciembre de 1941 el comandante de las tropas de tanques, Manfred Rommel, tuvo que decidir la retirada, que comenz\u00f3 el 7 de diciembre. A fines de 1941, Cyrenaica con el importante puerto de Bengasi estaba nuevamente en manos brit\u00e1nicas; los alemanes se han retirado a la posici\u00f3n de Marsa Brega al oeste de el Agheila en el Gran Syrte.<\/p>\n<p>Incluso si las ganancias de tierra en la guerra del desierto no significan demasiado, se logr\u00f3 un \u00e9xito moral para los brit\u00e1nicos.<\/p>\n<h5><strong><em>atl\u00e1ntico<\/em>:<\/strong><\/h5>\n<p>La &quot;Batalla del Atl\u00e1ntico&quot;, en la que se supone que los submarinos alemanes cortar\u00e1n los suministros a Inglaterra, contin\u00faa.<\/p>\n<p>Es cierto que las p\u00e9rdidas de submarinos todav\u00eda pueden compensarse con nuevos edificios de los astilleros alemanes, pero las fuerzas est\u00e1n fragmentadas por el traslado de submarinos al Mediterr\u00e1neo y la expansi\u00f3n de las \u00e1reas operativas; en diciembre solo se destruye un tercio del espacio de navegaci\u00f3n que se hundi\u00f3 en mayo de 1941.<\/p>\n<h5><strong><em>frente Oriental<\/em>:<\/strong><\/h5>\n<p>Aqu\u00ed el punto de inflexi\u00f3n dram\u00e1tico est\u00e1 a la vista: mientras que en octubre y noviembre se cre\u00eda que el Ej\u00e9rcito Rojo ya se estaba desintegrando, las puntas de lanza de ataque alemanas ahora se empantanan frente a Mosc\u00fa en el g\u00e9lido invierno ruso. Y: \u00a1Un inesperado contraataque ruso es inminente!<\/p>\n<p>Despu\u00e9s de que, entre otras indicaciones, Stalin recibiera la certeza de un esp\u00eda, el notorio doble agente alem\u00e1n Sorge*), de que no hab\u00eda que temer un ataque de socorro japon\u00e9s contra Rusia en el Lejano Oriente, las tropas siberianas pueden ser transferidas al frente alem\u00e1n. El 6 de diciembre de 1941 comienza la contraofensiva rusa. Tropas de \u00e9lite acostumbradas al fr\u00edo con ropa de invierno se enfrentan a los soldados alemanes con su ropa de verano.<\/p>\n<p>El frente alem\u00e1n amenaz\u00f3 con colapsar y el aura de invencibilidad del soldado alem\u00e1n se hizo a\u00f1icos.<\/p>\n<p>Cualquiera que pregunte sobre la hora que anunci\u00f3 la ca\u00edda del Tercer Reich puede encontrarlo en este d\u00eda:<\/p>\n<p>Porque cuando el sol al rojo vivo comenz\u00f3 a ponerse tras el horizonte de las estepas rusas el 6 de diciembre de 1941, el Estado Mayor alem\u00e1n sab\u00eda que la campa\u00f1a rusa no pod\u00eda ganarse. Hitler hab\u00eda desbordado las fuerzas del Gran Reich alem\u00e1n. A partir de ahora, el tiempo trabaj\u00f3 contra el nacionalsocialismo y su pol\u00edtica expansionista.<\/p>\n<p>Cualquiera que pensara m\u00e1s ten\u00eda que\u00a0<em>ahora <\/em>\u00a1Deje de hacerlo!<\/p>\n<p>De ahora en adelante, cada d\u00eda de la guerra simplemente tra\u00eda nuevas v\u00edctimas en una cadena de batallas de desgaste: Alemania solo pod\u00eda prolongar la guerra, posponer el final inevitable, pero ya no pod\u00eda imponerse la victoria en los campos de batalla; a menos que ocurra un milagro.<\/p>\n<p>Pero Hitler no se rinde. Incluso se las arregla para mantener el frente oriental. En la v\u00edspera de A\u00f1o Nuevo de 1941, hubo una discusi\u00f3n decisiva entre \u00e9l y sus generales, en la que Hitler se afirm\u00f3 contra ellos con su lema: &quot;\u00a1No retrocedan, perseveren a cualquier precio!&quot;<\/p>\n<p>Los historiadores de hoy est\u00e1n bastante de acuerdo en que fue la decisi\u00f3n correcta por el momento. Una retirada en el fr\u00edo helado habr\u00eda significado el colapso total del ej\u00e9rcito oriental alem\u00e1n. Una vez m\u00e1s, probablemente por \u00faltima vez, el \u201ccomandante m\u00e1s grande de todos los tiempos\u201d decide m\u00e1s feliz que sus generales, quienes tienen que dejar que el diletante los averg\u00fcence.<\/p>\n<p>Pero la campa\u00f1a rusa ya no se puede ganar. Las renovadas ganancias de terreno en el verano de 1942 no pueden ocultar este hecho, y en el invierno de 1942\/43 la derrota en Stalingrado presagia la ca\u00edda del Tercer Reich de manera inequ\u00edvoca.<\/p>\n<h5><em><strong>Pac\u00edfico:<\/strong><\/em><\/h5>\n<p>\u00bfHitler ya sab\u00eda o al menos sospechaba en diciembre de 1941 que todo estar\u00eda perdido? \u00bfQuer\u00eda sumergirse en un gigantesco mar de llamas? Su declaraci\u00f3n de guerra a los Estados Unidos as\u00ed lo sugiere.<\/p>\n<p>El domingo 7 de diciembre de 1941 a las 7:30 a. m. hora local, aviones japoneses atacan la base naval estadounidense de Pearl Harbor en Haw\u00e1i. Jap\u00f3n est\u00e1 en guerra con los Estados Unidos.<\/p>\n<p>\u00bfAlivio para Alemania? El ataque japon\u00e9s a Rusia deseado por Alemania ser\u00eda mejor. Pero al menos Estados Unidos se distraer\u00eda de Europa. Hasta ahora, Estados Unidos hab\u00eda apoyado a Inglaterra y Rusia m\u00e1s abiertamente y hab\u00eda hablado m\u00e1s claramente contra Alemania de lo que es habitual en un pa\u00eds neutral.<\/p>\n<p>Pero ahora Hitler toma una de sus decisiones m\u00e1s incomprensibles y tontas: <em>\u00a1Declara la guerra a los EE. UU. el 11 de diciembre de 1941!<\/em><\/p>\n<p>Nada lo obliga a hacerlo. El pacto tripartito Alemania-Italia-Jap\u00f3n s\u00f3lo obliga a estas potencias del Eje a prestar asistencia si una de las partes contratantes<em> atacado <\/em>voluntad, no si se ataca a s\u00ed mismo.<\/p>\n<p>Sin embargo, el 5 de diciembre -la flota de ataque japonesa ya estaba de camino a Hawai- Hitler prometi\u00f3 al embajador japon\u00e9s su ayuda en caso de guerra. Lo que le llev\u00f3 a cometer esta atroz estupidez sigue siendo un misterio hasta el d\u00eda de hoy; aparte de su mal juicio sobre EEUU, s\u00f3lo pueden conjeturarse motivos irracionales**).<\/p>\n<p>Esto se debe a que Alemania no puede atacar directamente a Estados Unidos y no tiene ninguna posibilidad de infligirle da\u00f1os graves***). Por otra parte, los suministros de armas estadounidenses a Rusia e Inglaterra aumentan y se hacen cada vez m\u00e1s notorios. Al final, las tropas estadounidenses contribuir\u00e1n significativamente a la victoria aliada en Europa.<\/p>\n<p>Entonces, mientras los ej\u00e9rcitos alemanes en el este intentaban evitar una debacle total con sus \u00faltimas fuerzas, Hitler declar\u00f3 la guerra a la potencia econ\u00f3mica m\u00e1s fuerte del mundo. Act\u00faa como si quisiera convertir la inminente derrota en una cat\u00e1strofe inevitable, para perecer con su partido y el pueblo alem\u00e1n, como los Nibelungos, en la quema de Europa.<\/p>\n<h5><em><strong>Cinco d\u00edas en diciembre de 1941:<\/strong><\/em><\/h5>\n<p>Pocas veces en la historia mundial se han tomado decisiones tan serias en tan poco tiempo como en los 5 d\u00edas del 6 al 11 de diciembre de 1941.<\/p>\n<ul class=\"unIndentedList\">\n<li><strong>La guerra europea se hab\u00eda convertido en una guerra mundial.<\/strong><\/li>\n<li><strong>El destino tenia <em>contra <\/em>Alemania decidi\u00f3.<\/strong><\/li>\n<li><strong>Jap\u00f3n inici\u00f3 descuidadamente un conflicto que ten\u00eda que perder.<\/strong><\/li>\n<li><strong>El sue\u00f1o de un espacio vital alem\u00e1n en el este hab\u00eda terminado y Jap\u00f3n arriesg\u00f3 demasiado en su b\u00fasqueda de convertirse en una gran potencia. El inevitable rev\u00e9s estaba destinado a ser catastr\u00f3fico para ambas naciones.<\/strong><\/li>\n<\/ul>\n<p>As\u00ed que solo 5 d\u00edas en diciembre de 1941 cambi\u00f3 el destino del mundo: la tiran\u00eda nacionalsocialista hab\u00eda llegado al l\u00edmite de sus posibilidades y de ahora en adelante ten\u00eda que retroceder inexorablemente, hasta el amargo final.<\/p>\n<p>La inevitable decadencia del nacionalsocialismo estuvo acompa\u00f1ada de los peores horrores que deshonran el nombre de &quot;Alemania&quot; y la germanidad hasta el d\u00eda de hoy. El 20 de enero de 1942 se decidi\u00f3 la \u201csoluci\u00f3n final de la cuesti\u00f3n jud\u00eda\u201d en la notoria \u201cConferencia de Wannsee\u201d, el exterminio de los jud\u00edos. Comenz\u00f3 el asesinato sistem\u00e1tico de millones de personas valiosas (que, incluso estrat\u00e9gicamente, podr\u00edan haber prestado inconmensurables servicios al imperio en guerra).<\/p>\n<p>Es imposible comprender el enga\u00f1o que prioriz\u00f3 el asesinato en masa de personas inocentes sobre el suministro de suministros esenciales a frentes inestables. Cualquiera que piense y act\u00fae as\u00ed solo puede perecer.<\/p>\n<p>El impulso expansionista japon\u00e9s tambi\u00e9n super\u00f3 sus posibilidades. Comenz\u00f3 sus conquistas -al igual que los alemanes- con incre\u00edbles victorias y luego tuvo que someterse a una derrota tras otra hasta su rendici\u00f3n incondicional.<\/p>\n<h5>El mapa del mundo cambi\u00f3:<\/h5>\n<p>La era colonial lleg\u00f3 a su fin con el final de la Segunda Guerra Mundial. La mitad del mundo cay\u00f3 bajo el dominio comunista, y muchos de los valores tradicionales de Occidente (por ejemplo, el estado de derecho, la democracia, la libertad personal, la conciencia religiosa, la individualidad del hombre, etc.) parec\u00edan estar en entredicho, incluso amenazados de extinci\u00f3n. .<\/p>\n<p>Y la guerra no termin\u00f3 con el fin de la guerra: a la guerra contra Alemania y Jap\u00f3n sigui\u00f3 el enfrentamiento entre Oriente y Occidente, entre socialismo y capitalismo, que s\u00f3lo no pas\u00f3 de ser una \"guerra fr\u00eda\" a una \"guerra de disparos\" porque ninguno de los estadistas -con la excepci\u00f3n de Mao Tse Tung****)- quiso provocar el uso de armas nucleares.<\/p>\n<p>No importa c\u00f3mo se quiera ver la historia de la Segunda Guerra Mundial y las d\u00e9cadas posteriores: los d\u00edas del 6 al 11 de diciembre de 1941 cambiaron el mundo, iniciaron desarrollos irreversibles. Nada fue igual despu\u00e9s, y el mundo -para bien o para mal- nunca volver\u00e1 a ser el mismo que antes del 6 de diciembre de 1941.<\/p>\n<p><strong>Notas finales:<\/strong><\/p>\n<p>*) El corresponsal extranjero de peri\u00f3dicos alemanes en el Este de Asia, Richard Sorge (1895-1944) era un comunista secreto. Espiaba no s\u00f3lo para la defensa alemana, sino sobre todo para Mosc\u00fa. En 1941 fue arrestado en Jap\u00f3n y ahorcado en octubre de 1944 junto con un amigo japon\u00e9s.<br \/>\n**) En \"Five Days in December 1941\" de Brendan Simms y Charlie Lederman, DVA, 2021, se supone que Hitler quer\u00eda adelantarse a una esperada declaraci\u00f3n de guerra por parte de EEUU con una guerra preventiva.<br \/>\n***) Los submarinos alemanes pueden hundir algunos barcos en el Golfo de M\u00e9xico, a pesar del largo viaje, pero no se puede infligir ning\u00fan da\u00f1o grave a los EE.UU. de esta manera.<br \/>\n****) V\u00e9ase Raymond Cartier \"Nach dem Zweiten Weltkrieg\", 3\u00aa ed., p. 764. p. 764, Piper, Munich, 1980.<\/p>\n<p><strong>Referencia:<\/strong><\/p>\n<p>El lector interesado encontrar\u00e1 una descripci\u00f3n detallada de los hechos hist\u00f3ricos y un an\u00e1lisis de las ra\u00edces esot\u00e9ricas-ocultas de Adolf Hitler en: &quot;Der okkulte Kanzler&quot;, Siegfried Hagl, Gr\u00e4felfing, 2000, ISBN 3-89811-828-2. Disponible en Austria a trav\u00e9s del servicio de medios GralsWelt, n.\u00ba de pedido. 2660. Tambi\u00e9n disponible como libro electr\u00f3nico.<\/p>","protected":false},"excerpt":{"rendered":"<p>\u00a0(Ver\u00f6ffentlicht in GralsWelt 20\/2001) Am 6. Dezembers 1941 verlie\u00df Abd-ru-shin (1875-1941) diese Erde. Hier wird beschrieben, was sich zu dieser Zeit welthistorisch ereignete. Europa Anfang Dezember 1941: Der Zweite Weltkrieg hat in der Form des \u201eeurop\u00e4ischen Krieges&#8220; einen ersten H\u00f6hepunkt erreicht. Zwei Jahre lang waren deutsche Truppen von Sieg zu Sieg geeilt. Sie hatten das [&hellip;]<\/p>\n","protected":false},"author":2,"featured_media":0,"comment_status":"closed","ping_status":"open","sticky":false,"template":"","format":"standard","meta":{"footnotes":""},"categories":[7],"tags":[],"class_list":["post-1100","post","type-post","status-publish","format-standard","hentry","category-gedenktage"],"yoast_head":"<!-- This site is optimized with the Yoast SEO plugin v27.5 - https:\/\/yoast.com\/product\/yoast-seo-wordpress\/ -->\n<title>Ein welthistorischer Tag &#8211; SiegfriedHagl.com<\/title>\n<meta name=\"robots\" content=\"index, follow, max-snippet:-1, max-image-preview:large, max-video-preview:-1\" \/>\n<link rel=\"canonical\" href=\"https:\/\/www.siegfriedhagl.com\/es\/dias-de-conmemoracion\/un-dia-historico-mundial\/\" \/>\n<meta property=\"og:locale\" content=\"es_ES\" \/>\n<meta property=\"og:type\" content=\"article\" \/>\n<meta property=\"og:title\" content=\"Ein welthistorischer Tag &#8211; SiegfriedHagl.com\" \/>\n<meta property=\"og:description\" content=\"\u00a0(Ver\u00f6ffentlicht in GralsWelt 20\/2001) Am 6. Dezembers 1941 verlie\u00df Abd-ru-shin (1875-1941) diese Erde. Hier wird beschrieben, was sich zu dieser Zeit welthistorisch ereignete. Europa Anfang Dezember 1941: Der Zweite Weltkrieg hat in der Form des \u201eeurop\u00e4ischen Krieges&#8220; einen ersten H\u00f6hepunkt erreicht. Zwei Jahre lang waren deutsche Truppen von Sieg zu Sieg geeilt. Sie hatten das [&hellip;]\" \/>\n<meta property=\"og:url\" content=\"https:\/\/www.siegfriedhagl.com\/es\/dias-de-conmemoracion\/un-dia-historico-mundial\/\" \/>\n<meta property=\"og:site_name\" content=\"SiegfriedHagl.com\" \/>\n<meta property=\"article:published_time\" content=\"2009-05-10T16:44:26+00:00\" \/>\n<meta property=\"article:modified_time\" content=\"2024-06-26T11:09:16+00:00\" \/>\n<meta name=\"author\" content=\"siegfriedhagl\" \/>\n<meta name=\"twitter:card\" content=\"summary_large_image\" \/>\n<meta name=\"twitter:label1\" content=\"Escrito por\" \/>\n\t<meta name=\"twitter:data1\" content=\"siegfriedhagl\" \/>\n\t<meta name=\"twitter:label2\" content=\"Tiempo de lectura\" \/>\n\t<meta name=\"twitter:data2\" content=\"11 minutos\" \/>\n<script type=\"application\/ld+json\" class=\"yoast-schema-graph\">{\"@context\":\"https:\\\/\\\/schema.org\",\"@graph\":[{\"@type\":\"Article\",\"@id\":\"https:\\\/\\\/www.siegfriedhagl.com\\\/gedenktage\\\/ein-welthistorischer-tag\\\/#article\",\"isPartOf\":{\"@id\":\"https:\\\/\\\/www.siegfriedhagl.com\\\/gedenktage\\\/ein-welthistorischer-tag\\\/\"},\"author\":{\"name\":\"siegfriedhagl\",\"@id\":\"https:\\\/\\\/www.siegfriedhagl.com\\\/#\\\/schema\\\/person\\\/263c4a916fa13b3e7eda58f6c8c2695f\"},\"headline\":\"Ein welthistorischer Tag\",\"datePublished\":\"2009-05-10T16:44:26+00:00\",\"dateModified\":\"2024-06-26T11:09:16+00:00\",\"mainEntityOfPage\":{\"@id\":\"https:\\\/\\\/www.siegfriedhagl.com\\\/gedenktage\\\/ein-welthistorischer-tag\\\/\"},\"wordCount\":2056,\"publisher\":{\"@id\":\"https:\\\/\\\/www.siegfriedhagl.com\\\/#\\\/schema\\\/person\\\/263c4a916fa13b3e7eda58f6c8c2695f\"},\"articleSection\":[\"Gedenktage\"],\"inLanguage\":\"es\"},{\"@type\":\"WebPage\",\"@id\":\"https:\\\/\\\/www.siegfriedhagl.com\\\/gedenktage\\\/ein-welthistorischer-tag\\\/\",\"url\":\"https:\\\/\\\/www.siegfriedhagl.com\\\/gedenktage\\\/ein-welthistorischer-tag\\\/\",\"name\":\"Ein welthistorischer Tag &#8211; SiegfriedHagl.com\",\"isPartOf\":{\"@id\":\"https:\\\/\\\/www.siegfriedhagl.com\\\/#website\"},\"datePublished\":\"2009-05-10T16:44:26+00:00\",\"dateModified\":\"2024-06-26T11:09:16+00:00\",\"breadcrumb\":{\"@id\":\"https:\\\/\\\/www.siegfriedhagl.com\\\/gedenktage\\\/ein-welthistorischer-tag\\\/#breadcrumb\"},\"inLanguage\":\"es\",\"potentialAction\":[{\"@type\":\"ReadAction\",\"target\":[\"https:\\\/\\\/www.siegfriedhagl.com\\\/gedenktage\\\/ein-welthistorischer-tag\\\/\"]}]},{\"@type\":\"BreadcrumbList\",\"@id\":\"https:\\\/\\\/www.siegfriedhagl.com\\\/gedenktage\\\/ein-welthistorischer-tag\\\/#breadcrumb\",\"itemListElement\":[{\"@type\":\"ListItem\",\"position\":1,\"name\":\"Startseite\",\"item\":\"https:\\\/\\\/www.siegfriedhagl.com\\\/\"},{\"@type\":\"ListItem\",\"position\":2,\"name\":\"Ein welthistorischer Tag\"}]},{\"@type\":\"WebSite\",\"@id\":\"https:\\\/\\\/www.siegfriedhagl.com\\\/#website\",\"url\":\"https:\\\/\\\/www.siegfriedhagl.com\\\/\",\"name\":\"SiegfriedHagl.com\",\"description\":\"Artikel und Blog von Siegfried Hagl\",\"publisher\":{\"@id\":\"https:\\\/\\\/www.siegfriedhagl.com\\\/#\\\/schema\\\/person\\\/263c4a916fa13b3e7eda58f6c8c2695f\"},\"potentialAction\":[{\"@type\":\"SearchAction\",\"target\":{\"@type\":\"EntryPoint\",\"urlTemplate\":\"https:\\\/\\\/www.siegfriedhagl.com\\\/?s={search_term_string}\"},\"query-input\":{\"@type\":\"PropertyValueSpecification\",\"valueRequired\":true,\"valueName\":\"search_term_string\"}}],\"inLanguage\":\"es\"},{\"@type\":[\"Person\",\"Organization\"],\"@id\":\"https:\\\/\\\/www.siegfriedhagl.com\\\/#\\\/schema\\\/person\\\/263c4a916fa13b3e7eda58f6c8c2695f\",\"name\":\"siegfriedhagl\",\"image\":{\"@type\":\"ImageObject\",\"inLanguage\":\"es\",\"@id\":\"https:\\\/\\\/secure.gravatar.com\\\/avatar\\\/45b010d0734a07d6fa163753be02d78684ff4128f419d6ee0a0370de54233f1c?s=96&d=mm&r=g\",\"url\":\"https:\\\/\\\/secure.gravatar.com\\\/avatar\\\/45b010d0734a07d6fa163753be02d78684ff4128f419d6ee0a0370de54233f1c?s=96&d=mm&r=g\",\"contentUrl\":\"https:\\\/\\\/secure.gravatar.com\\\/avatar\\\/45b010d0734a07d6fa163753be02d78684ff4128f419d6ee0a0370de54233f1c?s=96&d=mm&r=g\",\"caption\":\"siegfriedhagl\"},\"logo\":{\"@id\":\"https:\\\/\\\/secure.gravatar.com\\\/avatar\\\/45b010d0734a07d6fa163753be02d78684ff4128f419d6ee0a0370de54233f1c?s=96&d=mm&r=g\"},\"sameAs\":[\"http:\\\/\\\/www.hagl.net\"]}]}<\/script>\n<!-- \/ Yoast SEO plugin. -->","yoast_head_json":{"title":"Un d\u00eda hist\u00f3rico para el mundo - SiegfriedHagl.com","robots":{"index":"index","follow":"follow","max-snippet":"max-snippet:-1","max-image-preview":"max-image-preview:large","max-video-preview":"max-video-preview:-1"},"canonical":"https:\/\/www.siegfriedhagl.com\/es\/dias-de-conmemoracion\/un-dia-historico-mundial\/","og_locale":"es_ES","og_type":"article","og_title":"Ein welthistorischer Tag &#8211; SiegfriedHagl.com","og_description":"\u00a0(Ver\u00f6ffentlicht in GralsWelt 20\/2001) Am 6. Dezembers 1941 verlie\u00df Abd-ru-shin (1875-1941) diese Erde. Hier wird beschrieben, was sich zu dieser Zeit welthistorisch ereignete. Europa Anfang Dezember 1941: Der Zweite Weltkrieg hat in der Form des \u201eeurop\u00e4ischen Krieges&#8220; einen ersten H\u00f6hepunkt erreicht. Zwei Jahre lang waren deutsche Truppen von Sieg zu Sieg geeilt. Sie hatten das [&hellip;]","og_url":"https:\/\/www.siegfriedhagl.com\/es\/dias-de-conmemoracion\/un-dia-historico-mundial\/","og_site_name":"SiegfriedHagl.com","article_published_time":"2009-05-10T16:44:26+00:00","article_modified_time":"2024-06-26T11:09:16+00:00","author":"siegfriedhagl","twitter_card":"summary_large_image","twitter_misc":{"Escrito por":"siegfriedhagl","Tiempo de lectura":"11 minutos"},"schema":{"@context":"https:\/\/schema.org","@graph":[{"@type":"Article","@id":"https:\/\/www.siegfriedhagl.com\/gedenktage\/ein-welthistorischer-tag\/#article","isPartOf":{"@id":"https:\/\/www.siegfriedhagl.com\/gedenktage\/ein-welthistorischer-tag\/"},"author":{"name":"siegfriedhagl","@id":"https:\/\/www.siegfriedhagl.com\/#\/schema\/person\/263c4a916fa13b3e7eda58f6c8c2695f"},"headline":"Ein welthistorischer Tag","datePublished":"2009-05-10T16:44:26+00:00","dateModified":"2024-06-26T11:09:16+00:00","mainEntityOfPage":{"@id":"https:\/\/www.siegfriedhagl.com\/gedenktage\/ein-welthistorischer-tag\/"},"wordCount":2056,"publisher":{"@id":"https:\/\/www.siegfriedhagl.com\/#\/schema\/person\/263c4a916fa13b3e7eda58f6c8c2695f"},"articleSection":["Gedenktage"],"inLanguage":"es"},{"@type":"WebPage","@id":"https:\/\/www.siegfriedhagl.com\/gedenktage\/ein-welthistorischer-tag\/","url":"https:\/\/www.siegfriedhagl.com\/gedenktage\/ein-welthistorischer-tag\/","name":"Un d\u00eda hist\u00f3rico para el mundo - SiegfriedHagl.com","isPartOf":{"@id":"https:\/\/www.siegfriedhagl.com\/#website"},"datePublished":"2009-05-10T16:44:26+00:00","dateModified":"2024-06-26T11:09:16+00:00","breadcrumb":{"@id":"https:\/\/www.siegfriedhagl.com\/gedenktage\/ein-welthistorischer-tag\/#breadcrumb"},"inLanguage":"es","potentialAction":[{"@type":"ReadAction","target":["https:\/\/www.siegfriedhagl.com\/gedenktage\/ein-welthistorischer-tag\/"]}]},{"@type":"BreadcrumbList","@id":"https:\/\/www.siegfriedhagl.com\/gedenktage\/ein-welthistorischer-tag\/#breadcrumb","itemListElement":[{"@type":"ListItem","position":1,"name":"Startseite","item":"https:\/\/www.siegfriedhagl.com\/"},{"@type":"ListItem","position":2,"name":"Ein welthistorischer Tag"}]},{"@type":"WebSite","@id":"https:\/\/www.siegfriedhagl.com\/#website","url":"https:\/\/www.siegfriedhagl.com\/","name":"SiegfriedHagl.com","description":"Art\u00edculo y blog de Siegfried Hagl","publisher":{"@id":"https:\/\/www.siegfriedhagl.com\/#\/schema\/person\/263c4a916fa13b3e7eda58f6c8c2695f"},"potentialAction":[{"@type":"SearchAction","target":{"@type":"EntryPoint","urlTemplate":"https:\/\/www.siegfriedhagl.com\/?s={search_term_string}"},"query-input":{"@type":"PropertyValueSpecification","valueRequired":true,"valueName":"search_term_string"}}],"inLanguage":"es"},{"@type":["Person","Organization"],"@id":"https:\/\/www.siegfriedhagl.com\/#\/schema\/person\/263c4a916fa13b3e7eda58f6c8c2695f","name":"siegfriedhagl","image":{"@type":"ImageObject","inLanguage":"es","@id":"https:\/\/secure.gravatar.com\/avatar\/45b010d0734a07d6fa163753be02d78684ff4128f419d6ee0a0370de54233f1c?s=96&d=mm&r=g","url":"https:\/\/secure.gravatar.com\/avatar\/45b010d0734a07d6fa163753be02d78684ff4128f419d6ee0a0370de54233f1c?s=96&d=mm&r=g","contentUrl":"https:\/\/secure.gravatar.com\/avatar\/45b010d0734a07d6fa163753be02d78684ff4128f419d6ee0a0370de54233f1c?s=96&d=mm&r=g","caption":"siegfriedhagl"},"logo":{"@id":"https:\/\/secure.gravatar.com\/avatar\/45b010d0734a07d6fa163753be02d78684ff4128f419d6ee0a0370de54233f1c?s=96&d=mm&r=g"},"sameAs":["http:\/\/www.hagl.net"]}]}},"_links":{"self":[{"href":"https:\/\/www.siegfriedhagl.com\/es\/wp-json\/wp\/v2\/posts\/1100","targetHints":{"allow":["GET"]}}],"collection":[{"href":"https:\/\/www.siegfriedhagl.com\/es\/wp-json\/wp\/v2\/posts"}],"about":[{"href":"https:\/\/www.siegfriedhagl.com\/es\/wp-json\/wp\/v2\/types\/post"}],"author":[{"embeddable":true,"href":"https:\/\/www.siegfriedhagl.com\/es\/wp-json\/wp\/v2\/users\/2"}],"replies":[{"embeddable":true,"href":"https:\/\/www.siegfriedhagl.com\/es\/wp-json\/wp\/v2\/comments?post=1100"}],"version-history":[{"count":39,"href":"https:\/\/www.siegfriedhagl.com\/es\/wp-json\/wp\/v2\/posts\/1100\/revisions"}],"predecessor-version":[{"id":11021,"href":"https:\/\/www.siegfriedhagl.com\/es\/wp-json\/wp\/v2\/posts\/1100\/revisions\/11021"}],"wp:attachment":[{"href":"https:\/\/www.siegfriedhagl.com\/es\/wp-json\/wp\/v2\/media?parent=1100"}],"wp:term":[{"taxonomy":"category","embeddable":true,"href":"https:\/\/www.siegfriedhagl.com\/es\/wp-json\/wp\/v2\/categories?post=1100"},{"taxonomy":"post_tag","embeddable":true,"href":"https:\/\/www.siegfriedhagl.com\/es\/wp-json\/wp\/v2\/tags?post=1100"}],"curies":[{"name":"wp","href":"https:\/\/api.w.org\/{rel}","templated":true}]}}